{"id":44950,"date":"2022-10-12T00:00:00","date_gmt":"2022-10-11T23:00:00","guid":{"rendered":"https:\/\/imagazine.it\/?p=44950"},"modified":"2022-10-12T00:00:00","modified_gmt":"2022-10-11T23:00:00","slug":"primo-passo-verso-il-museo-diffuso-delle-cave-e-della-pietra-di-aurisina","status":"publish","type":"post","link":"https:\/\/imagazine.it\/home_desk\/primo-passo-verso-il-museo-diffuso-delle-cave-e-della-pietra-di-aurisina\/","title":{"rendered":"Primo passo verso il Museo diffuso delle Cave e della Pietra di Aurisina"},"content":{"rendered":"<p> \tIl <strong>Museo diffuso delle Cave e della Pietra di Aurisina \/ Muzej Nabre\u017einskega Kamna in Kamnolomov<\/strong> non ha pareti, ma consente di raccontare il territorio su base tematica,\u00a0valorizzando gli aspetti distintivi del comune di Duino Aurisina: le cave romane, i geositi, i siti preistorici, le architetture in pietra, le memorie documentali delle aziende marmifere e del territorio, gli itinerari naturalistici e storici, nella cornice pi\u00f9 ampia del futuro Geoparco del Carso di cui \u00e8 parte essenziale.<\/p>\n<p> \tLo ha sottolineato il sindaco del Comune di Duino Aurisina \/ Devin Nabre\u017eina, <strong>Igor Gabrovec<\/strong>, in occasione della conferenza stampa di presentazione della prima tappa del percorso verso la realizzazione del Museo, condivisa con il \u201cTavolo della Pietra e delle Cave\u201d istituito dall\u2019Amministrazione comunale nell\u2019ambito del progetto del Geoparco del Carso.<\/p>\n<p> \t\u201cSi inaugura finalmente la strada verso il Museo diffuso delle Cave e della Pietra di Aurisina &#8211; Muzej nabre\u017einskega kamna in kamnolomov \u2013 ha aggiunto l\u2019assessore alla Cultura <strong>Marjanka Ban <\/strong>\u2013 un progetto che ha grandi ambizioni e che potr\u00e0 dare il risalto che si merita ad uno degli elementi fondamentali del nostro territorio. La storia della pietra di Aurisina, trasportata in diverse parti del mondo per creare costruzioni importanti, le testimonianze dei cavatori e degli scalpellini, recuperate dai ricercatori appassionati di storia dei paesi e dei mestieri e non per ultimo le opere degli artisti che sfidano questo materiale duro con il proprio talento, diventeranno nel museo diffuso un insieme unico del quale possiamo gi\u00e0 essere orgogliosi\u201d.<\/p>\n<p> \tL&#39;assessore regionale alla difesa dell&#39;ambiente, energia e sviluppo sostenibile, <strong>Fabio Scoccimarro<\/strong>, esprimendo il suo apprezzamento per l&#39;iniziativa, ha sottolineato l&#39;importanza per questo piccolo ma splendido territorio, di pensare alla grande e di promuovere proprio quell&#39;intreccio di diversit\u00e0 che, da sempre lo caratterizza, anche in vista della candidatura all&#39;Unesco del progetto del Geoparco del Carso.<\/p>\n<p> \tNel corso della conferenza stampa \u00e8 stato presentato per la prima volta il logo \u201c<em>Kamen<\/em>\u201d, pietra in lingua slovena \u2013 acronimo di Kras\/Carso, Arte, Museo, Etnografia, Natura \u2013 ideato dalla graphic designer <strong>Elisabetta Birsa<\/strong> con la collaborazione dell\u2019ingegnere <strong>Lenart Legi\u0161a<\/strong>. Una composizione grafica condivisa con il \u201cTavolo della Pietra e delle Cave\u201d, i cui colori richiamano il futuro Geoparco del Carso, mentre la lettera \u201cM\u201d evoca l\u2019importante viadotto ferroviario, simbolo del comune di Aurisina.<\/p>\n<p> \tLa presidente dell\u2019Associazione Casa C.A.V.E. \u2013 Contemporary Art Visogliano\/Vi\u017eovlje Europe <strong>Fabiola Faidiga<\/strong> ha illustrato, assieme a <strong>Maddalena Giuffrida<\/strong>, l\u2019evento inaugurale di Kamen con l\u2019anteprima dell\u2019Itinerario n. 1 \u201cLa via della pietra\u201d, progettato da Sara Famiani, in programma <strong>sabato 15 ottobre<\/strong>, nell\u2019ambito dell\u2019ottava edizione della rassegna \u201cL\u2019Energia dei Luoghi &#8211; Festival del Vento e della Pietra\u201d.<\/p>\n<p> \tIl programma, organizzato in collaborazione con \u201cL\u2019Energia dei Luoghi \u2013 Festival del Vento e della Pietra\u201d e &#8220;Duino Book &#8211; Storie d&#39;Europa tra Pietre, Angeli e Vini\u201d, prevede il ritrovo alle ore 16.00 davanti al Municipio, in localit\u00e0 Aurisina Cave  Nabre\u017eina Kamnolomi, 25, da dove si partir\u00e0 per una passeggiata a cura delle guide naturalistiche di Estplore e con il geologo<\/p>\n<p> \t<strong>Marco Manzoni<\/strong> alla scoperta dei vicini bacini marmiferi delle Cave Romane di Aurisina e delle loro importanti caratteristiche storiche, geologiche e naturalistiche. Grazie alla collaborazione con la Jus Comunella di Aurisina-Nabrezina si giunger\u00e0 sino al fondo del magnifico Bacino Ivere 3.<\/p>\n<p> \tNel corso dell\u2019itinerario saranno proposti alcuni intermezzi performativi e artistici, che si apriranno con la Banda di Aurisina per i festeggiamenti del suo 125\u00b0 anniversario. Seguiranno la performance di danza contemporanea del Gruppo Relev\u00e8, diretta da <strong>Marjetka Markovi\u0107 Kosovac<\/strong>, e quella del Coro femminile \u201cIgo Gruden\u201d, guidato dal maestro <strong>Mirko Ferlan<\/strong>, a cura del Circolo Culturale Sloveno SKD \u201cIgo Gruden\u201d di Aurisina, in collaborazione con l&#39;azienda ZenithC.\u00a0<\/p>\n<p> \tInfine, <strong>Elena Husu e Enza De Rose<\/strong> interpreteranno le poesie di Igo Gruden, con musiche di <strong>Valentino Paglei<\/strong>, progetto fonico <strong>Bruno Guastini<\/strong>, a cura de La Contrada \u2013 Teatro Stabile di Trieste.<\/p>\n<p> \tL\u2019itinerario si concluder\u00e0 nell\u2019azienda Marmi Cortese per una \u201cbicchierata di buon auspicio per il futuro Museo Diffuso\u201d con vini e prodotti del Carso, a cura del Gruppo Ermada Flavio Vidonis, nell&#39;ambito del Progetto \u201c9\u00b0 Duino Book Storie d&#39;Europa tra Pietre, Angeli e Vini\u201d, con il partenariato dell&#39;Associazione Nazionale Citt\u00e0 Italiana del Vino.<\/p>\n<p> \t\u00a0<\/p>\n","protected":false},"excerpt":{"rendered":"<p>Presentazione con le autorit\u00e0<\/p>\n","protected":false},"author":28,"featured_media":44951,"comment_status":"closed","ping_status":"closed","sticky":false,"template":"","format":"standard","meta":{"dwc-title":[],"dwc-content":[],"footnotes":""},"categories":[37],"tags":[],"class_list":["post-44950","post","type-post","status-publish","format-standard","has-post-thumbnail","hentry","category-cultura-e-spettacolo"],"rttpg_featured_image_url":{"full":["https:\/\/imagazine.it\/wp-content\/uploads\/2024\/01\/50267-1.webp",1000,735,false],"landscape":["https:\/\/imagazine.it\/wp-content\/uploads\/2024\/01\/50267-1.webp",1000,735,false],"portraits":["https:\/\/imagazine.it\/wp-content\/uploads\/2024\/01\/50267-1.webp",1000,735,false],"thumbnail":["https:\/\/imagazine.it\/wp-content\/uploads\/2024\/01\/50267-1-150x150.webp",150,150,true],"medium":["https:\/\/imagazine.it\/wp-content\/uploads\/2024\/01\/50267-1-300x221.webp",300,221,true],"large":["https:\/\/imagazine.it\/wp-content\/uploads\/2024\/01\/50267-1.webp",640,470,false],"thumblist":["https:\/\/imagazine.it\/wp-content\/uploads\/2024\/01\/50267-1.webp",300,221,false],"thumbrelated":["https:\/\/imagazine.it\/wp-content\/uploads\/2024\/01\/50267-1.webp",500,368,false],"meccarouselthumb":["https:\/\/imagazine.it\/wp-content\/uploads\/2024\/01\/50267-1.webp",441,324,false],"gridsquare":["https:\/\/imagazine.it\/wp-content\/uploads\/2024\/01\/50267-1.webp",354,260,false],"tileview":["https:\/\/imagazine.it\/wp-content\/uploads\/2024\/01\/50267-1.webp",300,221,false],"1536x1536":["https:\/\/imagazine.it\/wp-content\/uploads\/2024\/01\/50267-1.webp",1000,735,false],"2048x2048":["https:\/\/imagazine.it\/wp-content\/uploads\/2024\/01\/50267-1.webp",1000,735,false],"newsup-slider-full":["https:\/\/imagazine.it\/wp-content\/uploads\/2024\/01\/50267-1-1000x720.webp",1000,720,true],"newsup-featured":["https:\/\/imagazine.it\/wp-content\/uploads\/2024\/01\/50267-1.webp",1000,735,false],"newsup-medium":["https:\/\/imagazine.it\/wp-content\/uploads\/2024\/01\/50267-1-720x380.webp",720,380,true],"tptn_thumbnail":["https:\/\/imagazine.it\/wp-content\/uploads\/2024\/01\/50267-1.webp",250,184,false],"sow-carousel-default":["https:\/\/imagazine.it\/wp-content\/uploads\/2024\/01\/50267-1-272x182.webp",272,182,true]},"rttpg_author":{"display_name":"redazione","author_link":"https:\/\/imagazine.it\/home_desk\/author\/redazione\/"},"rttpg_comment":0,"rttpg_category":"<a href=\"https:\/\/imagazine.it\/home_desk\/category\/cultura-e-spettacolo\/\" rel=\"category tag\">CULTURA&amp;SPETTACOLO<\/a>","rttpg_excerpt":"Presentazione con le autorit\u00e0","_links":{"self":[{"href":"https:\/\/imagazine.it\/home_desk\/wp-json\/wp\/v2\/posts\/44950","targetHints":{"allow":["GET"]}}],"collection":[{"href":"https:\/\/imagazine.it\/home_desk\/wp-json\/wp\/v2\/posts"}],"about":[{"href":"https:\/\/imagazine.it\/home_desk\/wp-json\/wp\/v2\/types\/post"}],"author":[{"embeddable":true,"href":"https:\/\/imagazine.it\/home_desk\/wp-json\/wp\/v2\/users\/28"}],"replies":[{"embeddable":true,"href":"https:\/\/imagazine.it\/home_desk\/wp-json\/wp\/v2\/comments?post=44950"}],"version-history":[{"count":0,"href":"https:\/\/imagazine.it\/home_desk\/wp-json\/wp\/v2\/posts\/44950\/revisions"}],"wp:featuredmedia":[{"embeddable":true,"href":"https:\/\/imagazine.it\/home_desk\/wp-json\/wp\/v2\/media\/44951"}],"wp:attachment":[{"href":"https:\/\/imagazine.it\/home_desk\/wp-json\/wp\/v2\/media?parent=44950"}],"wp:term":[{"taxonomy":"category","embeddable":true,"href":"https:\/\/imagazine.it\/home_desk\/wp-json\/wp\/v2\/categories?post=44950"},{"taxonomy":"post_tag","embeddable":true,"href":"https:\/\/imagazine.it\/home_desk\/wp-json\/wp\/v2\/tags?post=44950"}],"curies":[{"name":"wp","href":"https:\/\/api.w.org\/{rel}","templated":true}]}}