{"id":44932,"date":"2022-10-11T00:00:00","date_gmt":"2022-10-10T23:00:00","guid":{"rendered":"https:\/\/imagazine.it\/?p=44932"},"modified":"2022-10-11T00:00:00","modified_gmt":"2022-10-10T23:00:00","slug":"shakespeare-apre-la-stagione-teatrale-di-palmanova","status":"publish","type":"post","link":"https:\/\/imagazine.it\/home_desk\/shakespeare-apre-la-stagione-teatrale-di-palmanova\/","title":{"rendered":"Shakespeare apre la stagione teatrale di Palmanova"},"content":{"rendered":"<p> \tPresentata la <strong>Stagione 2022\/2023 del Teatro Gustavo Modena<\/strong>. Sono sette gli appuntamenti di prosa, musica e danza inseriti nel cartellone promosso dal <strong>Comune di Palmanova<\/strong> e dall\u2019<strong>Ente Regionale Teatrale del Friuli Venezia Giulia <\/strong>con il sostegno della Regione FVG.<\/p>\n<p> \tLa stagione inizier\u00e0 con uno degli autori pi\u00f9 rappresentati della storia del Teatro. Domenica 13 novembre andr\u00e0 in scena <strong><em>Il mercante di Venezia<\/em><\/strong> di William Shakespeare nella traduzione di Masolino D\u2019Amico e nell\u2019allestimento del Teatro Stabile del Friuli Venezia Giulia per la regia di Paolo Valerio. La complessa e sfaccettata figura dell\u2019usuraio Shylock sar\u00e0 interpretata da Franco Branciaroli, stella in un cast di attori di assoluto livello.\u00a0<\/p>\n<p> \t\u00c8 un sogno di molti quello di potersi esibire su un palcoscenico prestigioso insieme a uno dei propri allievi pi\u00f9 brillanti e, viceversa, insieme al proprio maestro. Questo accadr\u00e0 al Teatro Modena venerd\u00ec 2 dicembre con i pianisti Luca Trabucco e Matteo Bevilacqua, accompagnati dalla FVG Orchestra diretta da Paolo Paroni, per il concerto <strong><em>Il maestro e l\u2019allievo<\/em><\/strong>. In programma pagine di Ravel e Debussy.<\/p>\n<p> \t<strong><em>Tradimenti<\/em><\/strong>, testo del premio Nobel Harold Pinter, inaugura il 2022 teatrale di Palmanova gioved\u00ec 19 gennaio. La narrazione della vicenda di un triangolo amoroso, raccontato a partire dalla sua conclusione per giungere alla genesi, \u00e8 affidata a Stefano Braschi, Stefania Medri e Michele Sinisi che ne cura anche la regia.<\/p>\n<p> \tVenerd\u00ec 3 febbraio &#8211; diretti da Marco Rampoldi &#8211; Laura Curino, Antonio Cornacchione, Max Pisu, Rita Pelusio saliranno sul palco per portare in scena <strong><em>Pigiama per sei<\/em><\/strong> di Marc Camoletti. Un meccanismo perfetto in cui i ruoli si scambiano, si intrecciano e si deformano fino al punto in cui nessuno sa pi\u00f9 che personaggio sta interpretando. Uno spettacolo lieve, veloce, divertente, che non rinuncia per\u00f2 a fare uno spaccato impietoso della vacuit\u00e0 che caratterizza i rapporti umani.\u00a0<\/p>\n<p> \tLa danza incontra la scultura marted\u00ec 7 marzo con il nuovo lavoro della RBR Dance Company | Gli illusionisti della danza: <strong><em>Canova Svelato<\/em><\/strong>. Giochi di luce, musiche incalzanti e un cast di ballerini-acrobati anima le opere del principale scultore del Neoclassicismo, dando loro una nuova vita e stimolando la riflessione in chi guarda. Non solo emozione, ma anche il bisogno di prendersi cura del nostro mondo prima che svanisca, come un\u2019illusione.<\/p>\n<p> \tFar\u00e0 tappa a Palmanova gioved\u00ec 23 marzo la tourn\u00e9e di Gioele Dix con il suo nuovo spettacolo: <strong><em>La corsa dietro il vento \u2013 Dino Buzzati o l\u2019incanto del mondo<\/em><\/strong>. I testi dello scrittore bellunese sono uno spunto per restituire al pubblico un avvincente mosaico di personaggi e vicende umane. Sul palco insieme a Dix, la giovane Valentina Cardinali.<\/p>\n<p> \tLa chiusura della Stagione 2022\/2023 del Teatro Modena \u00e8 affidata a Lella Costa. Mercoled\u00ec 19 aprile riflettori accesi sulle donne illustri e incredibili protagoniste di <strong><em>Se non posso ballare\u2026 non \u00e8 la mia rivoluzione<\/em><\/strong>, testo di Serena Dandini, interpretato dall\u2019attrice milanese diretta da Serena Sinigaglia. Molto pi\u00f9 di un catalogo di voci valorose, ma la necessaria condivisione del segno che tante donne, spesso dimenticate, hanno lasciato sulla nostra storia.<\/p>\n<p> \tLa grande <strong>novit\u00e0<\/strong> della stagione \u00e8 rappresentata dal progetto <strong><em>A Teatro | Dalla scuola alla sala<\/em><\/strong> attraverso cui il Comune avvia un percorso di collaborazione con le scuole secondarie di secondo grado finalizzato all\u2019avvicinamento al teatro. Gli studenti dell\u2019Istituto Einaudi\/Mattei di Palmanova svolgeranno un percorso didattico con insegnanti, un attore professionista e una psicologa per entrare e comprendere i meccanismi di un\u2019opera teatrale, dal testo alla recitazione, passando alla messa in scena. Con la mediazione della psicologa, inoltre, verranno approfondite le tematiche legate agli stereotipi. Tre sono gli spettacoli individuati all\u2019interno del cartellone: <em>Il mercante di Venezia<\/em>, <em>Se non posso ballare\u2026 non \u00e8 la mia rivoluzione<\/em> e <em>La corsa dietro il vento<\/em>.<\/p>\n<p> \tUn\u2019ulteriore novit\u00e0 riguarda la collaborazione tra il Comune di Palmanova e i Comuni limitrofi per i quali il <strong>Gustavo Modena<\/strong> <strong>rappresenta il<\/strong> <strong>\u201cteatro del territorio\u201d<\/strong>. In questo senso, anche per dare un segnale ai soggetti culturali che hanno garantito in questi anni la vitalit\u00e0 delle comunit\u00e0, la riduzione sui biglietti sar\u00e0 estesa anche alle associazioni culturali dei Comuni <strong>di Aiello, Bagnaria Arsa, Bicinicco, Chiopris-Viscone, Gonars, Santa Maria La Longa, San Vito al Torre, Trivignano Udinese, Visco<\/strong>. Un modo per favorire il ritorno in sala, ma soprattutto per dare un riconoscimento al volontariato culturale e a tutti quei soggetti che costituiscono una rete che collabora nelle varie iniziative sul territorio.<\/p>\n<p> \t\u00abLa stagione del Modena \u2013 afferma <strong>Silvia Savi<\/strong>, assessore alla Cultura di Palmanova, intervenuta assieme al sindaco <strong>Giuseppe Tellini<\/strong> \u2013 conferma la qualit\u00e0 della proposta dell\u2019ERT. Anche quest\u2019anno abbiamo mantenuto una variet\u00e0 che abbraccia prosa, danza e musica. Le novit\u00e0 riguardano i progetti collaterali e le collaborazioni con cui l\u2019amministrazione comunale intende favorire la crescita di un nuovo pubblico a partire dai giovani e dalle nostre scuole, oltre che dalle associazioni culturali del territorio. Ringrazio Renato Manzoni per la competenza e la dedizione mostrate, di cui sicuramente faremo ancora tesoro, e ringrazio l\u2019Istituto Einaudi Mattei e le amministrazioni comunali che stanno collaborando a promuovere il ritorno a teatro\u00bb.<\/p>\n<p> \tLe fa eco il direttore dell\u2019ERT, <strong>Renato Manzoni<\/strong>: \u00abDi concerto con l\u2019amministrazione comunale, come Circuito regionale portiamo avanti da sempre un attento lavoro sul territorio che punta a fidelizzare il pubblico attraverso una proposta culturale di grande qualit\u00e0. Il cartellone del Teatro Modena pu\u00f2 competere con i cartelloni dei maggiori teatri della regione\u00bb.\u00a0<\/p>\n<p> \tLa <strong>campagna abbonamenti<\/strong> 2022\/2023 si terr\u00e0 in Teatro con il seguente calendario: rinnovo abbonamenti dal 18 al 22 ottobre dalle 17.30 alle 19.45; sottoscrizione nuovi abbonamenti dal 24 al 27 ottobre dalle 17.30 alle 19.45. La prevendita dei biglietti avverr\u00e0 nei due giorni precedenti lo spettacolo, sempre in Teatro, dalle 17.30 alle 19.45 e il giorno dello spettacolo dalle 17.30.<\/p>\n<p> \tPer informazioni telefonare allo 0432.924148 (Teatro Modena) oppure allo 0432.922131 (Ufficio Cultura del Comune), maggiori informazioni sugli spettacoli anche al sito <u><a href=\"http:\/\/ertfvg.it\" target=\"_blank\" rel=\"noopener\"><span style=\"color:#0000cd;\">ertfvg.it<\/span><\/a><\/u>.<\/p>\n<p> \t\u00a0<\/p>\n","protected":false},"excerpt":{"rendered":"<p>Cartellone promosso da Comune e ERT<\/p>\n","protected":false},"author":28,"featured_media":44933,"comment_status":"closed","ping_status":"closed","sticky":false,"template":"","format":"standard","meta":{"dwc-title":[],"dwc-content":[],"footnotes":""},"categories":[37],"tags":[],"class_list":["post-44932","post","type-post","status-publish","format-standard","has-post-thumbnail","hentry","category-cultura-e-spettacolo"],"rttpg_featured_image_url":{"full":["https:\/\/imagazine.it\/wp-content\/uploads\/2024\/01\/50242-1-scaled.webp",2560,1707,false],"landscape":["https:\/\/imagazine.it\/wp-content\/uploads\/2024\/01\/50242-1-scaled.webp",2560,1707,false],"portraits":["https:\/\/imagazine.it\/wp-content\/uploads\/2024\/01\/50242-1-scaled.webp",2560,1707,false],"thumbnail":["https:\/\/imagazine.it\/wp-content\/uploads\/2024\/01\/50242-1-150x150.webp",150,150,true],"medium":["https:\/\/imagazine.it\/wp-content\/uploads\/2024\/01\/50242-1-300x200.webp",300,200,true],"large":["https:\/\/imagazine.it\/wp-content\/uploads\/2024\/01\/50242-1-1024x683.webp",640,427,true],"thumblist":["https:\/\/imagazine.it\/wp-content\/uploads\/2024\/01\/50242-1-scaled.webp",300,200,false],"thumbrelated":["https:\/\/imagazine.it\/wp-content\/uploads\/2024\/01\/50242-1-scaled.webp",500,333,false],"meccarouselthumb":["https:\/\/imagazine.it\/wp-content\/uploads\/2024\/01\/50242-1-scaled.webp",474,316,false],"gridsquare":["https:\/\/imagazine.it\/wp-content\/uploads\/2024\/01\/50242-1-scaled.webp",391,260,false],"tileview":["https:\/\/imagazine.it\/wp-content\/uploads\/2024\/01\/50242-1-scaled.webp",300,200,false],"1536x1536":["https:\/\/imagazine.it\/wp-content\/uploads\/2024\/01\/50242-1-1536x1024.webp",1536,1024,true],"2048x2048":["https:\/\/imagazine.it\/wp-content\/uploads\/2024\/01\/50242-1-2048x1365.webp",2048,1365,true],"newsup-slider-full":["https:\/\/imagazine.it\/wp-content\/uploads\/2024\/01\/50242-1-1280x720.webp",1280,720,true],"newsup-featured":["https:\/\/imagazine.it\/wp-content\/uploads\/2024\/01\/50242-1-1024x683.webp",1024,683,true],"newsup-medium":["https:\/\/imagazine.it\/wp-content\/uploads\/2024\/01\/50242-1-720x380.webp",720,380,true],"tptn_thumbnail":["https:\/\/imagazine.it\/wp-content\/uploads\/2024\/01\/50242-1-scaled.webp",250,167,false],"sow-carousel-default":["https:\/\/imagazine.it\/wp-content\/uploads\/2024\/01\/50242-1-272x182.webp",272,182,true]},"rttpg_author":{"display_name":"redazione","author_link":"https:\/\/imagazine.it\/home_desk\/author\/redazione\/"},"rttpg_comment":0,"rttpg_category":"<a href=\"https:\/\/imagazine.it\/home_desk\/category\/cultura-e-spettacolo\/\" rel=\"category tag\">CULTURA&amp;SPETTACOLO<\/a>","rttpg_excerpt":"Cartellone promosso da Comune e ERT","_links":{"self":[{"href":"https:\/\/imagazine.it\/home_desk\/wp-json\/wp\/v2\/posts\/44932","targetHints":{"allow":["GET"]}}],"collection":[{"href":"https:\/\/imagazine.it\/home_desk\/wp-json\/wp\/v2\/posts"}],"about":[{"href":"https:\/\/imagazine.it\/home_desk\/wp-json\/wp\/v2\/types\/post"}],"author":[{"embeddable":true,"href":"https:\/\/imagazine.it\/home_desk\/wp-json\/wp\/v2\/users\/28"}],"replies":[{"embeddable":true,"href":"https:\/\/imagazine.it\/home_desk\/wp-json\/wp\/v2\/comments?post=44932"}],"version-history":[{"count":0,"href":"https:\/\/imagazine.it\/home_desk\/wp-json\/wp\/v2\/posts\/44932\/revisions"}],"wp:featuredmedia":[{"embeddable":true,"href":"https:\/\/imagazine.it\/home_desk\/wp-json\/wp\/v2\/media\/44933"}],"wp:attachment":[{"href":"https:\/\/imagazine.it\/home_desk\/wp-json\/wp\/v2\/media?parent=44932"}],"wp:term":[{"taxonomy":"category","embeddable":true,"href":"https:\/\/imagazine.it\/home_desk\/wp-json\/wp\/v2\/categories?post=44932"},{"taxonomy":"post_tag","embeddable":true,"href":"https:\/\/imagazine.it\/home_desk\/wp-json\/wp\/v2\/tags?post=44932"}],"curies":[{"name":"wp","href":"https:\/\/api.w.org\/{rel}","templated":true}]}}