{"id":44908,"date":"2022-10-08T00:00:00","date_gmt":"2022-10-07T23:00:00","guid":{"rendered":"https:\/\/imagazine.it\/?p=44908"},"modified":"2022-10-08T00:00:00","modified_gmt":"2022-10-07T23:00:00","slug":"aiello-commemora-laviatore-ernesto-cabruna","status":"publish","type":"post","link":"https:\/\/imagazine.it\/home_desk\/aiello-commemora-laviatore-ernesto-cabruna\/","title":{"rendered":"Aiello commemora l&#8217;aviatore Ernesto Cabruna"},"content":{"rendered":"<p> \t\u00c8 stata scoperta ad <strong>Aiello del Friuli <\/strong>una targa dedicata al capitano carabiniere aviatore Ernesto Cabruna, asso della Prima guerra mondiale, nell\u2019aiuola all\u2019intersezione <strong>tra via Trieste e via Dante Alighieri<\/strong> (la strada che dal Pascut va verso Campolongo Tapogliano).<\/p>\n<p> \tUn\u2019iniziativa della locale <strong>Associazione carabinieri in congedo<\/strong>, con il presidente <strong>Vittorio Giglio<\/strong> che a 86 anni \u00e8 ancora molto attivo nel sodalizio.<\/p>\n<p> \tAll\u2019inaugurazione erano presenti i sindaci di Aiello del Friuli, <strong>Roberto Festa<\/strong>, di Campolongo Tapogliano, <strong>Alberto Urban<\/strong>, e di San Vito al Torre, <strong>Doretta Cettolo<\/strong>, il coordinatore dell\u2019Associazione Nazionale Carabinieri per il Friuli Venezia Giulia, <strong>generale Michele Ladislao<\/strong>, il parroco <strong>don Federico Basso<\/strong>, che ha benedetto la targa, e una moltitudine di rappresentanti delle locali sezioni dei carabinieri in congedo e di altri corpi d\u2019arma.<\/p>\n<p> \tMentre veniva scoperta la targa dal sindaco Festa e dal presidente Giglio, \u00e8 stato suonato il silenzio fuori ordinanza.<\/p>\n<p> \tDopo i saluti delle autorit\u00e0 il professor <strong>Stefano Perini<\/strong> ha tracciato il profilo del carabiniere Capitano Ernesto Cabruna. Quando, nella Prima guerra mondiale, venne destinato al campo di aviazione di Aiello, che distava poche centinaia di metri dal luogo dove \u00e8 stata scoperta la targa, e da l\u00ec part\u00ec con il suo primo volo che gli permise di abbattere il primo aereo, sopra il lago di Doberd\u00f2.<\/p>\n<p> \tFu artefice di un\u2019impresa memorabile, attacc\u00f2 da solo undici aerei austriaci (di cui 10 caccia), creando scompiglio a quella pattuglia, impedendo che bombardasse le linee italiane.<\/p>\n<p> \tInfine il 31 ottobre, in un volo di crociera sulle difese austriache, quasi al tramonto della guerra, si spinse fino al suo vecchio campo di Aiello, ormai in mano avversaria, e attacc\u00f2 una squadriglia di caccia mentre rullava per il decollo: riusc\u00ec a colpire due apparecchi che si incendiarono. Fu la sua ultima impresa. Per l&#39;azione, particolarmente meritoria perch\u00e9 compiuta in condizioni fisiche assai precarie, venne insignito della Croce di Guerra e successivamente decorato di medaglia d\u2019oro al valor militare.<\/p>\n<p> \tLa sezione dei Carabinieri in concedo dell&#39;arma dei carabinieri di Aiello del Friuli, intitolata al capitano Vittorio Bellipanni e comprendente anche Campolongo Tapogliano, San Vito al Torre e Visco, \u00e8 composta da 90 persone tra effettivi e simpatizzanti e non \u00e8 nuova a queste iniziative: si ricorda che ha intitolato una targa al capitano Vittorio Bellipanni a Crauglio (San Vito al Torre), una al generale Carlo Alberto Dalla Chiesa a Joannis (Aiello del Friuli) e nello spiazzo prospiciente la chiesa parrocchiale di San Vito al Torre, al Brigadiere Salvo D\u2019Acquisto.<\/p>\n<p> \t\u00a0<\/p>\n","protected":false},"excerpt":{"rendered":"<p>Dedicata una targa<\/p>\n","protected":false},"author":22,"featured_media":44909,"comment_status":"closed","ping_status":"closed","sticky":false,"template":"","format":"standard","meta":{"dwc-title":[],"dwc-content":[],"footnotes":""},"categories":[5],"tags":[],"class_list":["post-44908","post","type-post","status-publish","format-standard","has-post-thumbnail","hentry","category-attualita"],"rttpg_featured_image_url":{"full":["https:\/\/imagazine.it\/wp-content\/uploads\/2024\/01\/50203-1.webp",1000,599,false],"landscape":["https:\/\/imagazine.it\/wp-content\/uploads\/2024\/01\/50203-1.webp",1000,599,false],"portraits":["https:\/\/imagazine.it\/wp-content\/uploads\/2024\/01\/50203-1.webp",1000,599,false],"thumbnail":["https:\/\/imagazine.it\/wp-content\/uploads\/2024\/01\/50203-1-150x150.webp",150,150,true],"medium":["https:\/\/imagazine.it\/wp-content\/uploads\/2024\/01\/50203-1-300x180.webp",300,180,true],"large":["https:\/\/imagazine.it\/wp-content\/uploads\/2024\/01\/50203-1.webp",640,383,false],"thumblist":["https:\/\/imagazine.it\/wp-content\/uploads\/2024\/01\/50203-1.webp",300,180,false],"thumbrelated":["https:\/\/imagazine.it\/wp-content\/uploads\/2024\/01\/50203-1.webp",500,300,false],"meccarouselthumb":["https:\/\/imagazine.it\/wp-content\/uploads\/2024\/01\/50203-1.webp",474,284,false],"gridsquare":["https:\/\/imagazine.it\/wp-content\/uploads\/2024\/01\/50203-1.webp",391,234,false],"tileview":["https:\/\/imagazine.it\/wp-content\/uploads\/2024\/01\/50203-1.webp",300,180,false],"1536x1536":["https:\/\/imagazine.it\/wp-content\/uploads\/2024\/01\/50203-1.webp",1000,599,false],"2048x2048":["https:\/\/imagazine.it\/wp-content\/uploads\/2024\/01\/50203-1.webp",1000,599,false],"newsup-slider-full":["https:\/\/imagazine.it\/wp-content\/uploads\/2024\/01\/50203-1.webp",1000,599,false],"newsup-featured":["https:\/\/imagazine.it\/wp-content\/uploads\/2024\/01\/50203-1.webp",1000,599,false],"newsup-medium":["https:\/\/imagazine.it\/wp-content\/uploads\/2024\/01\/50203-1-720x380.webp",720,380,true],"tptn_thumbnail":["https:\/\/imagazine.it\/wp-content\/uploads\/2024\/01\/50203-1.webp",250,150,false],"sow-carousel-default":["https:\/\/imagazine.it\/wp-content\/uploads\/2024\/01\/50203-1-272x182.webp",272,182,true]},"rttpg_author":{"display_name":"Livio Nonis","author_link":"https:\/\/imagazine.it\/home_desk\/author\/nonis\/"},"rttpg_comment":0,"rttpg_category":"<a href=\"https:\/\/imagazine.it\/home_desk\/category\/attualita\/\" rel=\"category tag\">ATTUALIT\u00c0<\/a>","rttpg_excerpt":"Dedicata una targa","_links":{"self":[{"href":"https:\/\/imagazine.it\/home_desk\/wp-json\/wp\/v2\/posts\/44908","targetHints":{"allow":["GET"]}}],"collection":[{"href":"https:\/\/imagazine.it\/home_desk\/wp-json\/wp\/v2\/posts"}],"about":[{"href":"https:\/\/imagazine.it\/home_desk\/wp-json\/wp\/v2\/types\/post"}],"author":[{"embeddable":true,"href":"https:\/\/imagazine.it\/home_desk\/wp-json\/wp\/v2\/users\/22"}],"replies":[{"embeddable":true,"href":"https:\/\/imagazine.it\/home_desk\/wp-json\/wp\/v2\/comments?post=44908"}],"version-history":[{"count":0,"href":"https:\/\/imagazine.it\/home_desk\/wp-json\/wp\/v2\/posts\/44908\/revisions"}],"wp:featuredmedia":[{"embeddable":true,"href":"https:\/\/imagazine.it\/home_desk\/wp-json\/wp\/v2\/media\/44909"}],"wp:attachment":[{"href":"https:\/\/imagazine.it\/home_desk\/wp-json\/wp\/v2\/media?parent=44908"}],"wp:term":[{"taxonomy":"category","embeddable":true,"href":"https:\/\/imagazine.it\/home_desk\/wp-json\/wp\/v2\/categories?post=44908"},{"taxonomy":"post_tag","embeddable":true,"href":"https:\/\/imagazine.it\/home_desk\/wp-json\/wp\/v2\/tags?post=44908"}],"curies":[{"name":"wp","href":"https:\/\/api.w.org\/{rel}","templated":true}]}}