{"id":44876,"date":"2022-10-05T00:00:00","date_gmt":"2022-10-04T23:00:00","guid":{"rendered":"https:\/\/imagazine.it\/?p=44876"},"modified":"2022-10-05T00:00:00","modified_gmt":"2022-10-04T23:00:00","slug":"nuove-esperienze-internazionali-per-il-coro-monteverdi","status":"publish","type":"post","link":"https:\/\/imagazine.it\/home_desk\/nuove-esperienze-internazionali-per-il-coro-monteverdi\/","title":{"rendered":"Nuove esperienze internazionali per il Coro Monteverdi"},"content":{"rendered":"<p> \tSi \u00e8 concluso positivamente a Tarcento e Udine il \u201cFestival Internazionale Cori d&#39;Europa\u201d, manifestazione di rilevanza internazionale organizzata dal <strong>Coro Claudio Monteverdi di Ruda<\/strong> che quest\u2019anno \u00e8 giunta ininterrottamente alla 22sima edizione. Dopo avere ospitato a luglio nelle cornici di <strong>Codroipo e Aquileia<\/strong> il Coro Accademico Universitario \u201cObili\u0107\u201d di Belgrado (SRB), \u00e8 stato un successo di critica la presenza, insieme al coro di Ruda, di due formazioni corali di alto profilo provenienti entrambe dall\u2019Accademia Vocale di Genova: il \u201cGenova Vocal Ensemble\u201d e il \u201cSibi Consoni\u201d, entrambe diretti da <strong>Roberta Paraninfo<\/strong>.<\/p>\n<p> \tIl naturale evolversi di questa manifestazione internazionale \u00e8 l\u2019interscambio culturale che l\u2019associazione rappresentante della nostra regione fa periodicamente con i gruppi corali ospitati, provenienti in gran parte dall\u2019estero, e che ha portato spesso la compagine rudese ad esibirsi in tutta Europa sviluppando amicizie ed esportando il proprio bagaglio culturale nelle terre quali Slovenia, Austria, Slovacchia, Ungheria, Rep. Ceca, Polonia, Svezia, Lituania, Estonia e Portogallo.<\/p>\n<p> \tCon questa premessa, in questo ottobre \u00e8 tempo per il Coro Monteverdi di ritornare a Litom\u011b\u0159ice in Rep. Ceca, ospiti del coro Cantica Bohemica il quale \u00e8 stato recentemente ospite della manifestazione e con il quale l\u2019amicizia risale ormai dalla prima partecipazione del 2005 con un susseguirsi di scambi che tengono vivo questo rapporto musicale.<\/p>\n<p> \tIl coro del presidente <strong>Moreno Valentinuzzi<\/strong> si esibir\u00e0 venerd\u00ec 7 ottobre al Castello di Budyn\u011b nad Oh\u0159\u00ed e sabato 8 ottobre presso la Chiesa di tutti i Santi a Litom\u011b\u0159ice.<\/p>\n<p> \t\u00a0<\/p>\n","protected":false},"excerpt":{"rendered":"<p>Dopo il \u201cFestival Internazionale Cori d&#8217;Europa\u201d<\/p>\n","protected":false},"author":22,"featured_media":44877,"comment_status":"closed","ping_status":"closed","sticky":false,"template":"","format":"standard","meta":{"dwc-title":[],"dwc-content":[],"footnotes":""},"categories":[37],"tags":[],"class_list":["post-44876","post","type-post","status-publish","format-standard","has-post-thumbnail","hentry","category-cultura-e-spettacolo"],"rttpg_featured_image_url":{"full":["https:\/\/imagazine.it\/wp-content\/uploads\/2024\/01\/50080-1.webp",1000,570,false],"landscape":["https:\/\/imagazine.it\/wp-content\/uploads\/2024\/01\/50080-1.webp",1000,570,false],"portraits":["https:\/\/imagazine.it\/wp-content\/uploads\/2024\/01\/50080-1.webp",1000,570,false],"thumbnail":["https:\/\/imagazine.it\/wp-content\/uploads\/2024\/01\/50080-1-150x150.webp",150,150,true],"medium":["https:\/\/imagazine.it\/wp-content\/uploads\/2024\/01\/50080-1-300x171.webp",300,171,true],"large":["https:\/\/imagazine.it\/wp-content\/uploads\/2024\/01\/50080-1.webp",640,365,false],"thumblist":["https:\/\/imagazine.it\/wp-content\/uploads\/2024\/01\/50080-1.webp",300,171,false],"thumbrelated":["https:\/\/imagazine.it\/wp-content\/uploads\/2024\/01\/50080-1.webp",500,285,false],"meccarouselthumb":["https:\/\/imagazine.it\/wp-content\/uploads\/2024\/01\/50080-1.webp",474,270,false],"gridsquare":["https:\/\/imagazine.it\/wp-content\/uploads\/2024\/01\/50080-1.webp",391,223,false],"tileview":["https:\/\/imagazine.it\/wp-content\/uploads\/2024\/01\/50080-1.webp",300,171,false],"1536x1536":["https:\/\/imagazine.it\/wp-content\/uploads\/2024\/01\/50080-1.webp",1000,570,false],"2048x2048":["https:\/\/imagazine.it\/wp-content\/uploads\/2024\/01\/50080-1.webp",1000,570,false],"newsup-slider-full":["https:\/\/imagazine.it\/wp-content\/uploads\/2024\/01\/50080-1.webp",1000,570,false],"newsup-featured":["https:\/\/imagazine.it\/wp-content\/uploads\/2024\/01\/50080-1.webp",1000,570,false],"newsup-medium":["https:\/\/imagazine.it\/wp-content\/uploads\/2024\/01\/50080-1-720x380.webp",720,380,true],"tptn_thumbnail":["https:\/\/imagazine.it\/wp-content\/uploads\/2024\/01\/50080-1.webp",250,143,false],"sow-carousel-default":["https:\/\/imagazine.it\/wp-content\/uploads\/2024\/01\/50080-1-272x182.webp",272,182,true]},"rttpg_author":{"display_name":"Livio Nonis","author_link":"https:\/\/imagazine.it\/home_desk\/author\/nonis\/"},"rttpg_comment":0,"rttpg_category":"<a href=\"https:\/\/imagazine.it\/home_desk\/category\/cultura-e-spettacolo\/\" rel=\"category tag\">CULTURA&amp;SPETTACOLO<\/a>","rttpg_excerpt":"Dopo il \u201cFestival Internazionale Cori d'Europa\u201d","_links":{"self":[{"href":"https:\/\/imagazine.it\/home_desk\/wp-json\/wp\/v2\/posts\/44876","targetHints":{"allow":["GET"]}}],"collection":[{"href":"https:\/\/imagazine.it\/home_desk\/wp-json\/wp\/v2\/posts"}],"about":[{"href":"https:\/\/imagazine.it\/home_desk\/wp-json\/wp\/v2\/types\/post"}],"author":[{"embeddable":true,"href":"https:\/\/imagazine.it\/home_desk\/wp-json\/wp\/v2\/users\/22"}],"replies":[{"embeddable":true,"href":"https:\/\/imagazine.it\/home_desk\/wp-json\/wp\/v2\/comments?post=44876"}],"version-history":[{"count":0,"href":"https:\/\/imagazine.it\/home_desk\/wp-json\/wp\/v2\/posts\/44876\/revisions"}],"wp:featuredmedia":[{"embeddable":true,"href":"https:\/\/imagazine.it\/home_desk\/wp-json\/wp\/v2\/media\/44877"}],"wp:attachment":[{"href":"https:\/\/imagazine.it\/home_desk\/wp-json\/wp\/v2\/media?parent=44876"}],"wp:term":[{"taxonomy":"category","embeddable":true,"href":"https:\/\/imagazine.it\/home_desk\/wp-json\/wp\/v2\/categories?post=44876"},{"taxonomy":"post_tag","embeddable":true,"href":"https:\/\/imagazine.it\/home_desk\/wp-json\/wp\/v2\/tags?post=44876"}],"curies":[{"name":"wp","href":"https:\/\/api.w.org\/{rel}","templated":true}]}}