{"id":44862,"date":"2022-10-06T00:00:00","date_gmt":"2022-10-05T23:00:00","guid":{"rendered":"https:\/\/imagazine.it\/?p=44862"},"modified":"2022-10-06T00:00:00","modified_gmt":"2022-10-05T23:00:00","slug":"udine-inaugurata-la-struttura-scolastica-piu-moderna-della-regione","status":"publish","type":"post","link":"https:\/\/imagazine.it\/home_desk\/udine-inaugurata-la-struttura-scolastica-piu-moderna-della-regione\/","title":{"rendered":"Udine, inaugurata la struttura scolastica pi\u00f9 moderna della regione"},"content":{"rendered":"<p> \tInaugurata a <strong>Udine<\/strong> la &#8220;scuola polmone&#8221; nell&#39;area del centro studi.<\/p>\n<p> \tSi tratta della <strong>struttura scolastica pi\u00f9 moderna della regione<\/strong> costruita con materiali innovativi e con l&#39;impiego di molto legno. \u00c8 dotata delle tecnologie pi\u00f9 avanzate sia rispetto alla riduzione dei consumi energetici (completamente alimentata da energie rinnovabili) che rispetto alla domotica che gestisce i sistemi di illuminazione, i serramenti e le veneziane.<\/p>\n<p> \tL&#39;istituto \u00e8 stato realizzato in meno di otto mesi. Il costo complessivo \u00e8 stato di circa <strong>7 milioni di euro<\/strong>: ai fondi regionali si sono poi aggiunti fondi ministeriali. Pu\u00f2 ospitare fino a settecento studenti.<\/p>\n<p> \tAttualmente accoglie gli studenti del liceo Marinelli di Udine dove si stanno realizzando lavori di ristrutturazione. In futuro accoglier\u00e0 gli studenti delle altre scuole che saranno sottoposte a lavori evitando cos\u00ec i disagi a ragazzi e famiglie. &#8220;Una scuola realizzata in tempi record, con procedure e autorizzazioni agevolate che hanno consentito alla pubblica amministrazione di essere messa nelle condizioni di accelerare le procedure e costruire in tempi davvero velocissimi. L&#39;istituto inoltre \u00e8 a consumo energetico zero in quanto sfrutta le pi\u00f9 moderne evoluzioni dell&#39;edilizia, delle energie rinnovabili e della domotica. E questo \u00e8 un elemento fondamentale, in particolare per il sistema pubblico rispetto agli obiettivi che ci siamo dati per l&#39;abbattimento delle emissioni, visti i tempi di crisi energetica che stiamo attraversando. Da sottolineare poi la funzione di scuola &#8220;polmone&#8221; che dar\u00e0 la possibilit\u00e0 di spostare gli studenti senza disagi quando le diverse scuole di Udine dovranno via via essere sottoposte ai lavori. Una struttura di altissimo livello: un esempio virtuoso del Friuli Venezia Giulia che far\u00e0 &#8220;scuola&#8221; a livello nazionale&#8221;, ha dichiarato il governatore del Friuli Venezia Giulia, <strong>Massimiliano Fedriga<\/strong>.<\/p>\n<p> \t&#8220;Una struttura davvero all&#39;avanguardia &#8211; ha sottolineato l&#39;assessore alle Autonomie locali <strong>Pierpaolo Roberti<\/strong>, presente all&#39;inaugurazione alla quale hanno partecipato anche gli assessori alle Infrastrutture <strong>Graziano Pizzimenti<\/strong> e alle Finanze <strong>Barbara Zilli<\/strong> &#8211; realizzata dall&#39;Ente di decentramento regionale (Edr). In tempi davvero rapidi siamo riusciti a individuare l&#39;area, progettare e realizzare un&#39;opera modello di questo tipo che oggi ospita settecento studenti gi\u00e0 sui banchi. L&#39;orgoglio, dunque, non \u00e8 soltanto per l&#39;opera in s\u00e9 ma per come una squadra sia riuscita a portarla a termine in cos\u00ec poco tempo&#8221;.<\/p>\n<p> \t\u00a0<\/p>\n","protected":false},"excerpt":{"rendered":"<p>Guarda il video<\/p>\n","protected":false},"author":28,"featured_media":44863,"comment_status":"closed","ping_status":"closed","sticky":false,"template":"","format":"standard","meta":{"dwc-title":[],"dwc-content":[],"footnotes":""},"categories":[5],"tags":[],"class_list":["post-44862","post","type-post","status-publish","format-standard","has-post-thumbnail","hentry","category-attualita"],"rttpg_featured_image_url":{"full":["https:\/\/imagazine.it\/wp-content\/uploads\/2024\/01\/50058-1.webp",1000,669,false],"landscape":["https:\/\/imagazine.it\/wp-content\/uploads\/2024\/01\/50058-1.webp",1000,669,false],"portraits":["https:\/\/imagazine.it\/wp-content\/uploads\/2024\/01\/50058-1.webp",1000,669,false],"thumbnail":["https:\/\/imagazine.it\/wp-content\/uploads\/2024\/01\/50058-1-150x150.webp",150,150,true],"medium":["https:\/\/imagazine.it\/wp-content\/uploads\/2024\/01\/50058-1-300x201.webp",300,201,true],"large":["https:\/\/imagazine.it\/wp-content\/uploads\/2024\/01\/50058-1.webp",640,428,false],"thumblist":["https:\/\/imagazine.it\/wp-content\/uploads\/2024\/01\/50058-1.webp",300,201,false],"thumbrelated":["https:\/\/imagazine.it\/wp-content\/uploads\/2024\/01\/50058-1.webp",500,335,false],"meccarouselthumb":["https:\/\/imagazine.it\/wp-content\/uploads\/2024\/01\/50058-1.webp",474,317,false],"gridsquare":["https:\/\/imagazine.it\/wp-content\/uploads\/2024\/01\/50058-1.webp",389,260,false],"tileview":["https:\/\/imagazine.it\/wp-content\/uploads\/2024\/01\/50058-1.webp",300,201,false],"1536x1536":["https:\/\/imagazine.it\/wp-content\/uploads\/2024\/01\/50058-1.webp",1000,669,false],"2048x2048":["https:\/\/imagazine.it\/wp-content\/uploads\/2024\/01\/50058-1.webp",1000,669,false],"newsup-slider-full":["https:\/\/imagazine.it\/wp-content\/uploads\/2024\/01\/50058-1.webp",1000,669,false],"newsup-featured":["https:\/\/imagazine.it\/wp-content\/uploads\/2024\/01\/50058-1.webp",1000,669,false],"newsup-medium":["https:\/\/imagazine.it\/wp-content\/uploads\/2024\/01\/50058-1-720x380.webp",720,380,true],"tptn_thumbnail":["https:\/\/imagazine.it\/wp-content\/uploads\/2024\/01\/50058-1.webp",250,167,false],"sow-carousel-default":["https:\/\/imagazine.it\/wp-content\/uploads\/2024\/01\/50058-1-272x182.webp",272,182,true]},"rttpg_author":{"display_name":"redazione","author_link":"https:\/\/imagazine.it\/home_desk\/author\/redazione\/"},"rttpg_comment":0,"rttpg_category":"<a href=\"https:\/\/imagazine.it\/home_desk\/category\/attualita\/\" rel=\"category tag\">ATTUALIT\u00c0<\/a>","rttpg_excerpt":"Guarda il video","_links":{"self":[{"href":"https:\/\/imagazine.it\/home_desk\/wp-json\/wp\/v2\/posts\/44862","targetHints":{"allow":["GET"]}}],"collection":[{"href":"https:\/\/imagazine.it\/home_desk\/wp-json\/wp\/v2\/posts"}],"about":[{"href":"https:\/\/imagazine.it\/home_desk\/wp-json\/wp\/v2\/types\/post"}],"author":[{"embeddable":true,"href":"https:\/\/imagazine.it\/home_desk\/wp-json\/wp\/v2\/users\/28"}],"replies":[{"embeddable":true,"href":"https:\/\/imagazine.it\/home_desk\/wp-json\/wp\/v2\/comments?post=44862"}],"version-history":[{"count":0,"href":"https:\/\/imagazine.it\/home_desk\/wp-json\/wp\/v2\/posts\/44862\/revisions"}],"wp:featuredmedia":[{"embeddable":true,"href":"https:\/\/imagazine.it\/home_desk\/wp-json\/wp\/v2\/media\/44863"}],"wp:attachment":[{"href":"https:\/\/imagazine.it\/home_desk\/wp-json\/wp\/v2\/media?parent=44862"}],"wp:term":[{"taxonomy":"category","embeddable":true,"href":"https:\/\/imagazine.it\/home_desk\/wp-json\/wp\/v2\/categories?post=44862"},{"taxonomy":"post_tag","embeddable":true,"href":"https:\/\/imagazine.it\/home_desk\/wp-json\/wp\/v2\/tags?post=44862"}],"curies":[{"name":"wp","href":"https:\/\/api.w.org\/{rel}","templated":true}]}}