{"id":44858,"date":"2022-10-01T00:00:00","date_gmt":"2022-09-30T23:00:00","guid":{"rendered":"https:\/\/imagazine.it\/?p=44858"},"modified":"2022-10-01T00:00:00","modified_gmt":"2022-09-30T23:00:00","slug":"la-micologia-della-bassa-friulana-raggiunge-latisana","status":"publish","type":"post","link":"https:\/\/imagazine.it\/home_desk\/la-micologia-della-bassa-friulana-raggiunge-latisana\/","title":{"rendered":"La micologia della Bassa friulana raggiunge Latisana"},"content":{"rendered":"<p> \tL\u2019<strong>Associazione<\/strong> <strong>Micologica Bassa Friulana<\/strong> sta espandendo i propri confini visto che \u00e8 nata la sezione di <strong>Latisana<\/strong> grazie alla collaborazione tra l\u2019A.M.B.F. e l\u2019Amministrazione comunale dove \u00e8 stato trovato una convergenza nei programmi e le attivit\u00e0 che il gruppo micologico vuol proporre nel territorio.<\/p>\n<p> \tSi inizia subito con un corso (fondamentale per gli appassionati raccoglitori dei funghi) propedeutico per acquisire conoscenze e per affrontare senza difficolt\u00e0 poi l\u2019esame per il \u201cPermesso Regionale per la Raccolta Funghi\u201d.<\/p>\n<p> \tIl tutto inizier\u00e0 a Latisana dall&#39;11 al 31 di ottobre presso il \u201cCentro Polifunzionale\u201d di via Goldoni 22, che avr\u00e0 la durata di 14 ore.<\/p>\n<p> \tLe giornate di frequenza saranno comunicate all\u2019inizio delle lezioni che inizieranno comunque alle 19.30 e si protrarranno fino alle 21.30 che saranno tenute dal presidente della AMBF <strong>Giuliano Ferisin<\/strong>.<\/p>\n<p> \tPer informazioni e iscrizioni telefonare o mandare un messaggio WhatsApp allo 3381239847, oppure scrivere una mail a <a href=\"mailto:micologiabf@gmail.com\">micologiabf@gmail.com<\/a>.<\/p>\n<p> \tNegli scorsi anni tutti i partecipanti al corso sono stati promossi dalla commissione dell\u2019A.S.L., ci\u00f2 dimostra il grado elevato di preparazione che si ottiene dalla frequenza alle lezioni.<\/p>\n<p> \tL&#39;A.M.B.F. \u00e8 stata fondata a Cervignano nel febbraio 2020 da persone amanti della natura e della micologia. Nonostante i ben noti problemi dovuti alla pandemia, l\u2019attivit\u00e0 sia in campo micologico che naturalistico non si \u00e8 mai fermata, anzi \u00e8 stata molto prolifica tanto da promuovere molte attivit\u00e0 come: mostre micologiche, uscite per studio nel territorio regionale, studio e raccolta delle erbe spontanee e pubblicazioni librarie a caratteri divulgativo e scientifico.<\/p>\n<p> \t\u00a0<\/p>\n","protected":false},"excerpt":{"rendered":"<p>Nuove collaborazioni<\/p>\n","protected":false},"author":22,"featured_media":44859,"comment_status":"closed","ping_status":"closed","sticky":false,"template":"","format":"standard","meta":{"dwc-title":[],"dwc-content":[],"footnotes":""},"categories":[5],"tags":[],"class_list":["post-44858","post","type-post","status-publish","format-standard","has-post-thumbnail","hentry","category-attualita"],"rttpg_featured_image_url":{"full":["https:\/\/imagazine.it\/wp-content\/uploads\/2024\/01\/50054-1.webp",1760,1320,false],"landscape":["https:\/\/imagazine.it\/wp-content\/uploads\/2024\/01\/50054-1.webp",1760,1320,false],"portraits":["https:\/\/imagazine.it\/wp-content\/uploads\/2024\/01\/50054-1.webp",1760,1320,false],"thumbnail":["https:\/\/imagazine.it\/wp-content\/uploads\/2024\/01\/50054-1-150x150.webp",150,150,true],"medium":["https:\/\/imagazine.it\/wp-content\/uploads\/2024\/01\/50054-1-300x225.webp",300,225,true],"large":["https:\/\/imagazine.it\/wp-content\/uploads\/2024\/01\/50054-1-1024x768.webp",640,480,true],"thumblist":["https:\/\/imagazine.it\/wp-content\/uploads\/2024\/01\/50054-1.webp",300,225,false],"thumbrelated":["https:\/\/imagazine.it\/wp-content\/uploads\/2024\/01\/50054-1.webp",500,375,false],"meccarouselthumb":["https:\/\/imagazine.it\/wp-content\/uploads\/2024\/01\/50054-1.webp",432,324,false],"gridsquare":["https:\/\/imagazine.it\/wp-content\/uploads\/2024\/01\/50054-1.webp",347,260,false],"tileview":["https:\/\/imagazine.it\/wp-content\/uploads\/2024\/01\/50054-1.webp",300,225,false],"1536x1536":["https:\/\/imagazine.it\/wp-content\/uploads\/2024\/01\/50054-1-1536x1152.webp",1536,1152,true],"2048x2048":["https:\/\/imagazine.it\/wp-content\/uploads\/2024\/01\/50054-1.webp",1760,1320,false],"newsup-slider-full":["https:\/\/imagazine.it\/wp-content\/uploads\/2024\/01\/50054-1-1280x720.webp",1280,720,true],"newsup-featured":["https:\/\/imagazine.it\/wp-content\/uploads\/2024\/01\/50054-1-1024x768.webp",1024,768,true],"newsup-medium":["https:\/\/imagazine.it\/wp-content\/uploads\/2024\/01\/50054-1-720x380.webp",720,380,true],"tptn_thumbnail":["https:\/\/imagazine.it\/wp-content\/uploads\/2024\/01\/50054-1.webp",250,188,false],"sow-carousel-default":["https:\/\/imagazine.it\/wp-content\/uploads\/2024\/01\/50054-1-272x182.webp",272,182,true]},"rttpg_author":{"display_name":"Livio Nonis","author_link":"https:\/\/imagazine.it\/home_desk\/author\/nonis\/"},"rttpg_comment":0,"rttpg_category":"<a href=\"https:\/\/imagazine.it\/home_desk\/category\/attualita\/\" rel=\"category tag\">ATTUALIT\u00c0<\/a>","rttpg_excerpt":"Nuove collaborazioni","_links":{"self":[{"href":"https:\/\/imagazine.it\/home_desk\/wp-json\/wp\/v2\/posts\/44858","targetHints":{"allow":["GET"]}}],"collection":[{"href":"https:\/\/imagazine.it\/home_desk\/wp-json\/wp\/v2\/posts"}],"about":[{"href":"https:\/\/imagazine.it\/home_desk\/wp-json\/wp\/v2\/types\/post"}],"author":[{"embeddable":true,"href":"https:\/\/imagazine.it\/home_desk\/wp-json\/wp\/v2\/users\/22"}],"replies":[{"embeddable":true,"href":"https:\/\/imagazine.it\/home_desk\/wp-json\/wp\/v2\/comments?post=44858"}],"version-history":[{"count":0,"href":"https:\/\/imagazine.it\/home_desk\/wp-json\/wp\/v2\/posts\/44858\/revisions"}],"wp:featuredmedia":[{"embeddable":true,"href":"https:\/\/imagazine.it\/home_desk\/wp-json\/wp\/v2\/media\/44859"}],"wp:attachment":[{"href":"https:\/\/imagazine.it\/home_desk\/wp-json\/wp\/v2\/media?parent=44858"}],"wp:term":[{"taxonomy":"category","embeddable":true,"href":"https:\/\/imagazine.it\/home_desk\/wp-json\/wp\/v2\/categories?post=44858"},{"taxonomy":"post_tag","embeddable":true,"href":"https:\/\/imagazine.it\/home_desk\/wp-json\/wp\/v2\/tags?post=44858"}],"curies":[{"name":"wp","href":"https:\/\/api.w.org\/{rel}","templated":true}]}}