{"id":44854,"date":"2022-10-06T00:00:00","date_gmt":"2022-10-05T23:00:00","guid":{"rendered":"https:\/\/imagazine.it\/?p=44854"},"modified":"2022-10-06T00:00:00","modified_gmt":"2022-10-05T23:00:00","slug":"trieste-nozze-dargento-per-il-museo-postale-e-telegrafico-della-mitteleuropa","status":"publish","type":"post","link":"https:\/\/imagazine.it\/home_desk\/trieste-nozze-dargento-per-il-museo-postale-e-telegrafico-della-mitteleuropa\/","title":{"rendered":"Trieste, nozze d&#8217;argento per il Museo Postale e Telegrafico della Mitteleuropa"},"content":{"rendered":"<p> \tUn racconto lungo 25 anni che spiega il passato, il presente e racconta la vocazione per il futuro. Con quattro esposizioni (da ottobre a dicembre), nel <strong>Palazzo delle Poste di piazza Vittorio Veneto a Trieste<\/strong>, Poste Italiane celebra <strong>il primo quarto di secolo del Museo Postale e Telegrafico della Mitteleuropa<\/strong> di Trieste.<\/p>\n<p> \tSi tratta di un unicum a livello nazionale, che ripercorre le tappe dell\u2019evoluzione della comunicazione attraverso la lente della storia postale.<\/p>\n<p> \tLe celebrazioni si sono aperte oggi con una doppia inaugurazione.<\/p>\n<p> \tAl piano terra, i cittadini verranno accolti dalla mostra \u201c<strong><em>25 anni al fianco dei triestini<\/em><\/strong>\u201d, che ripercorrer\u00e0, fino al 31 dicembre, le iniziative culturali promosse dal museo in questi 25 anni.<\/p>\n<p> \tSaliti pochi gradini, al primo piano dell\u2019edificio, i visitatori potranno apprezzare fino al 5 novembre anche la mostra fotografica \u201c<em>URBAN svela la citt\u00e0 e i suoi segreti<\/em>\u201d, che racconter\u00e0 le realt\u00e0 metropolitane di tante parti del mondo attraverso la spontaneit\u00e0 di istantanee scattate \u2018on the road\u2019.<\/p>\n<p> \tDopo il 5 novembre, seguiranno altri due allestimenti tematici che affronteranno la storia dei servizi postali e la storia di Trieste attraverso un suggestivo confronto fotografico tra passato e presente.<\/p>\n<p> \t\u201cIl Museo Postale e Telegrafico della Mitteleuropa di Trieste \u2013 spiega la curatrice <strong>Chiara Simon<\/strong> \u2013 \u00e8 innanzitutto un \u2018museo d\u2019impresa\u2019, che ha svolto negli anni una meticolosa opera di raccolta, selezione e conservazione di testimonianze storiche sull\u2019evoluzione della comunicazione postale e non solo. In questo modo, il museo ha saputo custodire la memoria di Poste Italiane, rafforzandone l\u2019identit\u00e0 di azienda pi\u00f9 grande d\u2019Italia per numero di addetti, e rendendo ancora pi\u00f9 evidente e comprensibile la sua trasformazione a cavallo di due secoli, durante i quali ha svolto un ruolo strategico di supporto allo sviluppo del sistema Paese\u201d.<\/p>\n<p> \tIn questi 25 anni di attivit\u00e0, per\u00f2, il Museo di Trieste non si \u00e8 limitato a fare solo il \u2018museo\u2019. \u201cAbbiamo creato \u2013 ricorda Chiara Simon \u2013 esperienze educative ed eventi istituzionali attraverso mostre, progetti didattici, congressi, convegni, resi ancora pi\u00f9 importanti quando siamo riusciti a dialogare con le nuove generazioni attraverso scuole di ogni ordine e grado. Ma, a fronte di questo impegno, la citt\u00e0 ha risposto con tantissime donazioni che hanno ulteriormente arricchito il patrimonio del museo. A questo si \u00e8 aggiunta la dedizione appassionata di tanti collaboratori\/sostenitori che ci hanno consentito di interagire anche con istituzioni nazionali ed europee (le universit\u00e0 di: Trieste, Udine, Trento, Matera, lo Iuav di Venezia, associazioni scientifiche come il Festival della Scienza Esof 2020, il Conservatorio Tartini di Trieste e moltissime associazioni filateliche e collezionisti privati che hanno messo a disposizione del Museo le loro fatiche di una vita). A tutti loro va la nostra pi\u00f9 grande riconoscenza\u201d.<\/p>\n<p> \t<em>\u201c25 anni al fianco dei triestini\u201d <\/em>ripercorre attraverso una trentina di pannelli i momenti salienti di questa bella storia.<\/p>\n<p> \t\u00a0<\/p>\n","protected":false},"excerpt":{"rendered":"<p>Inaugurate due mostre<\/p>\n","protected":false},"author":28,"featured_media":44855,"comment_status":"closed","ping_status":"closed","sticky":false,"template":"","format":"standard","meta":{"dwc-title":[],"dwc-content":[],"footnotes":""},"categories":[37],"tags":[],"class_list":["post-44854","post","type-post","status-publish","format-standard","has-post-thumbnail","hentry","category-cultura-e-spettacolo"],"rttpg_featured_image_url":{"full":["https:\/\/imagazine.it\/wp-content\/uploads\/2024\/01\/50047-1.webp",1000,750,false],"landscape":["https:\/\/imagazine.it\/wp-content\/uploads\/2024\/01\/50047-1.webp",1000,750,false],"portraits":["https:\/\/imagazine.it\/wp-content\/uploads\/2024\/01\/50047-1.webp",1000,750,false],"thumbnail":["https:\/\/imagazine.it\/wp-content\/uploads\/2024\/01\/50047-1-150x150.webp",150,150,true],"medium":["https:\/\/imagazine.it\/wp-content\/uploads\/2024\/01\/50047-1-300x225.webp",300,225,true],"large":["https:\/\/imagazine.it\/wp-content\/uploads\/2024\/01\/50047-1.webp",640,480,false],"thumblist":["https:\/\/imagazine.it\/wp-content\/uploads\/2024\/01\/50047-1.webp",300,225,false],"thumbrelated":["https:\/\/imagazine.it\/wp-content\/uploads\/2024\/01\/50047-1.webp",500,375,false],"meccarouselthumb":["https:\/\/imagazine.it\/wp-content\/uploads\/2024\/01\/50047-1.webp",432,324,false],"gridsquare":["https:\/\/imagazine.it\/wp-content\/uploads\/2024\/01\/50047-1.webp",347,260,false],"tileview":["https:\/\/imagazine.it\/wp-content\/uploads\/2024\/01\/50047-1.webp",300,225,false],"1536x1536":["https:\/\/imagazine.it\/wp-content\/uploads\/2024\/01\/50047-1.webp",1000,750,false],"2048x2048":["https:\/\/imagazine.it\/wp-content\/uploads\/2024\/01\/50047-1.webp",1000,750,false],"newsup-slider-full":["https:\/\/imagazine.it\/wp-content\/uploads\/2024\/01\/50047-1-1000x720.webp",1000,720,true],"newsup-featured":["https:\/\/imagazine.it\/wp-content\/uploads\/2024\/01\/50047-1.webp",1000,750,false],"newsup-medium":["https:\/\/imagazine.it\/wp-content\/uploads\/2024\/01\/50047-1-720x380.webp",720,380,true],"tptn_thumbnail":["https:\/\/imagazine.it\/wp-content\/uploads\/2024\/01\/50047-1.webp",250,188,false],"sow-carousel-default":["https:\/\/imagazine.it\/wp-content\/uploads\/2024\/01\/50047-1-272x182.webp",272,182,true]},"rttpg_author":{"display_name":"redazione","author_link":"https:\/\/imagazine.it\/home_desk\/author\/redazione\/"},"rttpg_comment":0,"rttpg_category":"<a href=\"https:\/\/imagazine.it\/home_desk\/category\/cultura-e-spettacolo\/\" rel=\"category tag\">CULTURA&amp;SPETTACOLO<\/a>","rttpg_excerpt":"Inaugurate due mostre","_links":{"self":[{"href":"https:\/\/imagazine.it\/home_desk\/wp-json\/wp\/v2\/posts\/44854","targetHints":{"allow":["GET"]}}],"collection":[{"href":"https:\/\/imagazine.it\/home_desk\/wp-json\/wp\/v2\/posts"}],"about":[{"href":"https:\/\/imagazine.it\/home_desk\/wp-json\/wp\/v2\/types\/post"}],"author":[{"embeddable":true,"href":"https:\/\/imagazine.it\/home_desk\/wp-json\/wp\/v2\/users\/28"}],"replies":[{"embeddable":true,"href":"https:\/\/imagazine.it\/home_desk\/wp-json\/wp\/v2\/comments?post=44854"}],"version-history":[{"count":0,"href":"https:\/\/imagazine.it\/home_desk\/wp-json\/wp\/v2\/posts\/44854\/revisions"}],"wp:featuredmedia":[{"embeddable":true,"href":"https:\/\/imagazine.it\/home_desk\/wp-json\/wp\/v2\/media\/44855"}],"wp:attachment":[{"href":"https:\/\/imagazine.it\/home_desk\/wp-json\/wp\/v2\/media?parent=44854"}],"wp:term":[{"taxonomy":"category","embeddable":true,"href":"https:\/\/imagazine.it\/home_desk\/wp-json\/wp\/v2\/categories?post=44854"},{"taxonomy":"post_tag","embeddable":true,"href":"https:\/\/imagazine.it\/home_desk\/wp-json\/wp\/v2\/tags?post=44854"}],"curies":[{"name":"wp","href":"https:\/\/api.w.org\/{rel}","templated":true}]}}