{"id":44840,"date":"2022-10-05T00:00:00","date_gmt":"2022-10-04T23:00:00","guid":{"rendered":"https:\/\/imagazine.it\/?p=44840"},"modified":"2022-10-05T00:00:00","modified_gmt":"2022-10-04T23:00:00","slug":"trieste-capitale-artistica-di-bansky","status":"publish","type":"post","link":"https:\/\/imagazine.it\/home_desk\/trieste-capitale-artistica-di-bansky\/","title":{"rendered":"Trieste capitale artistica di Bansky"},"content":{"rendered":"<p> \tPresentata al Palazzo della Regione a <strong>Trieste<\/strong> l&#39;esposizione &#8220;<u><a href=\"http:\/\/www.imagazine.it\/eventi\/42363\" target=\"_blank\" rel=\"noopener\"><span style=\"color:#0000cd;\"><em>Banksy, the great communicator &#8211; Unauthorirized exhibition<\/em><\/span><\/a><\/u>&#8220;.<\/p>\n<p> \tLa mostra, curata da Gianni Mercurio, \u00e8 promossa dalla stessa Regione Friuli Venezia Giulia con il Comune di Trieste &#8211; intervenuto alla presentazione con l&#39;assessore <strong>Giorgio Rossi<\/strong> &#8211; ed \u00e8 organizzata direttamente da <strong>PromoTurismoFVG<\/strong> in collaborazione con <strong>Madeinart<\/strong>.<\/p>\n<p> \t&#8220;Il Friuli Venezia Giulia e Trieste hanno le carte in regola per entrare nei circuiti delle grandi mostre: con le opere di Banksy al Salone degli Incanti Trieste diventer\u00e0 per un periodo la capitale di questo grande artista di cui non si conosce l&#39;identit\u00e0 e l&#39;esposizione sar\u00e0 un&#39;occasione di richiamo enorme, come \u00e8 sempre accaduto nel mondo quando si tratta di lui&#8221;, ha dichiarato il governatore <strong>Massimiliano Fedriga<\/strong>, intervenuto alla presentazione assieme all&#39;assessore regionale alle Attivit\u00e0 produttive e al Turismo <strong>Sergio Emidio Bini<\/strong>.<\/p>\n<p> \t&#8220;Banksy &#8211; ha rilevato Fedriga &#8211; \u00e8 un grande artista pop della comunicazione che desta interesse anche in chi non \u00e8 un esperto, perch\u00e9 tutti possono comprendere i messaggi delle sue opere, che possono essere controversi e spesso sono forti e dirompenti. Per questo forza espressiva universale un anno fa abbiamo creduto nell&#39;allestimento di un&#39;esposizione che \u00e8 complessa e nell&#39;opportunit\u00e0 che poteva rappresentare per il nostro territorio regionale&#8221;.<br \/> \tL&#39;esposizione su Banksy sar\u00e0 ospitata dal Salone degli Incanti <strong>dal 25 novembre di quest&#39;anno al 10 aprile 2023<\/strong>.<\/p>\n<p> \tNessuno sa chi sia veramente l&#39;artista che si cela dietro al quel nome, un&#39;artista capace di irrompere con le sue opere nei posti pi\u00f9 impensati con messaggi &#8211; come ha ricordato il curatore <strong>Gianni Mercurio<\/strong> &#8211; che recano elementi in grado di spiazzare il pubblico e che colpiscono al cuore in particolare le giovani generazioni.<\/p>\n<p> \tL&#39;esposizione triestina conster\u00e0 di una sessantina di opere realizzate con tecniche diverse ed \u00e8 suddivisa in tre parti: le radici, con riferimenti ai movimenti artistici cui Banksy fa riferimento (Situazionismo e Maggio francese, il Graffitismo e l&#39;hip hop colture a New York), un mix di riproduzioni e di opere originali dell&#39;artista e i celeberrimi murales di Banksy presentati attraverso istallazioni multimediali.<\/p>\n<p> \tParticolare attenzione sar\u00e0 riservata ai pi\u00f9 piccoli con attivit\u00e0 per i bambini tra i 5 e i 10 anni, abbinando la visita mirata al laboratorio.<\/p>\n<p> \tIl prezzo del biglietto intero sar\u00e0 di 14 euro, salvo riduzioni, gratuit\u00e0, biglietti per gruppi e ingressi con visita guidata.<\/p>\n<p> \t\u00a0<\/p>\n","protected":false},"excerpt":{"rendered":"<p>Presentata la grande mostra<\/p>\n","protected":false},"author":28,"featured_media":44841,"comment_status":"closed","ping_status":"closed","sticky":false,"template":"","format":"standard","meta":{"dwc-title":[],"dwc-content":[],"footnotes":""},"categories":[37],"tags":[],"class_list":["post-44840","post","type-post","status-publish","format-standard","has-post-thumbnail","hentry","category-cultura-e-spettacolo"],"rttpg_featured_image_url":{"full":["https:\/\/imagazine.it\/wp-content\/uploads\/2024\/01\/50015-1.webp",1000,669,false],"landscape":["https:\/\/imagazine.it\/wp-content\/uploads\/2024\/01\/50015-1.webp",1000,669,false],"portraits":["https:\/\/imagazine.it\/wp-content\/uploads\/2024\/01\/50015-1.webp",1000,669,false],"thumbnail":["https:\/\/imagazine.it\/wp-content\/uploads\/2024\/01\/50015-1-150x150.webp",150,150,true],"medium":["https:\/\/imagazine.it\/wp-content\/uploads\/2024\/01\/50015-1-300x201.webp",300,201,true],"large":["https:\/\/imagazine.it\/wp-content\/uploads\/2024\/01\/50015-1.webp",640,428,false],"thumblist":["https:\/\/imagazine.it\/wp-content\/uploads\/2024\/01\/50015-1.webp",300,201,false],"thumbrelated":["https:\/\/imagazine.it\/wp-content\/uploads\/2024\/01\/50015-1.webp",500,335,false],"meccarouselthumb":["https:\/\/imagazine.it\/wp-content\/uploads\/2024\/01\/50015-1.webp",474,317,false],"gridsquare":["https:\/\/imagazine.it\/wp-content\/uploads\/2024\/01\/50015-1.webp",389,260,false],"tileview":["https:\/\/imagazine.it\/wp-content\/uploads\/2024\/01\/50015-1.webp",300,201,false],"1536x1536":["https:\/\/imagazine.it\/wp-content\/uploads\/2024\/01\/50015-1.webp",1000,669,false],"2048x2048":["https:\/\/imagazine.it\/wp-content\/uploads\/2024\/01\/50015-1.webp",1000,669,false],"newsup-slider-full":["https:\/\/imagazine.it\/wp-content\/uploads\/2024\/01\/50015-1.webp",1000,669,false],"newsup-featured":["https:\/\/imagazine.it\/wp-content\/uploads\/2024\/01\/50015-1.webp",1000,669,false],"newsup-medium":["https:\/\/imagazine.it\/wp-content\/uploads\/2024\/01\/50015-1-720x380.webp",720,380,true],"tptn_thumbnail":["https:\/\/imagazine.it\/wp-content\/uploads\/2024\/01\/50015-1.webp",250,167,false],"sow-carousel-default":["https:\/\/imagazine.it\/wp-content\/uploads\/2024\/01\/50015-1-272x182.webp",272,182,true]},"rttpg_author":{"display_name":"redazione","author_link":"https:\/\/imagazine.it\/home_desk\/author\/redazione\/"},"rttpg_comment":0,"rttpg_category":"<a href=\"https:\/\/imagazine.it\/home_desk\/category\/cultura-e-spettacolo\/\" rel=\"category tag\">CULTURA&amp;SPETTACOLO<\/a>","rttpg_excerpt":"Presentata la grande mostra","_links":{"self":[{"href":"https:\/\/imagazine.it\/home_desk\/wp-json\/wp\/v2\/posts\/44840","targetHints":{"allow":["GET"]}}],"collection":[{"href":"https:\/\/imagazine.it\/home_desk\/wp-json\/wp\/v2\/posts"}],"about":[{"href":"https:\/\/imagazine.it\/home_desk\/wp-json\/wp\/v2\/types\/post"}],"author":[{"embeddable":true,"href":"https:\/\/imagazine.it\/home_desk\/wp-json\/wp\/v2\/users\/28"}],"replies":[{"embeddable":true,"href":"https:\/\/imagazine.it\/home_desk\/wp-json\/wp\/v2\/comments?post=44840"}],"version-history":[{"count":0,"href":"https:\/\/imagazine.it\/home_desk\/wp-json\/wp\/v2\/posts\/44840\/revisions"}],"wp:featuredmedia":[{"embeddable":true,"href":"https:\/\/imagazine.it\/home_desk\/wp-json\/wp\/v2\/media\/44841"}],"wp:attachment":[{"href":"https:\/\/imagazine.it\/home_desk\/wp-json\/wp\/v2\/media?parent=44840"}],"wp:term":[{"taxonomy":"category","embeddable":true,"href":"https:\/\/imagazine.it\/home_desk\/wp-json\/wp\/v2\/categories?post=44840"},{"taxonomy":"post_tag","embeddable":true,"href":"https:\/\/imagazine.it\/home_desk\/wp-json\/wp\/v2\/tags?post=44840"}],"curies":[{"name":"wp","href":"https:\/\/api.w.org\/{rel}","templated":true}]}}