{"id":44824,"date":"2022-10-04T00:00:00","date_gmt":"2022-10-03T23:00:00","guid":{"rendered":"https:\/\/imagazine.it\/?p=44824"},"modified":"2022-10-04T00:00:00","modified_gmt":"2022-10-03T23:00:00","slug":"i-sabati-di-monfalcone-si-vivono-in-corso","status":"publish","type":"post","link":"https:\/\/imagazine.it\/home_desk\/i-sabati-di-monfalcone-si-vivono-in-corso\/","title":{"rendered":"I sabati di Monfalcone si vivono in Corso"},"content":{"rendered":"<p> \tIl Mercatino del modernariato e dell\u2019antiquariato, otto proposte di Cinema a Teatro, appuntamenti di Filosofia e letteratura, ma anche spettacoli teatrali, musica, Artisti di Strada: dal prossimo <strong>8 ottobre<\/strong>, il sabato di <strong>Monfalcone<\/strong> \u00e8 <em>Sabato in Corso<\/em>: cos\u00ec l\u2019Amministrazione comunale, dopo la riprogettazione di Corso del Popolo gi\u00e0 implementata dalla scorsa estate, ha voluto dare un ulteriore impulso alla vitalit\u00e0 e vivacit\u00e0 del centro storico, per riportare il Corso alla sua dimensione originaria di via del commercio e di passeggio.<\/p>\n<p> \t\u201cNon solo un programma di eventi, ma una visione sulla citt\u00e0 \u2013 ha dichiarato l\u2019assessore alla cultura, al commercio e al marketing territoriale <strong>Luca Fasan<\/strong> \u2013 nata anche dal confronto con i commercianti e le associazioni di categoria, con la volont\u00e0 di dare vita a un calendario di iniziative che vedranno protagonista il Corso e che saranno catalizzatori di nuova potenziale clientela per tutte le attivit\u00e0 economiche, per riportare il Corso del Popolo al suo originale ruolo di via del commercio\u201d.<\/p>\n<p> \tGi\u00e0 a partire da sabato 8 ottobre la rassegna <em>Sabato in Corso<\/em> proporr\u00e0 una serie di appuntamenti del sabato, in Corso del Popolo e a Teatro, in orari concomitanti con l\u2019apertura delle attivit\u00e0 commerciali, proposti con l\u2019obiettivo di dare un\u2019ulteriore spinta al commercio in una delle principali vie del centro storico, anche aumentando il traffico pedonale.\u00a0<\/p>\n<p> \tSi parte dalla rassegna di cinema per famiglie, otto proiezioni cinematografiche di recente uscita, proposte gratuitamente sullo schermo del Teatro Comunale il sabato pomeriggio (alle 16): l\u20198 ottobre si apre con <strong><em>Crudelia<\/em><\/strong> \u2013 prequel sulla giovane Estella, brillante truffatrice determinata a farsi strada nel mondo della moda, che deve per\u00f2 contrastare il suo lato malvagio \u2013 di Craig Gillespie, con Emma Stone, Emma Thompson, Joel Fry. Il 22 ottobre \u00e8 la volta dell\u2019avventuroso <strong><em>Raya e l&#39;ultimo drago <\/em><\/strong>e il 5 novembre <strong><em>Free Guy &#8211; Eroe per gioco<\/em><\/strong>, con Ryan Reynolds, alla scoperta di una realt\u00e0 fantascientifica tutta rivolta ai ragazzi. <strong><em>Jungle Cruise<\/em><\/strong>, di Jaume Collet-Serra propone invece un viaggio attraverso una giungla piena di animali il 12 novembre.<\/p>\n<p> \tLa rassegna continuer\u00e0 poi con altre proposte, tutte di genere diverso e tutte rivolte a ragazzi e famiglie, il 26 dicembre, il 14 gennaio, il 4 febbraio e l\u201911 marzo. Tutti gli spettacoli sono alle 16 al Teatro Comunale e sono gratuiti; non \u00e8 necessaria la prenotazione.<\/p>\n<p> \tIl 15 ottobre alle 18.30 al Teatro Comunale <strong><em>Donne di Confine<\/em><\/strong> di e con <strong>Bruna Braidotti<\/strong>, con l\u2019accompagnamento musicale classico e contemporaneo dal quartetto di flautiste dell\u2019Associazione Amici della Musica di Udine, diretto da <strong>Luisa Sello<\/strong>. In collaborazione con l&#39;Associazione Arti e Mestieri e parte del progetto regionale \u201cLa scena delle donne\u201d il recital musicale ripercorre la storia di donne che hanno vissuto a cavallo dei confini attraversandone le vicende belliche e geopolitiche: storie di spostamenti, fughe, esilio nel corso del Novecento e fino ad oggi.<\/p>\n<p> \tIl 22 ottobre torna lungo tutto il Corso del Popolo il <strong><em>Mercatino dell\u2019usato e del modernariato<\/em><\/strong>. Il tradizionale \u201cMercatino della Rocca\u201d \u2013 organizzato dall&#39;Associazione Culturale <em>Bazar Mediterraneo<\/em> \u2013 che gi\u00e0 da anni \u00e8 protagonista nelle vie del centro di Monfalcone il secondo e il quarto sabato di ogni mese \u2013 nelle giornate del 22 ottobre e 26 novembre sar\u00e0 protagonista anche in Corso del Popolo dalle 8 alle 16.30.<\/p>\n<p> \t\u00a0<\/p>\n<p> \tAppuntamento con la Rassegna di Filosofia sabato 29 ottobre in Teatro, alle 18, in collaborazione con Festival Mimesis: <strong><em>Le parole dell\u2019intercultura. Estetica ed etica della traduzione<\/em><\/strong>, con Vera Gheno \u2013 accademica e linguista italiana \u2013 e <strong>Emanuela Magno<\/strong> \u2013 esperta di pensiero buddhista e di tradizione orientale).<\/p>\n<p> \tIl 19 novembre la Stagione di prosa 2022-2023 del Teatro Comunale di Monfalcone propone un imperdibile appuntamento con <strong>Geppi Cucciari<\/strong>: ultimo monologo teatrale scritto da <strong>Mattia Torre<\/strong> e con musiche originali di <strong>Paolo Fresu<\/strong>, <strong><em>Perfetta<\/em><\/strong> vede protagonista assoluta Geppi Cucciari, che sul palco interpreta il molteplice ruolo di lavoratrice, moglie e madre, in una vita scandita da famiglia, lavoro e responsabilit\u00e0. Un monologo nel quale trovano spazio sferzate di comicit\u00e0 e satira, ma anche riflessioni profonde. Informazioni e prenotazioni per questo appuntamento presso la Biglietteria del Teatro Comunale.<\/p>\n<p> \tIl 26 novembre alle 20.30 il Teatro Comunale ospita la serata finale del <strong>CantaFestival de la Bisiacaria<\/strong>, la kermesse musicale in dialetto che quest\u2019anno giunge alla sua diciottesima edizione.<\/p>\n<p> \tIl Festival \u00e8 diretto da <strong>Carlo Blasini<\/strong> in qualit\u00e0 di direttore artistico, con la collaborazione di <strong>Roberto Montanari<\/strong> quale coordinatore musicale e viene organizzato da Pro Loco di Monfalcone con il Patrocinio della Regione FVG, dei Comuni e delle Pro Loco del Mandamento Monfalconese, con il contributo della Fondazione Cassa di Risparmio di Gorizia, del Comune di Monfalcone e con la collaborazione delle associazioni culturali locali.<\/p>\n<p> \tA giudicare le canzoni in gara \u2013 come ogni anno \u2013 tre giurie: il pubblico in sala, la Giuria dei Comuni con i sindaci e i presidenti delle Pro Loco e la Giuria Artistica formata da esperti di musica e cultori del dialetto, che avranno il compito di designare la canzone vincitrice. Come vuole la tradizione, inoltre, l\u2019intervallo sar\u00e0 rallegrato da un artista proveniente direttamente dai palcoscenici dei pi\u00f9 famosi programmi comici televisivi.<\/p>\n<p> \tPalcoscenico di una molteplicit\u00e0 di appuntamenti che accompagneranno il progetto per i prossimi mesi e che verranno via via svelati nelle prossime settimane, ogni sabato il Teatro e il Corso del Popolo ospiteranno eventi, animazione, incontri musicali, rassegne corali, concerti Gospel e tante iniziative dedicate a tutta la famiglia, per rendere ogni sabato a Monfalcone un\u2019occasione speciale di intrattenimento e approfondimento.<\/p>\n<p> \t\u00a0<\/p>\n","protected":false},"excerpt":{"rendered":"<p>A partire dall&#8217;8 ottobre<\/p>\n","protected":false},"author":28,"featured_media":44825,"comment_status":"closed","ping_status":"closed","sticky":false,"template":"","format":"standard","meta":{"dwc-title":[],"dwc-content":[],"footnotes":""},"categories":[37],"tags":[],"class_list":["post-44824","post","type-post","status-publish","format-standard","has-post-thumbnail","hentry","category-cultura-e-spettacolo"],"rttpg_featured_image_url":{"full":["https:\/\/imagazine.it\/wp-content\/uploads\/2024\/01\/49995-1.webp",2048,1536,false],"landscape":["https:\/\/imagazine.it\/wp-content\/uploads\/2024\/01\/49995-1.webp",2048,1536,false],"portraits":["https:\/\/imagazine.it\/wp-content\/uploads\/2024\/01\/49995-1.webp",2048,1536,false],"thumbnail":["https:\/\/imagazine.it\/wp-content\/uploads\/2024\/01\/49995-1-150x150.webp",150,150,true],"medium":["https:\/\/imagazine.it\/wp-content\/uploads\/2024\/01\/49995-1-300x225.webp",300,225,true],"large":["https:\/\/imagazine.it\/wp-content\/uploads\/2024\/01\/49995-1-1024x768.webp",640,480,true],"thumblist":["https:\/\/imagazine.it\/wp-content\/uploads\/2024\/01\/49995-1.webp",300,225,false],"thumbrelated":["https:\/\/imagazine.it\/wp-content\/uploads\/2024\/01\/49995-1.webp",500,375,false],"meccarouselthumb":["https:\/\/imagazine.it\/wp-content\/uploads\/2024\/01\/49995-1.webp",432,324,false],"gridsquare":["https:\/\/imagazine.it\/wp-content\/uploads\/2024\/01\/49995-1.webp",347,260,false],"tileview":["https:\/\/imagazine.it\/wp-content\/uploads\/2024\/01\/49995-1.webp",300,225,false],"1536x1536":["https:\/\/imagazine.it\/wp-content\/uploads\/2024\/01\/49995-1-1536x1152.webp",1536,1152,true],"2048x2048":["https:\/\/imagazine.it\/wp-content\/uploads\/2024\/01\/49995-1.webp",2048,1536,false],"newsup-slider-full":["https:\/\/imagazine.it\/wp-content\/uploads\/2024\/01\/49995-1-1280x720.webp",1280,720,true],"newsup-featured":["https:\/\/imagazine.it\/wp-content\/uploads\/2024\/01\/49995-1-1024x768.webp",1024,768,true],"newsup-medium":["https:\/\/imagazine.it\/wp-content\/uploads\/2024\/01\/49995-1-720x380.webp",720,380,true],"tptn_thumbnail":["https:\/\/imagazine.it\/wp-content\/uploads\/2024\/01\/49995-1.webp",250,188,false],"sow-carousel-default":["https:\/\/imagazine.it\/wp-content\/uploads\/2024\/01\/49995-1-272x182.webp",272,182,true]},"rttpg_author":{"display_name":"redazione","author_link":"https:\/\/imagazine.it\/home_desk\/author\/redazione\/"},"rttpg_comment":0,"rttpg_category":"<a href=\"https:\/\/imagazine.it\/home_desk\/category\/cultura-e-spettacolo\/\" rel=\"category tag\">CULTURA&amp;SPETTACOLO<\/a>","rttpg_excerpt":"A partire dall'8 ottobre","_links":{"self":[{"href":"https:\/\/imagazine.it\/home_desk\/wp-json\/wp\/v2\/posts\/44824","targetHints":{"allow":["GET"]}}],"collection":[{"href":"https:\/\/imagazine.it\/home_desk\/wp-json\/wp\/v2\/posts"}],"about":[{"href":"https:\/\/imagazine.it\/home_desk\/wp-json\/wp\/v2\/types\/post"}],"author":[{"embeddable":true,"href":"https:\/\/imagazine.it\/home_desk\/wp-json\/wp\/v2\/users\/28"}],"replies":[{"embeddable":true,"href":"https:\/\/imagazine.it\/home_desk\/wp-json\/wp\/v2\/comments?post=44824"}],"version-history":[{"count":0,"href":"https:\/\/imagazine.it\/home_desk\/wp-json\/wp\/v2\/posts\/44824\/revisions"}],"wp:featuredmedia":[{"embeddable":true,"href":"https:\/\/imagazine.it\/home_desk\/wp-json\/wp\/v2\/media\/44825"}],"wp:attachment":[{"href":"https:\/\/imagazine.it\/home_desk\/wp-json\/wp\/v2\/media?parent=44824"}],"wp:term":[{"taxonomy":"category","embeddable":true,"href":"https:\/\/imagazine.it\/home_desk\/wp-json\/wp\/v2\/categories?post=44824"},{"taxonomy":"post_tag","embeddable":true,"href":"https:\/\/imagazine.it\/home_desk\/wp-json\/wp\/v2\/tags?post=44824"}],"curies":[{"name":"wp","href":"https:\/\/api.w.org\/{rel}","templated":true}]}}