{"id":44822,"date":"2022-10-04T00:00:00","date_gmt":"2022-10-03T23:00:00","guid":{"rendered":"https:\/\/imagazine.it\/?p=44822"},"modified":"2022-10-04T00:00:00","modified_gmt":"2022-10-03T23:00:00","slug":"leyof-del-fvg-applaudito-a-olympia","status":"publish","type":"post","link":"https:\/\/imagazine.it\/home_desk\/leyof-del-fvg-applaudito-a-olympia\/","title":{"rendered":"L&#8217;EYOF del FVG applaudito a Olympia"},"content":{"rendered":"<p> \tL&#39;Accademia Olimpica Internazionale di <strong>Olympia<\/strong> in <strong>Grecia<\/strong> ha ospitato il 42\u00b0 Seminario dei Comitati Olimpici Europei (COE). L&#39;iniziativa ha chiuso la settimana europea dello sport, evento annuale lanciato dall&#39;Unione europea nel 2015.<\/p>\n<p> \tIn terra ellenica sono stati illustrati vari progetti e iniziative, tra cui le due edizioni del <strong>Festival Olimpico della Giovent\u00f9 Europea 2023 (EYOF)<\/strong>, quella invernale in <strong>Friuli Venezia Giulia<\/strong> (dal 21 al 28 gennaio) e quella estiva, a pochi chilometri di distanza, a Maribor in <strong>Slovenia<\/strong> (dal 23 al 29 luglio).<\/p>\n<p> \tSempre nel 2023 la Polonia (Cracovia-Ma\u0142opolska) ospiter\u00e0 la terza edizione dei Giochi Europei (dal 21 giugno al 3 luglio 2023).<\/p>\n<p> \tIl direttore generale del comitato organizzatore\u00a0EYOF2023\u00a0<strong>Giorgio Kaidisch<\/strong>\u00a0ha illustrato\u00a0ai vari rappresentanti dei singoli comitati olimpici partecipanti quella che sar\u00e0 la sedicesima edizione dei Giochi.\u00a0Uno dei pi\u00f9 grandi eventi europei multisport a livello giovanile per atleti di et\u00e0 dai 14 ai 18 anni. Dodici sedi di gara, dodici sport rappresentati (per un totale di 14 eventi sportivi) che vedranno competere atleti provenienti da 47 Paesi\u00a0per circa 2.300 accreditati all&#39;evento.\u00a0<\/p>\n<p> \tSar\u00e0 un&#39;edizione estremamente tecnologica e digitale ma, allo stesso tempo, attenta all&#39;ambiente e alla sostenibilit\u00e0. Per ci\u00f2 che concerne l&#39;accoglienza alberghiera, sar\u00e0 suddivisa nei 3 villaggi\/cluster di riferimento <strong>Tarvisiano\/Udine, Carnia, Piancavallo\/Pordenone<\/strong> con l&#39;aggiunta di <strong>Trieste<\/strong> quale base principale per la &#8220;famiglia&#8221;\u00a0dei Comitati Olimpici Europei.<\/p>\n<p> \tPi\u00f9 di 80 le strutture ricettive che saranno occupate durante i 10 giorni di durate dell&#39;evento.\u00a0<\/p>\n<p> \tIl presidente della Commissione di Coordinamento dei Comitati Olimpici Europei,\u00a0<strong>Borut Kolaric,\u00a0<\/strong>ha sottolineato la professionalit\u00e0 e dedizione dei soggetti coinvolti su vari livelli, dalle istituzioni regionali e nazionali,\u00a0alla squadra del Comitato Organizzatore e ai volontari che gi\u00e0 supportano l&#39;organizzazione nella preparazione del XVI Festival Olimpico della Giovent\u00f9 Europea.<\/p>\n<p> \tAl seminario ha partecipato anche la presidente della commissione EYOF\u00a0dell&#39;associazione dei Comitati Olimpici Europei,\u00a0<strong>Liney Haldorsdottir<\/strong>,\u00a0di ritorno\u00a0dalla recente visita in regione.\u00a0La presidente\u00a0Haldorsdottir si \u00e8 soffermata sugli importanti benefici che i giovani atleti ottengono gareggiando in eventi multisport come quelli estivi 2022 di Banska Bystrica in Slovacchia e quelli invernali del prossimo mese di gennaio in Friuli Venezia Giulia.\u00a0<\/p>\n<p> \t\u00a0<\/p>\n","protected":false},"excerpt":{"rendered":"<p>Presentazione in Grecia<\/p>\n","protected":false},"author":28,"featured_media":44823,"comment_status":"closed","ping_status":"closed","sticky":false,"template":"","format":"standard","meta":{"dwc-title":[],"dwc-content":[],"footnotes":""},"categories":[38],"tags":[],"class_list":["post-44822","post","type-post","status-publish","format-standard","has-post-thumbnail","hentry","category-sport"],"rttpg_featured_image_url":{"full":["https:\/\/imagazine.it\/wp-content\/uploads\/2024\/01\/49993-1.webp",1000,664,false],"landscape":["https:\/\/imagazine.it\/wp-content\/uploads\/2024\/01\/49993-1.webp",1000,664,false],"portraits":["https:\/\/imagazine.it\/wp-content\/uploads\/2024\/01\/49993-1.webp",1000,664,false],"thumbnail":["https:\/\/imagazine.it\/wp-content\/uploads\/2024\/01\/49993-1-150x150.webp",150,150,true],"medium":["https:\/\/imagazine.it\/wp-content\/uploads\/2024\/01\/49993-1-300x199.webp",300,199,true],"large":["https:\/\/imagazine.it\/wp-content\/uploads\/2024\/01\/49993-1.webp",640,425,false],"thumblist":["https:\/\/imagazine.it\/wp-content\/uploads\/2024\/01\/49993-1.webp",300,199,false],"thumbrelated":["https:\/\/imagazine.it\/wp-content\/uploads\/2024\/01\/49993-1.webp",500,332,false],"meccarouselthumb":["https:\/\/imagazine.it\/wp-content\/uploads\/2024\/01\/49993-1.webp",474,315,false],"gridsquare":["https:\/\/imagazine.it\/wp-content\/uploads\/2024\/01\/49993-1.webp",391,260,false],"tileview":["https:\/\/imagazine.it\/wp-content\/uploads\/2024\/01\/49993-1.webp",300,199,false],"1536x1536":["https:\/\/imagazine.it\/wp-content\/uploads\/2024\/01\/49993-1.webp",1000,664,false],"2048x2048":["https:\/\/imagazine.it\/wp-content\/uploads\/2024\/01\/49993-1.webp",1000,664,false],"newsup-slider-full":["https:\/\/imagazine.it\/wp-content\/uploads\/2024\/01\/49993-1.webp",1000,664,false],"newsup-featured":["https:\/\/imagazine.it\/wp-content\/uploads\/2024\/01\/49993-1.webp",1000,664,false],"newsup-medium":["https:\/\/imagazine.it\/wp-content\/uploads\/2024\/01\/49993-1-720x380.webp",720,380,true],"tptn_thumbnail":["https:\/\/imagazine.it\/wp-content\/uploads\/2024\/01\/49993-1.webp",250,166,false],"sow-carousel-default":["https:\/\/imagazine.it\/wp-content\/uploads\/2024\/01\/49993-1-272x182.webp",272,182,true]},"rttpg_author":{"display_name":"redazione","author_link":"https:\/\/imagazine.it\/home_desk\/author\/redazione\/"},"rttpg_comment":0,"rttpg_category":"<a href=\"https:\/\/imagazine.it\/home_desk\/category\/sport\/\" rel=\"category tag\">SPORT<\/a>","rttpg_excerpt":"Presentazione in Grecia","_links":{"self":[{"href":"https:\/\/imagazine.it\/home_desk\/wp-json\/wp\/v2\/posts\/44822","targetHints":{"allow":["GET"]}}],"collection":[{"href":"https:\/\/imagazine.it\/home_desk\/wp-json\/wp\/v2\/posts"}],"about":[{"href":"https:\/\/imagazine.it\/home_desk\/wp-json\/wp\/v2\/types\/post"}],"author":[{"embeddable":true,"href":"https:\/\/imagazine.it\/home_desk\/wp-json\/wp\/v2\/users\/28"}],"replies":[{"embeddable":true,"href":"https:\/\/imagazine.it\/home_desk\/wp-json\/wp\/v2\/comments?post=44822"}],"version-history":[{"count":0,"href":"https:\/\/imagazine.it\/home_desk\/wp-json\/wp\/v2\/posts\/44822\/revisions"}],"wp:featuredmedia":[{"embeddable":true,"href":"https:\/\/imagazine.it\/home_desk\/wp-json\/wp\/v2\/media\/44823"}],"wp:attachment":[{"href":"https:\/\/imagazine.it\/home_desk\/wp-json\/wp\/v2\/media?parent=44822"}],"wp:term":[{"taxonomy":"category","embeddable":true,"href":"https:\/\/imagazine.it\/home_desk\/wp-json\/wp\/v2\/categories?post=44822"},{"taxonomy":"post_tag","embeddable":true,"href":"https:\/\/imagazine.it\/home_desk\/wp-json\/wp\/v2\/tags?post=44822"}],"curies":[{"name":"wp","href":"https:\/\/api.w.org\/{rel}","templated":true}]}}