{"id":44820,"date":"2022-10-04T00:00:00","date_gmt":"2022-10-03T23:00:00","guid":{"rendered":"https:\/\/imagazine.it\/?p=44820"},"modified":"2022-10-04T00:00:00","modified_gmt":"2022-10-03T23:00:00","slug":"dallungheria-a-gorizia-per-studiare-gusti-di-frontiera","status":"publish","type":"post","link":"https:\/\/imagazine.it\/home_desk\/dallungheria-a-gorizia-per-studiare-gusti-di-frontiera\/","title":{"rendered":"Dall&#8217;Ungheria a Gorizia per studiare Gusti di frontiera"},"content":{"rendered":"<p> \tA <strong>Gorizia<\/strong> per studiare il format di\u00a0<strong>Gusti di frontiera<\/strong>. <strong>Balaicz Zoltan<\/strong>,\u00a0sindaco\u00a0del Comune ungherese di <strong>Zalaegerszeg<\/strong>, gemellato con Gorizia, insieme a\u00a0una folta delegazione\u00a0ha partecipato alla manifestazione ed \u00e8 stato ricevuto in municipio dal sindaco goriziano, <strong>Rodolfo Ziberna<\/strong>, con il consigliere comunale <strong>Roberto Sartori<\/strong> e <strong>Fabio Gentile<\/strong> che ha un ruolo importante nei rapporti fra le due citt\u00e0.<\/p>\n<p> \tUn legame, quello fra\u00a0Gorizia e Zalaegerszeg, nato diversi anni fa e sfociato nel gemellaggio che le ha ulteriormente unite con continui contatti che non sono venuti meno neppure durante il Covid19.\u00a0<\/p>\n<p> \tAnche per questo, l&#39;incontro in municipio, cui era presente anche l&#39;ex referente della segreteria dei sindaci, <strong>Doriana Bregant<\/strong>, \u00e8 stato improntato a grande cordialit\u00e0,\u00a0con uno scambio di doni e la consegna da parte di Ziberna\u00a0a\u00a0Zoltan della maglietta di Gusti di frontiera.<\/p>\n<p> \tIl sindaco di Zalaegerszeg ha espresso apprezzamento per Gorizia e per Gusti di frontiera: &#8220;Un evento che ci piace molto, che vogliamo capire meglio per trarre degli spunti da sviluppare nelle manifestazioni che si svolgono anche nella nostra citt\u00e0&#8221;.<\/p>\n<p> \t&#8220;Ci sar\u00e0 sicuramente \u2013 ha rimarcato Ziberna \u2013 un coinvolgimento della citt\u00e0 ungherese nell&#39;ambito della Capitale europea della cultura, come con le altre citt\u00e0 gemellate perch\u00e8 \u00e8 anche attraverso questi legami che si aiuta a far crescere l&#39;Europa dei popoli&#8221;.\u00a0<\/p>\n<p> \tNel corso dell&#39;incontro un ringraziamento \u00e8 stato espresso a Fabio Gentile per la sua attivit\u00e0 di collegamento fra le due citt\u00e0, un&#39;attivit\u00e0 che, nei mesi scorsi, gli \u00e8 valso un riconoscimento da parte del Comune di Zalaegerszeg.<\/p>\n<p> \t\u00c8 stato citato anche <strong>Maurizio Gualdi<\/strong>,\u00a0presidente dello Sci club Monte Calvario,\u00a0da\u00a0pi\u00f9 di 10 anni anima del gemellaggio e impareggiabile organizzatore di scambi culturali e di visite di goriziani\u00a0a Zalaegerszeg, dove, recentemente, ha partecipato\u00a0a un festival gastronomico\u00a0ricevendo una menzione speciale per i piatti proposti a partire dal gulash di cinghiale di chef <strong>Stefano Sfiligoi<\/strong>.\u00a0<\/p>\n<p> \tLa delegazione ungherese ha quindi fatto visita alla Cantina Korsic di Giasbana, a San Floriano del Collio, dove sono stati accompagnati da Gentile,\u00a0Sartori e Gualdi e accolti,\u00a0oltre che dal titolare dell&#39;azienda, <strong>Fabjan Korsic<\/strong>, anche dal presidente del consiglio regionale del Friuli Venezia Giulia, <strong>Pier Mauro Zanin<\/strong>, e dall&#39;assessore del Comune di Gorizia, <strong>Luca Cagliari<\/strong>.\u00a0<\/p>\n<p> \t&#8220;\u00c8 stato un grande piacere davvero passare qualche ora con la delegazione di Zalaegerszeg \u2013 ha rimarcato Fabio Gentile \u2013, insieme a persone con cui, nel corso degli anni abbiamo stretto un rapporto di grande e vera amicizia. Gente generosa che a Zalaegerszeg ci riceve sempre con grande affetto, innamorati di Gorizia, come noi\u00a0lo siamo della cittadina ungherese\u00a0e pronti a collaborare su qualsiasi cosa. Un rapporto che deve essere coltivato e valorizzato nell&#39;interesse di entrambe le citt\u00e0&#8221;.<\/p>\n<p> \t\u00a0<\/p>\n","protected":false},"excerpt":{"rendered":"<p>Visita anche sul Collio<\/p>\n","protected":false},"author":28,"featured_media":44821,"comment_status":"closed","ping_status":"closed","sticky":false,"template":"","format":"standard","meta":{"dwc-title":[],"dwc-content":[],"footnotes":""},"categories":[5],"tags":[],"class_list":["post-44820","post","type-post","status-publish","format-standard","has-post-thumbnail","hentry","category-attualita"],"rttpg_featured_image_url":{"full":["https:\/\/imagazine.it\/wp-content\/uploads\/2024\/01\/49990-1.webp",1280,957,false],"landscape":["https:\/\/imagazine.it\/wp-content\/uploads\/2024\/01\/49990-1.webp",1280,957,false],"portraits":["https:\/\/imagazine.it\/wp-content\/uploads\/2024\/01\/49990-1.webp",1280,957,false],"thumbnail":["https:\/\/imagazine.it\/wp-content\/uploads\/2024\/01\/49990-1-150x150.webp",150,150,true],"medium":["https:\/\/imagazine.it\/wp-content\/uploads\/2024\/01\/49990-1-300x224.webp",300,224,true],"large":["https:\/\/imagazine.it\/wp-content\/uploads\/2024\/01\/49990-1-1024x766.webp",640,479,true],"thumblist":["https:\/\/imagazine.it\/wp-content\/uploads\/2024\/01\/49990-1.webp",300,224,false],"thumbrelated":["https:\/\/imagazine.it\/wp-content\/uploads\/2024\/01\/49990-1.webp",500,374,false],"meccarouselthumb":["https:\/\/imagazine.it\/wp-content\/uploads\/2024\/01\/49990-1.webp",433,324,false],"gridsquare":["https:\/\/imagazine.it\/wp-content\/uploads\/2024\/01\/49990-1.webp",348,260,false],"tileview":["https:\/\/imagazine.it\/wp-content\/uploads\/2024\/01\/49990-1.webp",300,224,false],"1536x1536":["https:\/\/imagazine.it\/wp-content\/uploads\/2024\/01\/49990-1.webp",1280,957,false],"2048x2048":["https:\/\/imagazine.it\/wp-content\/uploads\/2024\/01\/49990-1.webp",1280,957,false],"newsup-slider-full":["https:\/\/imagazine.it\/wp-content\/uploads\/2024\/01\/49990-1-1280x720.webp",1280,720,true],"newsup-featured":["https:\/\/imagazine.it\/wp-content\/uploads\/2024\/01\/49990-1-1024x766.webp",1024,766,true],"newsup-medium":["https:\/\/imagazine.it\/wp-content\/uploads\/2024\/01\/49990-1-720x380.webp",720,380,true],"tptn_thumbnail":["https:\/\/imagazine.it\/wp-content\/uploads\/2024\/01\/49990-1.webp",250,187,false],"sow-carousel-default":["https:\/\/imagazine.it\/wp-content\/uploads\/2024\/01\/49990-1-272x182.webp",272,182,true]},"rttpg_author":{"display_name":"redazione","author_link":"https:\/\/imagazine.it\/home_desk\/author\/redazione\/"},"rttpg_comment":0,"rttpg_category":"<a href=\"https:\/\/imagazine.it\/home_desk\/category\/attualita\/\" rel=\"category tag\">ATTUALIT\u00c0<\/a>","rttpg_excerpt":"Visita anche sul Collio","_links":{"self":[{"href":"https:\/\/imagazine.it\/home_desk\/wp-json\/wp\/v2\/posts\/44820","targetHints":{"allow":["GET"]}}],"collection":[{"href":"https:\/\/imagazine.it\/home_desk\/wp-json\/wp\/v2\/posts"}],"about":[{"href":"https:\/\/imagazine.it\/home_desk\/wp-json\/wp\/v2\/types\/post"}],"author":[{"embeddable":true,"href":"https:\/\/imagazine.it\/home_desk\/wp-json\/wp\/v2\/users\/28"}],"replies":[{"embeddable":true,"href":"https:\/\/imagazine.it\/home_desk\/wp-json\/wp\/v2\/comments?post=44820"}],"version-history":[{"count":0,"href":"https:\/\/imagazine.it\/home_desk\/wp-json\/wp\/v2\/posts\/44820\/revisions"}],"wp:featuredmedia":[{"embeddable":true,"href":"https:\/\/imagazine.it\/home_desk\/wp-json\/wp\/v2\/media\/44821"}],"wp:attachment":[{"href":"https:\/\/imagazine.it\/home_desk\/wp-json\/wp\/v2\/media?parent=44820"}],"wp:term":[{"taxonomy":"category","embeddable":true,"href":"https:\/\/imagazine.it\/home_desk\/wp-json\/wp\/v2\/categories?post=44820"},{"taxonomy":"post_tag","embeddable":true,"href":"https:\/\/imagazine.it\/home_desk\/wp-json\/wp\/v2\/tags?post=44820"}],"curies":[{"name":"wp","href":"https:\/\/api.w.org\/{rel}","templated":true}]}}