{"id":44810,"date":"2022-10-03T00:00:00","date_gmt":"2022-10-02T23:00:00","guid":{"rendered":"https:\/\/imagazine.it\/?p=44810"},"modified":"2022-10-03T00:00:00","modified_gmt":"2022-10-02T23:00:00","slug":"scherma-doppio-podio-friulano-al-trofeo-coni","status":"publish","type":"post","link":"https:\/\/imagazine.it\/home_desk\/scherma-doppio-podio-friulano-al-trofeo-coni\/","title":{"rendered":"Scherma, doppio podio friulano al Trofeo Coni"},"content":{"rendered":"<p> \tHanno tenuto alti colori del Friuli oltre che dell\u2019Associazione Sportiva Udinese, <strong>Andrea Castagnari<\/strong> (spada) e <strong>Marco Bertossi<\/strong> (fioretto) che in Toscana, in occasione della nuova edizione del <strong>Trofeo Coni<\/strong>, hanno raggiunto il podio.<\/p>\n<p> \t\u00abMi complimento con i nostri schermidori e con i loro allenatori &#8211; ha commentato il presidente dell\u2019Asu, <strong>Alessandro Nutta<\/strong> -. Si tratta di risultati particolarmente significativi perch\u00e9 testimonianza tangibile dell&#39;incessante lavoro di rilancio della scherma in generale e della spada in particolare\u00bb, ha ricordato.<\/p>\n<p> \tAndrea Castagnari ha sbaragliato la concorrenza, guadagnandosi l&#39;oro nella spada: \u00abAndrea ha vinto la gara fermando Ippolito del Club Scherma Roma con cui aveva perso 15-14 a Campionati italiani &#8211; ha spiegato il tecnico di fioretto, <strong>Fabio Zannier<\/strong>, presente in pedana -. Ha tirato molto bene e sfruttato a pieno le sue doti, sapendo entrare sul tempo dell\u2019avversario.<\/p>\n<p> \t\u00ab\u00c8 davvero un ottimo inizio di stagione per Andrea che, dopo il sesto posto conquistato a Riccione lo scorso anno, \u00e8 tornato in sala pi\u00f9 motivato e grintoso &#8211; ha commentato <strong>Eleonora Longo<\/strong>, responsabile della spada dell\u2019Asu &#8211; la gara di oggi rispecchia l\u2019impegno che ci mette ogni giorno in sala. Continua cos\u00ec e bravo Andrea\u00bb.<\/p>\n<p> \tMolto bene anche il fiorettista Marco Bertossi che ha raggiunto il secondo gradino del podio battendo anche il campione italiano.<\/p>\n<p> \t\u00abMarco ha fatto un ottimo risultato &#8211; ha sottolineato Zannier -. Ha perso per una sola stoccata con Nicol\u00f2 Rossi di Brescia. Per entrare nei quarti ha battuto anche Giuseppe Di Martino, l\u2019attuale campione italiano con cui aveva perso a Riccione. \u00c8 stata un\u2019ottima gara, risultato della crescita di Marco e del suo impegno in palestra\u00bb.<\/p>\n<p> \tIl Trofeo CONI\u00a0\u00e8 una manifestazione multisportiva rivolta ai ragazzi under 14 tesserati presso le Associazioni Sportive Dilettantistiche e Societ\u00e0 Sportive Dilettantistiche (ASD\/SSD), iscritte al Registro Nazionale del CONI e affiliate alle FSN e DSA. La manifestazione ha l\u2019intento di valorizzare l\u2019attivit\u00e0 sportiva, dando risalto a quel \u201csano agonismo\u201d che racchiude in s\u00e9 la vittoria cos\u00ec come la sconfitta quali elementi fondamentali per un percorso di crescita individuale e sportiva. Ogni anno, migliaia di giovani atleti si sfidano nelle diverse competizioni regionali rappresentando la propria Regione alla Finale Nazionale del Trofeo CONI, divertendosi, socializzando con altri giovani che provengono da tutte le regioni d\u2019Italia, conoscendo nuovi luoghi ed abitudini, sognando il traguardo olimpico.<\/p>\n<p> \t\u00a0<\/p>\n","protected":false},"excerpt":{"rendered":"<p>Exploit per gli atleti dell&#8217;ASU Udine<\/p>\n","protected":false},"author":28,"featured_media":44811,"comment_status":"closed","ping_status":"closed","sticky":false,"template":"","format":"standard","meta":{"dwc-title":[],"dwc-content":[],"footnotes":""},"categories":[38],"tags":[],"class_list":["post-44810","post","type-post","status-publish","format-standard","has-post-thumbnail","hentry","category-sport"],"rttpg_featured_image_url":{"full":["https:\/\/imagazine.it\/wp-content\/uploads\/2024\/01\/49982-1.webp",1280,810,false],"landscape":["https:\/\/imagazine.it\/wp-content\/uploads\/2024\/01\/49982-1.webp",1280,810,false],"portraits":["https:\/\/imagazine.it\/wp-content\/uploads\/2024\/01\/49982-1.webp",1280,810,false],"thumbnail":["https:\/\/imagazine.it\/wp-content\/uploads\/2024\/01\/49982-1-150x150.webp",150,150,true],"medium":["https:\/\/imagazine.it\/wp-content\/uploads\/2024\/01\/49982-1-300x190.webp",300,190,true],"large":["https:\/\/imagazine.it\/wp-content\/uploads\/2024\/01\/49982-1-1024x648.webp",640,405,true],"thumblist":["https:\/\/imagazine.it\/wp-content\/uploads\/2024\/01\/49982-1.webp",300,190,false],"thumbrelated":["https:\/\/imagazine.it\/wp-content\/uploads\/2024\/01\/49982-1.webp",500,316,false],"meccarouselthumb":["https:\/\/imagazine.it\/wp-content\/uploads\/2024\/01\/49982-1.webp",474,300,false],"gridsquare":["https:\/\/imagazine.it\/wp-content\/uploads\/2024\/01\/49982-1.webp",391,247,false],"tileview":["https:\/\/imagazine.it\/wp-content\/uploads\/2024\/01\/49982-1.webp",300,190,false],"1536x1536":["https:\/\/imagazine.it\/wp-content\/uploads\/2024\/01\/49982-1.webp",1280,810,false],"2048x2048":["https:\/\/imagazine.it\/wp-content\/uploads\/2024\/01\/49982-1.webp",1280,810,false],"newsup-slider-full":["https:\/\/imagazine.it\/wp-content\/uploads\/2024\/01\/49982-1-1280x720.webp",1280,720,true],"newsup-featured":["https:\/\/imagazine.it\/wp-content\/uploads\/2024\/01\/49982-1-1024x648.webp",1024,648,true],"newsup-medium":["https:\/\/imagazine.it\/wp-content\/uploads\/2024\/01\/49982-1-720x380.webp",720,380,true],"tptn_thumbnail":["https:\/\/imagazine.it\/wp-content\/uploads\/2024\/01\/49982-1.webp",250,158,false],"sow-carousel-default":["https:\/\/imagazine.it\/wp-content\/uploads\/2024\/01\/49982-1-272x182.webp",272,182,true]},"rttpg_author":{"display_name":"redazione","author_link":"https:\/\/imagazine.it\/home_desk\/author\/redazione\/"},"rttpg_comment":0,"rttpg_category":"<a href=\"https:\/\/imagazine.it\/home_desk\/category\/sport\/\" rel=\"category tag\">SPORT<\/a>","rttpg_excerpt":"Exploit per gli atleti dell'ASU Udine","_links":{"self":[{"href":"https:\/\/imagazine.it\/home_desk\/wp-json\/wp\/v2\/posts\/44810","targetHints":{"allow":["GET"]}}],"collection":[{"href":"https:\/\/imagazine.it\/home_desk\/wp-json\/wp\/v2\/posts"}],"about":[{"href":"https:\/\/imagazine.it\/home_desk\/wp-json\/wp\/v2\/types\/post"}],"author":[{"embeddable":true,"href":"https:\/\/imagazine.it\/home_desk\/wp-json\/wp\/v2\/users\/28"}],"replies":[{"embeddable":true,"href":"https:\/\/imagazine.it\/home_desk\/wp-json\/wp\/v2\/comments?post=44810"}],"version-history":[{"count":0,"href":"https:\/\/imagazine.it\/home_desk\/wp-json\/wp\/v2\/posts\/44810\/revisions"}],"wp:featuredmedia":[{"embeddable":true,"href":"https:\/\/imagazine.it\/home_desk\/wp-json\/wp\/v2\/media\/44811"}],"wp:attachment":[{"href":"https:\/\/imagazine.it\/home_desk\/wp-json\/wp\/v2\/media?parent=44810"}],"wp:term":[{"taxonomy":"category","embeddable":true,"href":"https:\/\/imagazine.it\/home_desk\/wp-json\/wp\/v2\/categories?post=44810"},{"taxonomy":"post_tag","embeddable":true,"href":"https:\/\/imagazine.it\/home_desk\/wp-json\/wp\/v2\/tags?post=44810"}],"curies":[{"name":"wp","href":"https:\/\/api.w.org\/{rel}","templated":true}]}}