{"id":44806,"date":"2022-10-03T00:00:00","date_gmt":"2022-10-02T23:00:00","guid":{"rendered":"https:\/\/imagazine.it\/?p=44806"},"modified":"2022-10-03T00:00:00","modified_gmt":"2022-10-02T23:00:00","slug":"gusti-di-frontiera-lancia-la-volata-a-go2025","status":"publish","type":"post","link":"https:\/\/imagazine.it\/home_desk\/gusti-di-frontiera-lancia-la-volata-a-go2025\/","title":{"rendered":"Gusti di Frontiera lancia la volata a Go!2025"},"content":{"rendered":"<p> \tNella sua 17esima edizione <strong>Gusti di Frontiera<\/strong> ha totalizzato \u2013 secondo i dati resi noti dal Comune di Gorizia \u2013 <strong>oltre 600 mila visitatori <\/strong>che hanno affollato i Borghi geografici allestiti in centro nel fine settimana.<\/p>\n<p> \tL\u2019afflusso si \u00e8 concentrato nelle giornate di sabato e domenica, complice il meteo favorevole, ma anche gioved\u00ec e venerd\u00ec, quando la pioggia \u00e8 caduta a scrosci, il movimento \u00e8 stato considerevole, soprattutto da parte di goriziani. E a differenza di altri anni la festa \u00e8 proseguita pi\u00f9 a lungo nella serata di domenica, con diversi punti del centro cittadino che sono stati animati fino a ridosso della mezzanotte.<\/p>\n<p> \t\u201cTraguardare tante presenze in due giorni, considerando che gioved\u00ec e venerd\u00ec il tempo \u00e8 stato inclemente, \u00e8 senza dubbio un risultato straordinario. I visitatori sono stati felici di rivedere la manifestazione nella sua formula apprezzata e collaudata e anche gli standisti si sono trovati benissimo\u201d, commenta il <strong>sindaco di Gorizia, Rodolfo Ziberna<\/strong>.<\/p>\n<p> \t\u201cChiediamo scusa \u2013 aggiunge \u2013 per i disagi inevitabili alla viabilit\u00e0 in citt\u00e0, ma si tratta di un fine settimana che di fatto ha una ricaduta importante in termini economici. Parliamo di quattro milioni di euro lasciati sul territorio, come \u00e8 stato calcolato dalla Regione. Grazie a tutte le forze dell\u2019ordine e a tutti coloro che si sono occupati di prevenzione e sicurezza, contribuendo in modo importante alla riuscita dell\u2019evento. Adesso guardiamo avanti all\u2019edizione 2023: stiamo gi\u00e0 pensando a qualche piccola modifica e miglioria\u201d.<\/p>\n<p> \t\u201cStiamo gi\u00e0 lavorando \u2013 sottolinea l\u2019<strong>assessore comunale ai Grandi eventi, Arianna Bellan<\/strong> \u2013 su criticit\u00e0 e punti di forza per organizzarci al meglio il prossimo anno. La qualit\u00e0 sar\u00e0 sempre un elemento imprescindibile nella scelta dei partecipanti e continueremo a valorizzare i prodotti del territorio in un\u2019ottica di Go2025, alla luce del grande appeal che hanno dimostrato di avere le eccellenze locali che abbiamo posizionato in piazza Sant\u2019Antonio. Gusti di Frontiera in questa edizione ha dimostrato di essere una manifestazione ormai consolidata, che nemmeno il brutto tempo riesce a fermare\u201d.<\/p>\n<p> \tAffollati come di consueto i treni, sia quelli speciali che le 48 corse straordinarie. <strong>Trenitalia<\/strong> ha rilevato che i dati sono allineati a quelli dell\u2019edizione 2019 della kermesse. Cos\u00ec come per gli stand, soprattutto sabato e domenica l\u2019affollamento \u00e8 stato elevato, con i convogli andati e ripartiti pieni. Il sabato in particolare i treni hanno viaggiato a pieno carico fino alle 2.30 del mattino.<\/p>\n<p> \tNell\u2019attesa dei numeri dettagliati (che sono in via di elaborazione e arriveranno a breve), <strong>Apt <\/strong>ha rilevato che tutte le navette di sabato e domenica sono state costantemente affollate, su tutti gli itinerari proposti (stazione ferroviaria, parcheggio Sdag e parcheggio PalaBigot verso l\u2019area della festa). Anche il trenino transfrontaliero di collegamento tra via Mameli e il centro di Nova Gorica ha avuto grande successo sabato e domenica, rivelandosi non solo un mezzo di trasporto anche una vera e propria attrazione. Tantissime le famiglie che con i bambini al seguito ne hanno approfittato.<\/p>\n<p> \tImmancabile il cartello esposto domenica nel tardo pomeriggio dai <strong>toscani<\/strong> della Pro Loco Ambra, alla 12esima partecipazione a Gusti di Frontiera e ormai di casa in via Crispi: \u201c<em>Siamo tornati e si \u00e8 rifinito tutto\u2026 50 lombate di vitello, 50 chili di salsicce, 50 chili di scamerrita, quattro prosciutti porchetta capaccia\u2026 finocchiona e lampredotto non quantificabile. Grazie Gorizia!<\/em>\u201d.<\/p>\n<p> \tImpossibile quantificare la quantit\u00e0 di <strong>kurtos<\/strong> venduti, anche perch\u00e9 al cannolo ungherese che rappresenta il re indiscusso dei dolci di Gusti di Frontiera sono stati dedicati almeno sei stand dislocati in punti diversi della festa. A segnalare addirittura un incremento di vendite rispetto al 2019 sono stati il <strong>Borgo\u00a0Balcani<\/strong>, con le plijeskavice cotte ininterrottamente fino alla tarda serata di domenica, e il <strong>Borgo Austria<\/strong>, con le sue wienerschnitzel e la sua grandissima variet\u00e0 di salsicce.<\/p>\n<p> \tQuest\u2019anno \u00e8 stata peraltro accolto in piazza Battisti la new entry <strong>Svizzera<\/strong>: il prodotto pi\u00f9 gettonato \u00e8 stata la raclette, di cui sono state servite oltre 700 porzioni, tanto che ieri sono finite le patate. Di conseguenza \u00e8 stato necessario rimpinguare le scorte, superando quota cento chili. Molto gradita anche la birra tipica svizzera, di cui sono stati svuotati 12 fusti.<\/p>\n<p> \t<strong>Borgo Oriente<\/strong> ha venduto in due giorni gli stessi quantitativi di\u00a0pietanze di quattro giorni del 2019, ovvero circa mille chili di kebab, 500 di riso e altrettanti di pollo.<\/p>\n<p> \tNel <strong>Borgo Africa<\/strong> il Camerun ha finito il platano, prodotto che fritto \u00e8 stato tra i pi\u00f9 apprezzati in assoluto, tanto che ieri mattina \u00e8 stato necessario correre a Udine per fare scorta, per un totale di oltre 50 chili. Molto bene \u00e8 andata anche con la carne speziata.<\/p>\n<p> \tL\u2019<strong>Australia<\/strong> alle 18 di ieri ha chiuso il suo stand, dopo aver dato fondo a circa cento chili di canguro, bisonte e cammello.<\/p>\n<p> \tNel <strong>Borgo Nord Europa<\/strong> \u00e8 andato a ruba l\u2019artigianato: esauriti i corni per bere la birra alla vichinga cos\u00ec come le borse in tartan della Scozia. Apprezzati\u00a0poi soprattutto la carne cucinata con smokery di qualit\u00e0 e le varianti dello stand dedicato alla liquirizia.<\/p>\n<p> \tTra le novit\u00e0 promosse di questa edizione, anche l\u2019allargamento del <strong>Borgo Americhe<\/strong> nell\u2019area del Mercato all\u2019ingrosso, fianco a fianco con il <strong>Borgo Mare<\/strong>, che ha fritto circa 800 chili di pesce.<\/p>\n<p> \t\u00a0<\/p>\n","protected":false},"excerpt":{"rendered":"<p>Vetrina dell&#8217;eccellenze del territorio<\/p>\n","protected":false},"author":28,"featured_media":44807,"comment_status":"closed","ping_status":"closed","sticky":false,"template":"","format":"standard","meta":{"dwc-title":[],"dwc-content":[],"footnotes":""},"categories":[8],"tags":[],"class_list":["post-44806","post","type-post","status-publish","format-standard","has-post-thumbnail","hentry","category-turismo"],"rttpg_featured_image_url":{"full":["https:\/\/imagazine.it\/wp-content\/uploads\/2024\/01\/49971-1.webp",1000,667,false],"landscape":["https:\/\/imagazine.it\/wp-content\/uploads\/2024\/01\/49971-1.webp",1000,667,false],"portraits":["https:\/\/imagazine.it\/wp-content\/uploads\/2024\/01\/49971-1.webp",1000,667,false],"thumbnail":["https:\/\/imagazine.it\/wp-content\/uploads\/2024\/01\/49971-1-150x150.webp",150,150,true],"medium":["https:\/\/imagazine.it\/wp-content\/uploads\/2024\/01\/49971-1-300x200.webp",300,200,true],"large":["https:\/\/imagazine.it\/wp-content\/uploads\/2024\/01\/49971-1.webp",640,427,false],"thumblist":["https:\/\/imagazine.it\/wp-content\/uploads\/2024\/01\/49971-1.webp",300,200,false],"thumbrelated":["https:\/\/imagazine.it\/wp-content\/uploads\/2024\/01\/49971-1.webp",500,334,false],"meccarouselthumb":["https:\/\/imagazine.it\/wp-content\/uploads\/2024\/01\/49971-1.webp",474,316,false],"gridsquare":["https:\/\/imagazine.it\/wp-content\/uploads\/2024\/01\/49971-1.webp",391,260,false],"tileview":["https:\/\/imagazine.it\/wp-content\/uploads\/2024\/01\/49971-1.webp",300,200,false],"1536x1536":["https:\/\/imagazine.it\/wp-content\/uploads\/2024\/01\/49971-1.webp",1000,667,false],"2048x2048":["https:\/\/imagazine.it\/wp-content\/uploads\/2024\/01\/49971-1.webp",1000,667,false],"newsup-slider-full":["https:\/\/imagazine.it\/wp-content\/uploads\/2024\/01\/49971-1.webp",1000,667,false],"newsup-featured":["https:\/\/imagazine.it\/wp-content\/uploads\/2024\/01\/49971-1.webp",1000,667,false],"newsup-medium":["https:\/\/imagazine.it\/wp-content\/uploads\/2024\/01\/49971-1-720x380.webp",720,380,true],"tptn_thumbnail":["https:\/\/imagazine.it\/wp-content\/uploads\/2024\/01\/49971-1.webp",250,167,false],"sow-carousel-default":["https:\/\/imagazine.it\/wp-content\/uploads\/2024\/01\/49971-1-272x182.webp",272,182,true]},"rttpg_author":{"display_name":"redazione","author_link":"https:\/\/imagazine.it\/home_desk\/author\/redazione\/"},"rttpg_comment":0,"rttpg_category":"<a href=\"https:\/\/imagazine.it\/home_desk\/category\/turismo\/\" rel=\"category tag\">TURISMO<\/a>","rttpg_excerpt":"Vetrina dell'eccellenze del territorio","_links":{"self":[{"href":"https:\/\/imagazine.it\/home_desk\/wp-json\/wp\/v2\/posts\/44806","targetHints":{"allow":["GET"]}}],"collection":[{"href":"https:\/\/imagazine.it\/home_desk\/wp-json\/wp\/v2\/posts"}],"about":[{"href":"https:\/\/imagazine.it\/home_desk\/wp-json\/wp\/v2\/types\/post"}],"author":[{"embeddable":true,"href":"https:\/\/imagazine.it\/home_desk\/wp-json\/wp\/v2\/users\/28"}],"replies":[{"embeddable":true,"href":"https:\/\/imagazine.it\/home_desk\/wp-json\/wp\/v2\/comments?post=44806"}],"version-history":[{"count":0,"href":"https:\/\/imagazine.it\/home_desk\/wp-json\/wp\/v2\/posts\/44806\/revisions"}],"wp:featuredmedia":[{"embeddable":true,"href":"https:\/\/imagazine.it\/home_desk\/wp-json\/wp\/v2\/media\/44807"}],"wp:attachment":[{"href":"https:\/\/imagazine.it\/home_desk\/wp-json\/wp\/v2\/media?parent=44806"}],"wp:term":[{"taxonomy":"category","embeddable":true,"href":"https:\/\/imagazine.it\/home_desk\/wp-json\/wp\/v2\/categories?post=44806"},{"taxonomy":"post_tag","embeddable":true,"href":"https:\/\/imagazine.it\/home_desk\/wp-json\/wp\/v2\/tags?post=44806"}],"curies":[{"name":"wp","href":"https:\/\/api.w.org\/{rel}","templated":true}]}}