{"id":44746,"date":"2022-09-28T00:00:00","date_gmt":"2022-09-27T23:00:00","guid":{"rendered":"https:\/\/imagazine.it\/?p=44746"},"modified":"2022-09-28T00:00:00","modified_gmt":"2022-09-27T23:00:00","slug":"il-fvg-sale-in-bici-contro-il-diabete","status":"publish","type":"post","link":"https:\/\/imagazine.it\/home_desk\/il-fvg-sale-in-bici-contro-il-diabete\/","title":{"rendered":"Il FVG sale in bici contro il diabete"},"content":{"rendered":"<p> \tIl fine della prossima settimana (dal 30 settembre al 2 ottobre) sar\u00e0 all\u2019insegna della prima pedalata di sensibilizzazione sulla patologia del diabete \u201c<strong><em>Diabete a Ruota Libera<\/em><\/strong>\u201d organizzata dal <strong>C.R.A.D. FVG OdV <\/strong>(Coordinamento Regionale Associazioni Diabetici).<\/p>\n<p> \tNelle giornate di venerd\u00ec 30 settembre, sabato 1 e domenica 2 ottobre, si svolger\u00e0 un giro ciclistico amatoriale, che vedr\u00e0 la partecipazione di persone affette da diabete e non, che pedaleranno assieme attraversando tutta la <strong>Regione Friuli Venezia Giulia<\/strong>.<\/p>\n<p> \tIl gruppo di ciclisti amatoriali iscritti all\u2019evento sar\u00e0 formato da circa 50-70 persone e sar\u00e0 supportato da un servizio staffetta gestito dal <strong>gruppo Angeli In Moto e ANPS Polizia di Stato di Udine<\/strong>, un servizio di sostegno emergenze con ambulanza della <strong>CRI di Palmanova<\/strong>, oltre ad un furgone per biciclette e\/o macchine al seguito.<\/p>\n<p> \tLa partenza di ogni tappa giornaliera \u00e8 prevista alle ore 9.30. L\u2018arrivo delle tappe di venerd\u00ec e sabato sar\u00e0 verso le ore 16.00, mentre la conclusione di domenica \u00e8 prevista per le ore 13.00. In ogni localit\u00e0 sar\u00e0 tenuto un evento divulgativo e di informazione tenuto dai sanitari della rete diabetologica regionale, gli appuntamenti del prossimo fine settimana si svolgeranno con il seguente calendario.<\/p>\n<p> \t<strong>Venerd\u00ec 30 settembre<\/strong> alle ore 8.30 ci sar\u00e0 il ritrovo in piazza Unit\u00e0 presso il Municipio di <strong>Tarvisio<\/strong>, alle ore 9.30 partenza da Tarvisio in direzione di <strong>Tolmezzo<\/strong>. Dopo 64 chilometri, verso le ore 13, si arriver\u00e0 in piazza XX Settembre a Tolmezzo, quindi alle ore 13.30 si ripartir\u00e0 in direzione di <strong>San Daniele del Friuli<\/strong>, 40 chilometri, per arrivare alle 16 davanti alla notissima Biblioteca Guarneriana in via Roma. <strong>Sabato 1\u00b0 ottobre<\/strong> il ritrovo \u00e8 previsto a <strong>Pordenone<\/strong> presso la Loggia Municipale, in Corso Vittorio Emanuele II, e da l\u00ec alle ore 9.30 si partir\u00e0 in direzione <strong>San Vito al Tagliamento<\/strong>, dove si arriver\u00e0 in piazza del Popolo dopo 21 chilometri di percorso. Successivamente alle ore 11.30 partenza in direzione di <strong>Palmanova<\/strong>, arrivo in piazza Grande dopo 57 chilometri, e da qui alle ore 15 partenza in direzione di Udine, 27 chilometri, l\u2019arrivo \u00e8 fissato a <strong>Udine<\/strong> presso la Loggia del Lionello.<\/p>\n<p> \tUltima giornata <strong>domenica 2 ottobre<\/strong>: ritrovo a <strong>Gorizia<\/strong> al parco della Rimembranza (lato via Duca D&#39;Aosta), alle 9.30 partenza verso <strong>Monfalcone<\/strong>, arrivo previsto alle 10.30 in piazza Unit\u00e0 d\u2019Italia, dopo 23 chilometri. Alle ore 11 partenza da Monfalcone in direzione di <strong>Trieste<\/strong> e dopo 30 km la pedalata si concluder\u00e0 in piazza Giuseppe Verdi.<\/p>\n<p> \tDurante gli eventi divulgativi sar\u00e0 inoltre possibile, grazie alla collaborazione con la <strong>Croce Rossa Italiana<\/strong>, misurare la glicemia come forma di prevenzione al diabete. Le persone affette da diabete in Friuli Venezia Giulia sono oltre 90.000 (circa 6 persone su 100) e si calcola che un numero pari a circa un terzo non sa ancora di soffrirne. La diagnosi tardiva del tipo 2, pu\u00f2 avvenire quando la persona ha gi\u00e0 sviluppato una o pi\u00f9 complicanze, mentre per il tipo 1, pu\u00f2 avvenire in chetoacidosi, con grave rischio della vita della persona stessa. Conoscere i sintomi di questa malattia, cos\u00ec largamente diffusa, pu\u00f2 prevenire situazioni di grave pericolo, con effetti positivi sui pazienti e sulle loro famiglie e con una notevole riduzione dei costi a carico del Servizio Sanitario Pubblico.<\/p>\n<p> \t\u00a0<\/p>\n","protected":false},"excerpt":{"rendered":"<p>Tre giorni sui pedali<\/p>\n","protected":false},"author":22,"featured_media":44747,"comment_status":"closed","ping_status":"closed","sticky":false,"template":"","format":"standard","meta":{"dwc-title":[],"dwc-content":[],"footnotes":""},"categories":[38],"tags":[],"class_list":["post-44746","post","type-post","status-publish","format-standard","has-post-thumbnail","hentry","category-sport"],"rttpg_featured_image_url":{"full":["https:\/\/imagazine.it\/wp-content\/uploads\/2024\/01\/49873-1.webp",1280,853,false],"landscape":["https:\/\/imagazine.it\/wp-content\/uploads\/2024\/01\/49873-1.webp",1280,853,false],"portraits":["https:\/\/imagazine.it\/wp-content\/uploads\/2024\/01\/49873-1.webp",1280,853,false],"thumbnail":["https:\/\/imagazine.it\/wp-content\/uploads\/2024\/01\/49873-1-150x150.webp",150,150,true],"medium":["https:\/\/imagazine.it\/wp-content\/uploads\/2024\/01\/49873-1-300x200.webp",300,200,true],"large":["https:\/\/imagazine.it\/wp-content\/uploads\/2024\/01\/49873-1-1024x682.webp",640,426,true],"thumblist":["https:\/\/imagazine.it\/wp-content\/uploads\/2024\/01\/49873-1.webp",300,200,false],"thumbrelated":["https:\/\/imagazine.it\/wp-content\/uploads\/2024\/01\/49873-1.webp",500,333,false],"meccarouselthumb":["https:\/\/imagazine.it\/wp-content\/uploads\/2024\/01\/49873-1.webp",474,316,false],"gridsquare":["https:\/\/imagazine.it\/wp-content\/uploads\/2024\/01\/49873-1.webp",391,260,false],"tileview":["https:\/\/imagazine.it\/wp-content\/uploads\/2024\/01\/49873-1.webp",300,200,false],"1536x1536":["https:\/\/imagazine.it\/wp-content\/uploads\/2024\/01\/49873-1.webp",1280,853,false],"2048x2048":["https:\/\/imagazine.it\/wp-content\/uploads\/2024\/01\/49873-1.webp",1280,853,false],"newsup-slider-full":["https:\/\/imagazine.it\/wp-content\/uploads\/2024\/01\/49873-1-1280x720.webp",1280,720,true],"newsup-featured":["https:\/\/imagazine.it\/wp-content\/uploads\/2024\/01\/49873-1-1024x682.webp",1024,682,true],"newsup-medium":["https:\/\/imagazine.it\/wp-content\/uploads\/2024\/01\/49873-1-720x380.webp",720,380,true],"tptn_thumbnail":["https:\/\/imagazine.it\/wp-content\/uploads\/2024\/01\/49873-1.webp",250,167,false],"sow-carousel-default":["https:\/\/imagazine.it\/wp-content\/uploads\/2024\/01\/49873-1-272x182.webp",272,182,true]},"rttpg_author":{"display_name":"Livio Nonis","author_link":"https:\/\/imagazine.it\/home_desk\/author\/nonis\/"},"rttpg_comment":0,"rttpg_category":"<a href=\"https:\/\/imagazine.it\/home_desk\/category\/sport\/\" rel=\"category tag\">SPORT<\/a>","rttpg_excerpt":"Tre giorni sui pedali","_links":{"self":[{"href":"https:\/\/imagazine.it\/home_desk\/wp-json\/wp\/v2\/posts\/44746","targetHints":{"allow":["GET"]}}],"collection":[{"href":"https:\/\/imagazine.it\/home_desk\/wp-json\/wp\/v2\/posts"}],"about":[{"href":"https:\/\/imagazine.it\/home_desk\/wp-json\/wp\/v2\/types\/post"}],"author":[{"embeddable":true,"href":"https:\/\/imagazine.it\/home_desk\/wp-json\/wp\/v2\/users\/22"}],"replies":[{"embeddable":true,"href":"https:\/\/imagazine.it\/home_desk\/wp-json\/wp\/v2\/comments?post=44746"}],"version-history":[{"count":0,"href":"https:\/\/imagazine.it\/home_desk\/wp-json\/wp\/v2\/posts\/44746\/revisions"}],"wp:featuredmedia":[{"embeddable":true,"href":"https:\/\/imagazine.it\/home_desk\/wp-json\/wp\/v2\/media\/44747"}],"wp:attachment":[{"href":"https:\/\/imagazine.it\/home_desk\/wp-json\/wp\/v2\/media?parent=44746"}],"wp:term":[{"taxonomy":"category","embeddable":true,"href":"https:\/\/imagazine.it\/home_desk\/wp-json\/wp\/v2\/categories?post=44746"},{"taxonomy":"post_tag","embeddable":true,"href":"https:\/\/imagazine.it\/home_desk\/wp-json\/wp\/v2\/tags?post=44746"}],"curies":[{"name":"wp","href":"https:\/\/api.w.org\/{rel}","templated":true}]}}