{"id":44744,"date":"2022-09-25T00:00:00","date_gmt":"2022-09-24T23:00:00","guid":{"rendered":"https:\/\/imagazine.it\/?p=44744"},"modified":"2022-09-25T00:00:00","modified_gmt":"2022-09-24T23:00:00","slug":"ruda-rilancia-i-corsi-di-canto","status":"publish","type":"post","link":"https:\/\/imagazine.it\/home_desk\/ruda-rilancia-i-corsi-di-canto\/","title":{"rendered":"Ruda rilancia i corsi di canto"},"content":{"rendered":"<p> \tIn concomitanza con l\u2019inizio dell\u2019anno scolastico, anche la <strong>Scuola di Musica di Ruda<\/strong>, associazione \u201cPro Musica\u201d, inizia i corsi per la preparazione dei bambini e bambine al canto, un impegno molto importante poich\u00e9 si parte dai piccolissimi, si pu\u00f2 dire bimbi ancora in fasce, ai grandicelli che arrivano fino ai tredici anni di et\u00e0. E come sempre, con insegnanti preparati ad insegnare ma anche a far divertire i nuovi \u201ccantanti\u201d in erba.<\/p>\n<p> \tA breve partiranno perci\u00f2 tre corsi, due avranno inizio marted\u00ec 4 ottobre con la maestra <strong>Delia Stabile<\/strong>, pronta ad accogliere ragazzi e ragazze tra i 6 e i 13 anni a cui piace la musica e che desiderano entrare a far parte del coro voci bianche. Si imparer\u00e0 a cantare bene e con il sorriso, i ragazzi scopriranno che farlo insieme \u00e8 una cosa bellissima. Le prime quattro prove sono a titolo gratuito e si pu\u00f2 andare ogni marted\u00ec dalle ore 17.45 alle ore 18.45 presso la Scuola Comunale di Musica di Ruda in Via degli Alpini 4.<\/p>\n<p> \tSempre marted\u00ec 4 ottobre, dalle 16.30, ci sar\u00e0 \u201cMusica under 3\u201d, la maestra<strong> Lucia Follador<\/strong> sar\u00e0 con bimbi dai 0 a 3 anni e con il \u201cMetodo Cordon\u201d inizier\u00e0 ad insegnare a questi piccolissimi i primi suoni del pentagramma musicale, compito non facile ma la maestra ha molta esperienza in questo campo e continuer\u00e0 con questo metodo ormai consolidato.<\/p>\n<p> \tInvece sabato 8 ottobre inizia il corso di \u201cPropedeutica Musicale\u201d con la maestra <strong>Carole Gios<\/strong>, dalle ore 9.30 ci sar\u00e0 spazio per bambini e bambine dai 3 ai 4 anni (sezioni piccoli e medi delle scuole per l&#39;infanzia) e dalle ore 10.45 sar\u00e0 la volta dei bambini dai 5 &#8211; 6 anni (sezione grandi delle scuole per l&#39;infanzia).<\/p>\n<p> \tPer informazioni e prenotazione si pu\u00f2 scrivere a\u00a0 <a href=\"mailto:scuoladimusica.ruda@gmail.com\">scuoladimusica.ruda@gmail.com<\/a> o telefonare ai numeri 0431 99077 e 370 3682977.<\/p>\n<p> \t\u00a0<\/p>\n","protected":false},"excerpt":{"rendered":"<p>Iscrizioni aperte<\/p>\n","protected":false},"author":22,"featured_media":44745,"comment_status":"closed","ping_status":"closed","sticky":false,"template":"","format":"standard","meta":{"dwc-title":[],"dwc-content":[],"footnotes":""},"categories":[37],"tags":[],"class_list":["post-44744","post","type-post","status-publish","format-standard","has-post-thumbnail","hentry","category-cultura-e-spettacolo"],"rttpg_featured_image_url":{"full":["https:\/\/imagazine.it\/wp-content\/uploads\/2024\/01\/49868-1.webp",1000,667,false],"landscape":["https:\/\/imagazine.it\/wp-content\/uploads\/2024\/01\/49868-1.webp",1000,667,false],"portraits":["https:\/\/imagazine.it\/wp-content\/uploads\/2024\/01\/49868-1.webp",1000,667,false],"thumbnail":["https:\/\/imagazine.it\/wp-content\/uploads\/2024\/01\/49868-1-150x150.webp",150,150,true],"medium":["https:\/\/imagazine.it\/wp-content\/uploads\/2024\/01\/49868-1-300x200.webp",300,200,true],"large":["https:\/\/imagazine.it\/wp-content\/uploads\/2024\/01\/49868-1.webp",640,427,false],"thumblist":["https:\/\/imagazine.it\/wp-content\/uploads\/2024\/01\/49868-1.webp",300,200,false],"thumbrelated":["https:\/\/imagazine.it\/wp-content\/uploads\/2024\/01\/49868-1.webp",500,334,false],"meccarouselthumb":["https:\/\/imagazine.it\/wp-content\/uploads\/2024\/01\/49868-1.webp",474,316,false],"gridsquare":["https:\/\/imagazine.it\/wp-content\/uploads\/2024\/01\/49868-1.webp",391,260,false],"tileview":["https:\/\/imagazine.it\/wp-content\/uploads\/2024\/01\/49868-1.webp",300,200,false],"1536x1536":["https:\/\/imagazine.it\/wp-content\/uploads\/2024\/01\/49868-1.webp",1000,667,false],"2048x2048":["https:\/\/imagazine.it\/wp-content\/uploads\/2024\/01\/49868-1.webp",1000,667,false],"newsup-slider-full":["https:\/\/imagazine.it\/wp-content\/uploads\/2024\/01\/49868-1.webp",1000,667,false],"newsup-featured":["https:\/\/imagazine.it\/wp-content\/uploads\/2024\/01\/49868-1.webp",1000,667,false],"newsup-medium":["https:\/\/imagazine.it\/wp-content\/uploads\/2024\/01\/49868-1-720x380.webp",720,380,true],"tptn_thumbnail":["https:\/\/imagazine.it\/wp-content\/uploads\/2024\/01\/49868-1.webp",250,167,false],"sow-carousel-default":["https:\/\/imagazine.it\/wp-content\/uploads\/2024\/01\/49868-1-272x182.webp",272,182,true]},"rttpg_author":{"display_name":"Livio Nonis","author_link":"https:\/\/imagazine.it\/home_desk\/author\/nonis\/"},"rttpg_comment":0,"rttpg_category":"<a href=\"https:\/\/imagazine.it\/home_desk\/category\/cultura-e-spettacolo\/\" rel=\"category tag\">CULTURA&amp;SPETTACOLO<\/a>","rttpg_excerpt":"Iscrizioni aperte","_links":{"self":[{"href":"https:\/\/imagazine.it\/home_desk\/wp-json\/wp\/v2\/posts\/44744","targetHints":{"allow":["GET"]}}],"collection":[{"href":"https:\/\/imagazine.it\/home_desk\/wp-json\/wp\/v2\/posts"}],"about":[{"href":"https:\/\/imagazine.it\/home_desk\/wp-json\/wp\/v2\/types\/post"}],"author":[{"embeddable":true,"href":"https:\/\/imagazine.it\/home_desk\/wp-json\/wp\/v2\/users\/22"}],"replies":[{"embeddable":true,"href":"https:\/\/imagazine.it\/home_desk\/wp-json\/wp\/v2\/comments?post=44744"}],"version-history":[{"count":0,"href":"https:\/\/imagazine.it\/home_desk\/wp-json\/wp\/v2\/posts\/44744\/revisions"}],"wp:featuredmedia":[{"embeddable":true,"href":"https:\/\/imagazine.it\/home_desk\/wp-json\/wp\/v2\/media\/44745"}],"wp:attachment":[{"href":"https:\/\/imagazine.it\/home_desk\/wp-json\/wp\/v2\/media?parent=44744"}],"wp:term":[{"taxonomy":"category","embeddable":true,"href":"https:\/\/imagazine.it\/home_desk\/wp-json\/wp\/v2\/categories?post=44744"},{"taxonomy":"post_tag","embeddable":true,"href":"https:\/\/imagazine.it\/home_desk\/wp-json\/wp\/v2\/tags?post=44744"}],"curies":[{"name":"wp","href":"https:\/\/api.w.org\/{rel}","templated":true}]}}