{"id":44693,"date":"2022-09-22T00:00:00","date_gmt":"2022-09-21T23:00:00","guid":{"rendered":"https:\/\/imagazine.it\/?p=44693"},"modified":"2022-09-22T00:00:00","modified_gmt":"2022-09-21T23:00:00","slug":"donazione-di-midollo-il-fvg-scende-in-piazza","status":"publish","type":"post","link":"https:\/\/imagazine.it\/home_desk\/donazione-di-midollo-il-fvg-scende-in-piazza\/","title":{"rendered":"Donazione di midollo, il FVG scende in piazza"},"content":{"rendered":"<p> \tTorna anche nelle <strong>piazze del Friuli Venezia Giulia<\/strong> la campagna &#8220;Match It Now&#8221; con la quale Admo, in concomitanza con la Settimana Mondiale della donazione del midollo osseo, punta a sensibilizzare i giovani tra i 18 e i 35 anni sull&#39;importanza di questo gesto, tanto semplice quanto essenziale, ricordando loro che &#8220;Non c&#39;\u00e8 due senza Te&#8221;.<\/p>\n<p> \t<strong>LE DATE E LE PIAZZE IN FVG<\/strong> &#8211; Il <strong>24 settembre a Udine<\/strong> (in piazza Matteotti dalle 9 alle 22); <strong>Pordenone<\/strong> (in piazza XX Settembre dalle 8 alle 21); <strong>Gorizia<\/strong> (Corso Verdi, 104 dalle 10 alle 20); e il <strong>1\u00b0 ottobre a Trieste<\/strong> (in via Dante 5 dalle 10 alle 19) sar\u00e0 possibile ricevere tutte le informazioni necessarie per iscriversi al Registro Italiano donatori di midollo osseo e cellule staminali emopoietiche (Ibmdr) possibile con un semplice e indolore prelievo di sangue o la raccolta di un campione salivare.<\/p>\n<p> \t<strong>OBIETTIVO DI ADMO<\/strong> \u2013 La campagna Admo quest\u2019anno assume peraltro un ruolo strategico. A causa dell\u2019emergenza sanitaria dovuta al Covid-19, \u00e8 stata registrata una drastica contrazione del numero di nuove iscrizioni al Registro donatori, mentre purtroppo, i malati non sono diminuiti. Un trend non sostenibile sul lungo periodo.<\/p>\n<p> \t<strong>I DATI DEL FVG<\/strong> &#8211; \u00ab<em>Durante l\u2019emergenza, a causa delle molte limitazioni, gli ematologi si sono trovati costretti ad attingere principalmente dal registro italiano. Ci\u00f2 ha fatto emergere quello che si temeva: \u00e8 troppo piccolo rispetto alle esigenze<\/em>\u00bb, ha spiegato <strong>Paola Rugo<\/strong>, presidente dell\u2019Associazione donatori di midollo osseo Fvg che parlando proprio di numeri, ha ricordato come nel 2019 in Fvg si sono iscritte al Registro 1433 persone. Il 2020 ha chiuso con meno della met\u00e0 delle adesioni, solo 668; diventate ancora inferiori, 603, nel 2021.<\/p>\n<p> \tPer il 2022, grazie alla ripresa delle attivit\u00e0 di divulgazione in presenza siamo gi\u00e0 a 615 e l\u2019obiettivo \u00e8 quello di raggiungere almeno quota 800 per fine anno. Sono numeri che parlano da soli.<\/p>\n<p> \t\u00ab<em>In questi anni di pandemia abbiamo sofferto molto <\/em>&#8211; ha ricordato Rugo -.<em> La raccolta di adesioni ha raggiunto livelli cos\u00ec bassi a causa dell\u2019impossibilit\u00e0 dei volontari di svolgere la consueta attivit\u00e0, fatta principalmente di sensibilizzazione nelle scuole e nelle Universit\u00e0 attraverso delle conferenze in cui donatori e riceventi portano la loro personale esperienza. Tutto si \u00e8 trasferito online. Ma i ragazzi erano stanchi di guardare il mondo attraverso lo schermo e certamente demotivati dall\u2019impossibilit\u00e0 di vivere la loro quotidianit\u00e0. Per di pi\u00f9, l\u2019impatto emotivo di vedere faccia a faccia qualcuno che racconta la propria esperienza \u00e8 assolutamente diverso. Il risultato \u00e8 stato quello mostrato dai dati.<\/em> <em>Ora <\/em>\u2013 ha concluso &#8211;<em> stiamo ripartendo e contiamo di arrivare ai livelli pre-pandemia. Intanto vi aspettiamo in piazza tra fine settembre e i primi di ottobre<\/em>\u00bb.<\/p>\n<p> \tPer maggiori informazioni: <u><a href=\"http:\/\/www.admofvg.it\" target=\"_blank\" rel=\"noopener\"><span style=\"color:#0000cd;\">www.admofvg.it<\/span><\/a><\/u><\/p>\n<p> \t\u00a0<\/p>\n","protected":false},"excerpt":{"rendered":"<p>&#8220;Match It Now\u201d<\/p>\n","protected":false},"author":28,"featured_media":44694,"comment_status":"closed","ping_status":"closed","sticky":false,"template":"","format":"standard","meta":{"dwc-title":[],"dwc-content":[],"footnotes":""},"categories":[6],"tags":[],"class_list":["post-44693","post","type-post","status-publish","format-standard","has-post-thumbnail","hentry","category-societa"],"rttpg_featured_image_url":{"full":["https:\/\/imagazine.it\/wp-content\/uploads\/2024\/01\/49806-1.webp",900,661,false],"landscape":["https:\/\/imagazine.it\/wp-content\/uploads\/2024\/01\/49806-1.webp",900,661,false],"portraits":["https:\/\/imagazine.it\/wp-content\/uploads\/2024\/01\/49806-1.webp",900,661,false],"thumbnail":["https:\/\/imagazine.it\/wp-content\/uploads\/2024\/01\/49806-1-150x150.webp",150,150,true],"medium":["https:\/\/imagazine.it\/wp-content\/uploads\/2024\/01\/49806-1-300x220.webp",300,220,true],"large":["https:\/\/imagazine.it\/wp-content\/uploads\/2024\/01\/49806-1.webp",640,470,false],"thumblist":["https:\/\/imagazine.it\/wp-content\/uploads\/2024\/01\/49806-1.webp",300,220,false],"thumbrelated":["https:\/\/imagazine.it\/wp-content\/uploads\/2024\/01\/49806-1.webp",500,367,false],"meccarouselthumb":["https:\/\/imagazine.it\/wp-content\/uploads\/2024\/01\/49806-1.webp",441,324,false],"gridsquare":["https:\/\/imagazine.it\/wp-content\/uploads\/2024\/01\/49806-1.webp",354,260,false],"tileview":["https:\/\/imagazine.it\/wp-content\/uploads\/2024\/01\/49806-1.webp",300,220,false],"1536x1536":["https:\/\/imagazine.it\/wp-content\/uploads\/2024\/01\/49806-1.webp",900,661,false],"2048x2048":["https:\/\/imagazine.it\/wp-content\/uploads\/2024\/01\/49806-1.webp",900,661,false],"newsup-slider-full":["https:\/\/imagazine.it\/wp-content\/uploads\/2024\/01\/49806-1.webp",900,661,false],"newsup-featured":["https:\/\/imagazine.it\/wp-content\/uploads\/2024\/01\/49806-1.webp",900,661,false],"newsup-medium":["https:\/\/imagazine.it\/wp-content\/uploads\/2024\/01\/49806-1-720x380.webp",720,380,true],"tptn_thumbnail":["https:\/\/imagazine.it\/wp-content\/uploads\/2024\/01\/49806-1.webp",250,184,false],"sow-carousel-default":["https:\/\/imagazine.it\/wp-content\/uploads\/2024\/01\/49806-1-272x182.webp",272,182,true]},"rttpg_author":{"display_name":"redazione","author_link":"https:\/\/imagazine.it\/home_desk\/author\/redazione\/"},"rttpg_comment":0,"rttpg_category":"<a href=\"https:\/\/imagazine.it\/home_desk\/category\/societa\/\" rel=\"category tag\">SOCIET\u00c0<\/a>","rttpg_excerpt":"\"Match It Now\u201d","_links":{"self":[{"href":"https:\/\/imagazine.it\/home_desk\/wp-json\/wp\/v2\/posts\/44693","targetHints":{"allow":["GET"]}}],"collection":[{"href":"https:\/\/imagazine.it\/home_desk\/wp-json\/wp\/v2\/posts"}],"about":[{"href":"https:\/\/imagazine.it\/home_desk\/wp-json\/wp\/v2\/types\/post"}],"author":[{"embeddable":true,"href":"https:\/\/imagazine.it\/home_desk\/wp-json\/wp\/v2\/users\/28"}],"replies":[{"embeddable":true,"href":"https:\/\/imagazine.it\/home_desk\/wp-json\/wp\/v2\/comments?post=44693"}],"version-history":[{"count":0,"href":"https:\/\/imagazine.it\/home_desk\/wp-json\/wp\/v2\/posts\/44693\/revisions"}],"wp:featuredmedia":[{"embeddable":true,"href":"https:\/\/imagazine.it\/home_desk\/wp-json\/wp\/v2\/media\/44694"}],"wp:attachment":[{"href":"https:\/\/imagazine.it\/home_desk\/wp-json\/wp\/v2\/media?parent=44693"}],"wp:term":[{"taxonomy":"category","embeddable":true,"href":"https:\/\/imagazine.it\/home_desk\/wp-json\/wp\/v2\/categories?post=44693"},{"taxonomy":"post_tag","embeddable":true,"href":"https:\/\/imagazine.it\/home_desk\/wp-json\/wp\/v2\/tags?post=44693"}],"curies":[{"name":"wp","href":"https:\/\/api.w.org\/{rel}","templated":true}]}}