{"id":44679,"date":"2022-09-21T00:00:00","date_gmt":"2022-09-20T23:00:00","guid":{"rendered":"https:\/\/imagazine.it\/?p=44679"},"modified":"2022-09-21T00:00:00","modified_gmt":"2022-09-20T23:00:00","slug":"udine-grande-musica-per-grandi-interpreti","status":"publish","type":"post","link":"https:\/\/imagazine.it\/home_desk\/udine-grande-musica-per-grandi-interpreti\/","title":{"rendered":"Udine, grande musica per grandi interpreti"},"content":{"rendered":"<p style=\"margin-left:-7.1pt;\"> \tPassato il traguardo secolare, gli <strong>Amici della Musica di Udine<\/strong> hanno presentato nel Salone del Popolo di Palazzo D\u2019Aronco alla presenza di autorit\u00e0 (tra cui l\u2019assessore regionale <strong>Tiziana Gibelli<\/strong> e l\u2019assessore comunale <strong>Fabrizio Cigolot<\/strong>), appassionati, artisti e rappresentanti degli enti pubblici e privati che supportano la rassegna realizzata con il contributo del Ministero della Cultura, della Regione FVG, della Fondazione Friuli e del Comune di Udine, grazie al sostegno della BCC Banca di Udine, NordGroup e ABAU Accademia Tiepolo, accanto alle gi\u00e0 consolidate sinergie con Universit\u00e0 di Udine, ERT, Fondazione Renati, Societ\u00e0 Filologica Friulana e Club per l\u2019Unesco di Udine.<\/p>\n<p style=\"margin-left:-7.1pt;\"> \tTra gli intervenuti, oltre alla presidente e direttore artistico dell\u2019associazione <strong>Luisa Sello<\/strong>, anche <strong>Michele Florit<\/strong> (Accademia Tiepolo), <strong>Francesca Venuto<\/strong> (Fondazione Friuli), <strong>Renato Manzoni<\/strong> (ERT) e <strong>Fabio Alessi<\/strong> (Universit\u00e0 di Udine).<\/p>\n<p style=\"margin-left:-7.1pt;\"> \tA testimonianza della continua curiosit\u00e0 artistica e intellettuale, il sodalizio inaugura la centunesima stagione presentando il risultato di una ricerca filologica e storica, ovvero un\u2019esecuzione in prima assoluta di alcune composizioni di Luigi Garzoni nella celebrazione dei 50 anni dalla scomparsa, accanto ad altre musiche di Grieg, autore preferito del \u201ccantore del Friuli\u201d. L\u2019appuntamento \u00e8 fissato per luned\u00ec <strong>14 novembre<\/strong> con la Fvg Orchestra diretta da Paolo Paroni, solista Matteo Bevilacqua.<\/p>\n<p style=\"margin-left:-7.1pt;\"> \tSi prosegue mercoled\u00ec <strong>30 novembre<\/strong>, con il duo clarinetto e pianoforte formato dal virtuoso Fabio Di Casola e Paola De Piante Vicin, in musiche di Schumann, Saint-Saens e Poulenc.<\/p>\n<p style=\"margin-left:-7.1pt;\"> \tIl <strong>14 dicembre<\/strong> il palco sar\u00e0 tutto per gli otto violoncelli del Cello Consort diretti da Dario De Stefano, concerto imperdibile per gli amanti dello strumento tra Vivaldi, Bach, Mascagni e Piazzolla.<\/p>\n<p style=\"margin-left:-7.1pt;\"> \tSi riparte l\u2019<strong>11 gennaio<\/strong>, per il compleanno degli Amici della Musica, che finalmente gioiscono per la presenza di Eduardo Delgado, gi\u00e0 annunciato l\u2019anno scorso, ma purtroppo annullato causa pandemia. Il pianista argentino, universalmente riconosciuto come uno dei pi\u00f9 grandi interpreti viventi e partner artistico di Marta Argerich, rappresenta una delle punte di diamante del concertismo mondiale. Lo ascolteremo in pagine di Bach, Mendelssohn, Ginastera, Bragato e Piazzolla.<\/p>\n<p style=\"margin-left:-7.1pt;\"> \tIl <strong>25 gennaio<\/strong> spazio a un duo spagnolo, pianoforte a quattro mani con Claudia Sevilla e Antonio Soria, che presentano un repertorio pertinente alla loro cultura: Turrina, Tadeo De Murguia e autori che hanno ricevuto un\u2019influenza iberica fortissima, come ad esempio Ravel.<\/p>\n<p style=\"margin-left:-7.1pt;\"> \tIl giorno di San Valentino, <strong>14 febbraio<\/strong>, ecco il trio internazionale Euro-Asia, che unisce le qualit\u00e0 solistiche della violinista coreana Sarm Kim al premio Ciaikovskij del russo Kirill Rodin e alla pianista italiana Roberta Pandolfi. Sui leggii, Beethoven e Shostakovich.<\/p>\n<p style=\"margin-left:-7.1pt;\"> \tSi prosegue il <strong>primo marzo<\/strong> con un ensemble tutto al femminile, doppio quintetto di archi e di fiati: Le Pics Ensemble. Si tratta di un gruppo insolito e assolutamente unico, creato da artiste della nostra regione. Le musiche originali per decimino e nonetto sono tratte da Farrenc, Dubois e Francaix.<\/p>\n<p style=\"margin-left:-7.1pt;\"> \tIl <strong>22 marzo<\/strong>, in collaborazione con la Societa\u0300 Italiana di Musica Contemporanea a cent\u2019anni dalla fondazione ad opera di Casella, l\u2019Ensemble Brunier Lucca (soprano, flauto, violino, violoncello e pianoforte) propone Bizet, Haydn, Talmelli, Respighi (ricorre il 98\u00b0 anniversario della prima mondiale \u201cIl Tramonto\u201d, da lui diretta proprio a Udine nel marzo 1924) e ovviamente Casella.<\/p>\n<p style=\"margin-left:-7.1pt;\"> \tSi termina con il recital pianistico di Roberto Cappello, che per il <strong>12 aprile<\/strong> ha scelto un programma monografico, dal titolo \u201cIl Liszt mistico\u201d.<\/p>\n<p style=\"margin-left:-7.1pt;\"> \tAd arricchire il cartellone, la rassegna parallela <strong>\u201cConcerti a Palazzo\u201d in Sala Ajace<\/strong>, dove trova la sua nuova residenza il rinnovato pianoforte gran coda Steinway &#038; Sons 1961, storica acquisizione dell\u2019Associazione, diventato simbolicamente il pianoforte della citt\u00e0: il 18 novembre duo Mauro Loguercio (violino) Emanuela Piemonti (pianoforte), il 2 dicembre concerto e presentazione del CD \u201cFrench Music whit Flute\u201d con Luisa Sello (flauto) e Philippe Entremont (piano), il 3 febbraio quattro mani con Bruno Canino e Aurora Sabia, il 24 febbraio recital di Maurizio Moretta e il 17 marzo Sergio Patria (violoncello) ed Elena Ballario (piano). La carrellata a palazzo si conclude il 28 aprile con Carlo Corazza, pianista e autore dell\u2019ormai celebre \u201cIsonzo\u201d, brano che ha segnato il percorso che gli Amici della Musica hanno fatto quest\u2019anno all\u2019interno della tematica \u201cGo 2025\u201d e che \u00e8 stato protagonista in moltissimi concerti estivi con una veste sempre trasformata, a seconda del gruppo coinvolto. Sar\u00e0 l\u2019occasione per ascoltare \u201cIsonzo\u201d nella versione originale, eseguita dallo stesso compositore.<\/p>\n<p style=\"margin-left:-7.1pt;\"> \tInoltre, nell\u2019agosto 2023 torna alla Cittadella della Cultura di Udine il <strong>Campus Internazionale della Musica<\/strong>, abbinato al <strong>18\u00b0 Concorso Euroregione<\/strong>.<\/p>\n<p style=\"margin-left:-7.1pt;\"> \tTutti i concerti al Teatro Palamostre iniziano alle ore 19:22 per ricordare il traguardo dei 100 anni dell\u2019Associazione Amici della Musica di Udine, fondata appunto nel 1922. I \u201cConcerti a Palazzo\u201d in Sala Ajace si svolgono invece alle ore 17.<\/p>\n<p style=\"margin-left:-7.1pt;\"> \tPrevendita abbonamenti dal 3 ottobre, da luned\u00ec a sabato dalle 17.30 alle 19.30, presso il box office del Teatro Palamostre, oppure al concerto di apertura a partire dalle ore 17.30 (info 0432 506925). I biglietti per i singoli concerti si possono acquistare anche su vivaticket e, fino a esaurimento dei posti, 40\u2019 prima del concerto, presso la sede dell\u2019evento.<\/p>\n<p style=\"margin-left:-7.1pt;\"> \tAltri dettagli sul sito <u><a href=\"http:\/\/www.amicimusica.ud.it\/\" target=\"_blank\" rel=\"noopener\"><span style=\"color:#0000cd;\">www.amicimusica.ud.it<\/span><\/a><\/u>.<\/p>\n<p> \t\u00a0<\/p>\n","protected":false},"excerpt":{"rendered":"<p>Presentata la stagione degli Amici della Musica<\/p>\n","protected":false},"author":28,"featured_media":44680,"comment_status":"closed","ping_status":"closed","sticky":false,"template":"","format":"standard","meta":{"dwc-title":[],"dwc-content":[],"footnotes":""},"categories":[37],"tags":[],"class_list":["post-44679","post","type-post","status-publish","format-standard","has-post-thumbnail","hentry","category-cultura-e-spettacolo"],"rttpg_featured_image_url":{"full":["https:\/\/imagazine.it\/wp-content\/uploads\/2024\/01\/49771-1.webp",1279,960,false],"landscape":["https:\/\/imagazine.it\/wp-content\/uploads\/2024\/01\/49771-1.webp",1279,960,false],"portraits":["https:\/\/imagazine.it\/wp-content\/uploads\/2024\/01\/49771-1.webp",1279,960,false],"thumbnail":["https:\/\/imagazine.it\/wp-content\/uploads\/2024\/01\/49771-1-150x150.webp",150,150,true],"medium":["https:\/\/imagazine.it\/wp-content\/uploads\/2024\/01\/49771-1-300x225.webp",300,225,true],"large":["https:\/\/imagazine.it\/wp-content\/uploads\/2024\/01\/49771-1-1024x769.webp",640,481,true],"thumblist":["https:\/\/imagazine.it\/wp-content\/uploads\/2024\/01\/49771-1.webp",300,225,false],"thumbrelated":["https:\/\/imagazine.it\/wp-content\/uploads\/2024\/01\/49771-1.webp",500,375,false],"meccarouselthumb":["https:\/\/imagazine.it\/wp-content\/uploads\/2024\/01\/49771-1.webp",432,324,false],"gridsquare":["https:\/\/imagazine.it\/wp-content\/uploads\/2024\/01\/49771-1.webp",346,260,false],"tileview":["https:\/\/imagazine.it\/wp-content\/uploads\/2024\/01\/49771-1.webp",300,225,false],"1536x1536":["https:\/\/imagazine.it\/wp-content\/uploads\/2024\/01\/49771-1.webp",1279,960,false],"2048x2048":["https:\/\/imagazine.it\/wp-content\/uploads\/2024\/01\/49771-1.webp",1279,960,false],"newsup-slider-full":["https:\/\/imagazine.it\/wp-content\/uploads\/2024\/01\/49771-1-1279x720.webp",1279,720,true],"newsup-featured":["https:\/\/imagazine.it\/wp-content\/uploads\/2024\/01\/49771-1-1024x769.webp",1024,769,true],"newsup-medium":["https:\/\/imagazine.it\/wp-content\/uploads\/2024\/01\/49771-1-720x380.webp",720,380,true],"tptn_thumbnail":["https:\/\/imagazine.it\/wp-content\/uploads\/2024\/01\/49771-1.webp",250,188,false],"sow-carousel-default":["https:\/\/imagazine.it\/wp-content\/uploads\/2024\/01\/49771-1-272x182.webp",272,182,true]},"rttpg_author":{"display_name":"redazione","author_link":"https:\/\/imagazine.it\/home_desk\/author\/redazione\/"},"rttpg_comment":0,"rttpg_category":"<a href=\"https:\/\/imagazine.it\/home_desk\/category\/cultura-e-spettacolo\/\" rel=\"category tag\">CULTURA&amp;SPETTACOLO<\/a>","rttpg_excerpt":"Presentata la stagione degli Amici della Musica","_links":{"self":[{"href":"https:\/\/imagazine.it\/home_desk\/wp-json\/wp\/v2\/posts\/44679","targetHints":{"allow":["GET"]}}],"collection":[{"href":"https:\/\/imagazine.it\/home_desk\/wp-json\/wp\/v2\/posts"}],"about":[{"href":"https:\/\/imagazine.it\/home_desk\/wp-json\/wp\/v2\/types\/post"}],"author":[{"embeddable":true,"href":"https:\/\/imagazine.it\/home_desk\/wp-json\/wp\/v2\/users\/28"}],"replies":[{"embeddable":true,"href":"https:\/\/imagazine.it\/home_desk\/wp-json\/wp\/v2\/comments?post=44679"}],"version-history":[{"count":0,"href":"https:\/\/imagazine.it\/home_desk\/wp-json\/wp\/v2\/posts\/44679\/revisions"}],"wp:featuredmedia":[{"embeddable":true,"href":"https:\/\/imagazine.it\/home_desk\/wp-json\/wp\/v2\/media\/44680"}],"wp:attachment":[{"href":"https:\/\/imagazine.it\/home_desk\/wp-json\/wp\/v2\/media?parent=44679"}],"wp:term":[{"taxonomy":"category","embeddable":true,"href":"https:\/\/imagazine.it\/home_desk\/wp-json\/wp\/v2\/categories?post=44679"},{"taxonomy":"post_tag","embeddable":true,"href":"https:\/\/imagazine.it\/home_desk\/wp-json\/wp\/v2\/tags?post=44679"}],"curies":[{"name":"wp","href":"https:\/\/api.w.org\/{rel}","templated":true}]}}