{"id":44675,"date":"2022-09-20T00:00:00","date_gmt":"2022-09-19T23:00:00","guid":{"rendered":"https:\/\/imagazine.it\/?p=44675"},"modified":"2022-09-20T00:00:00","modified_gmt":"2022-09-19T23:00:00","slug":"cividale-il-coraggio-nelle-avversita-in-una-mostra","status":"publish","type":"post","link":"https:\/\/imagazine.it\/home_desk\/cividale-il-coraggio-nelle-avversita-in-una-mostra\/","title":{"rendered":"Cividale, il coraggio nelle avversit\u00e0 in una mostra"},"content":{"rendered":"<p> \tNon un racconto idilliaco n\u00e9 utopico, ma un esempio di come anche nell&#39;estrema difficolt\u00e0 e nella grave limitazione, una persona possa comunicare positivit\u00e0, gioia, voglia di vivere e imprimere negli altri il coraggio di affrontare ogni avversit\u00e0 senza mai farsi abbattere.<\/p>\n<p> \tSono i concetti espressi dal vicegovernatore con delega alla Salute del Friuli Venezia Giulia, <strong>Riccardo Riccardi<\/strong>, intervenuto questo pomeriggio a <strong>Cividale del Friuli<\/strong> per l&#39;inaugurazione della mostra &#8220;Parlare attraverso i colori&#8221;, una personale di <strong>Andrea Negro<\/strong>, 52 anni a settembre, tetraplegico dalla nascita, che dipinge guidando con gli occhi la mano della sorella e dei nipoti.<\/p>\n<p> \tFondamentale il supporto del Centro socio-riabilitativo educativo (Csre) dell&#39;<strong>Istituto<\/strong> <strong>di medicina fisica e riabilitazione &#8220;Gervasutta&#8221; di Udine<\/strong>: qui insegnanti ed educatori sono ogni giorno accanto ad Andrea stimolandolo a essere il pi\u00f9 possibile attivo e intraprendente nelle sue scelte.<\/p>\n<p> \tLa mostra \u00e8 visitabile negli spazi della Banca di Cividale, in piazza Duomo a Cividale del Friuli, da luned\u00ec a venerd\u00ec, con orario 8.20\/13.30-14.30\/16.30, fino al 31 ottobre.<\/p>\n<p> \tHanno preso parte all&#39;evento anche il sindaco della citt\u00e0 ducale <strong>Daniela Bernardi<\/strong>, e il direttore generale di Civibank, <strong>Mario Crosta<\/strong>.<\/p>\n<p> \t\u00a0<\/p>\n","protected":false},"excerpt":{"rendered":"<p>Fino al 31 ottobre<\/p>\n","protected":false},"author":22,"featured_media":44676,"comment_status":"closed","ping_status":"closed","sticky":false,"template":"","format":"standard","meta":{"dwc-title":[],"dwc-content":[],"footnotes":""},"categories":[37],"tags":[],"class_list":["post-44675","post","type-post","status-publish","format-standard","has-post-thumbnail","hentry","category-cultura-e-spettacolo"],"rttpg_featured_image_url":{"full":["https:\/\/imagazine.it\/wp-content\/uploads\/2024\/01\/49761-1.webp",1296,970,false],"landscape":["https:\/\/imagazine.it\/wp-content\/uploads\/2024\/01\/49761-1.webp",1296,970,false],"portraits":["https:\/\/imagazine.it\/wp-content\/uploads\/2024\/01\/49761-1.webp",1296,970,false],"thumbnail":["https:\/\/imagazine.it\/wp-content\/uploads\/2024\/01\/49761-1-150x150.webp",150,150,true],"medium":["https:\/\/imagazine.it\/wp-content\/uploads\/2024\/01\/49761-1-300x225.webp",300,225,true],"large":["https:\/\/imagazine.it\/wp-content\/uploads\/2024\/01\/49761-1-1024x766.webp",640,479,true],"thumblist":["https:\/\/imagazine.it\/wp-content\/uploads\/2024\/01\/49761-1.webp",300,225,false],"thumbrelated":["https:\/\/imagazine.it\/wp-content\/uploads\/2024\/01\/49761-1.webp",500,374,false],"meccarouselthumb":["https:\/\/imagazine.it\/wp-content\/uploads\/2024\/01\/49761-1.webp",433,324,false],"gridsquare":["https:\/\/imagazine.it\/wp-content\/uploads\/2024\/01\/49761-1.webp",347,260,false],"tileview":["https:\/\/imagazine.it\/wp-content\/uploads\/2024\/01\/49761-1.webp",300,225,false],"1536x1536":["https:\/\/imagazine.it\/wp-content\/uploads\/2024\/01\/49761-1.webp",1296,970,false],"2048x2048":["https:\/\/imagazine.it\/wp-content\/uploads\/2024\/01\/49761-1.webp",1296,970,false],"newsup-slider-full":["https:\/\/imagazine.it\/wp-content\/uploads\/2024\/01\/49761-1-1280x720.webp",1280,720,true],"newsup-featured":["https:\/\/imagazine.it\/wp-content\/uploads\/2024\/01\/49761-1-1024x766.webp",1024,766,true],"newsup-medium":["https:\/\/imagazine.it\/wp-content\/uploads\/2024\/01\/49761-1-720x380.webp",720,380,true],"tptn_thumbnail":["https:\/\/imagazine.it\/wp-content\/uploads\/2024\/01\/49761-1.webp",250,187,false],"sow-carousel-default":["https:\/\/imagazine.it\/wp-content\/uploads\/2024\/01\/49761-1-272x182.webp",272,182,true]},"rttpg_author":{"display_name":"Livio Nonis","author_link":"https:\/\/imagazine.it\/home_desk\/author\/nonis\/"},"rttpg_comment":0,"rttpg_category":"<a href=\"https:\/\/imagazine.it\/home_desk\/category\/cultura-e-spettacolo\/\" rel=\"category tag\">CULTURA&amp;SPETTACOLO<\/a>","rttpg_excerpt":"Fino al 31 ottobre","_links":{"self":[{"href":"https:\/\/imagazine.it\/home_desk\/wp-json\/wp\/v2\/posts\/44675","targetHints":{"allow":["GET"]}}],"collection":[{"href":"https:\/\/imagazine.it\/home_desk\/wp-json\/wp\/v2\/posts"}],"about":[{"href":"https:\/\/imagazine.it\/home_desk\/wp-json\/wp\/v2\/types\/post"}],"author":[{"embeddable":true,"href":"https:\/\/imagazine.it\/home_desk\/wp-json\/wp\/v2\/users\/22"}],"replies":[{"embeddable":true,"href":"https:\/\/imagazine.it\/home_desk\/wp-json\/wp\/v2\/comments?post=44675"}],"version-history":[{"count":0,"href":"https:\/\/imagazine.it\/home_desk\/wp-json\/wp\/v2\/posts\/44675\/revisions"}],"wp:featuredmedia":[{"embeddable":true,"href":"https:\/\/imagazine.it\/home_desk\/wp-json\/wp\/v2\/media\/44676"}],"wp:attachment":[{"href":"https:\/\/imagazine.it\/home_desk\/wp-json\/wp\/v2\/media?parent=44675"}],"wp:term":[{"taxonomy":"category","embeddable":true,"href":"https:\/\/imagazine.it\/home_desk\/wp-json\/wp\/v2\/categories?post=44675"},{"taxonomy":"post_tag","embeddable":true,"href":"https:\/\/imagazine.it\/home_desk\/wp-json\/wp\/v2\/tags?post=44675"}],"curies":[{"name":"wp","href":"https:\/\/api.w.org\/{rel}","templated":true}]}}