{"id":44669,"date":"2022-09-20T00:00:00","date_gmt":"2022-09-19T23:00:00","guid":{"rendered":"https:\/\/imagazine.it\/?p=44669"},"modified":"2022-09-20T00:00:00","modified_gmt":"2022-09-19T23:00:00","slug":"battiti-teatrali-per-la-nuova-stagione-ert-fvg","status":"publish","type":"post","link":"https:\/\/imagazine.it\/home_desk\/battiti-teatrali-per-la-nuova-stagione-ert-fvg\/","title":{"rendered":"Battiti teatrali per la nuova stagione ERT FVG"},"content":{"rendered":"<p> \tSono stati presentati nella sede udinese della Regione i <strong>28<\/strong> <strong>cartelloni teatrali 2022\/2023 <\/strong>che fanno capo all\u2019Ente Regionale Teatrale del Friuli Venezia Giulia.<\/p>\n<p> \tA illustrare la programmazione annuale di prosa, musica e danza sono intervenuti il presidente dell\u2019ERT <strong>Sergio Cuzzi<\/strong>, il direttore <strong>Renato Manzoni<\/strong>, e <strong>Walter Mramor<\/strong>, direttore di a.ArtistiAssociati, struttura con cui l\u2019ERT collabora per l\u2019attivit\u00e0 di danza.<\/p>\n<p> \tAlla conferenza stampa ha partecipato anche <strong>Tiziana Gibelli<\/strong>, assessore alla cultura della Regione Friuli Venezia Giulia.<\/p>\n<p> \t<strong>Battiti Teatrali<\/strong><\/p>\n<p> \tUno studio pubblicato sulla rivista <em>Scientific Reports<\/em> nel 2020 da un gruppo di neuroscienziati dell\u2019Universit\u00e0 di Parma, coordinati da Martina Ardizzi e Vittorio Gallese, ha dimostrato che i cuori delle persone che assistono insieme a uno spettacolo dal vivo iniziano, spontaneamente, a battere all\u2019unisono. <em>Battiti Teatrali<\/em>, lo slogan che il Circuito ERT ha scelto per le stagioni 22.23, vuole rappresentare proprio questo: l\u2019impatto che lo spettacolo dal vivo ha su chi vi assiste e il senso di comunit\u00e0 ed empatia che genera l\u2019andare a teatro, la decisione consapevole di prendere parte a un rito collettivo.<\/p>\n<p> \tAnche quest\u2019anno saranno 28 i Teatri nei quali provare a sincronizzare battiti ed emozioni, disseminati in tutto il territorio regionale, da Sacile a Pontebba, da Maniago a Muggia.<\/p>\n<p> \t<strong>I Numeri <\/strong><\/p>\n<p> \tSaranno <strong>206 le giornate recitative<\/strong> dei cartelloni 2022\/2023 (11 in pi\u00f9 rispetto al 2021\/2022), 159 dedicate alla prosa, 21 alla danza e 26 alla musica. <strong>98 i titoli in programma <\/strong>(a fronte dei 77 della stagione scorsa): 65 di prosa, 14 di danza e 19 di musica. Come da tradizione, grande \u00e8 l\u2019attenzione del Circuito per le realt\u00e0 produttive regionali che saranno presenti con 17 titoli di prosa e 18 di musica per un totale di 59 repliche totali (38 per la prosa e 21 per la musica). Nel corso della stagione il cartellone musicale e di danza si arricchir\u00e0 di ulteriori collaborazioni con rassegne e istituzioni del territorio che verranno presentate non appena le programmazioni saranno definite.\u00a0<\/p>\n<p> \t<strong>PROSA<\/strong><\/p>\n<p> \tLe proposte per quanto concerne la prosa sono sempre ricche e variegate. Ogni teatro presenta un cartellone pensato <em>ad hoc<\/em> di concerto con l\u2019amministrazione comunale di riferimento e tenendo conto delle opinioni che il pubblico esprime in primavera attraverso un questionario di gradimento. Aprendo il grandangolo si pu\u00f2 provare, per\u00f2, a guardare alla programmazione in modo trasversale. Ecco alcune possibili istantanee. \u00a0<\/p>\n<p> \t<strong>Grandi ritorni<\/strong><\/p>\n<p> \tIn programma nel 2022\/2023 ci sono artisti che da qualche anno non calcavano le assi dei palchi ERT e che sicuramente il pubblico riabbraccer\u00e0 con entusiasmo. <strong>Moni Ovadia<\/strong> riporter\u00e0 in scena <em>Oylem Goylem<\/em>, lo spettacolo che lo ha fatto conoscere al grande pubblico ormai 30 anni fa; <strong>Marco Paolini<\/strong> si sdoppier\u00e0 con la narrazione di <em>Antenati<\/em>, spettacolo che \u00e8 legato al programma televisivo <em>La Fabbrica del Mondo<\/em>, e il progetto musicale <em>Sani!<\/em> che parla anche di crisi climatica e transizione ecologica; <strong>Enzo Iacchetti<\/strong> sar\u00e0 ospite con la divertente commedia <em>Bloccati dalla neve<\/em>, che lo vedr\u00e0 recitare al fianco di <strong>Vittoria Belvedere<\/strong>; <strong>Gianmarco Tognazzi<\/strong> sar\u00e0 il protagonista de <em>L\u2019onesto fantasma<\/em> un testo metateatrale firmato dalla penna di Edoardo Erba in cui apparir\u00e0, in video, anche il compianto Bruno Armando, compagno di Tognazzi in tanti fortunati spettacoli visti anche in Regione (<em>Il rompiballe<\/em>, <em>Prima pagina<\/em>, <em>Nemico del popolo<\/em>); e <strong>Paolo Rossi<\/strong> che in <em>Per un futuro, immenso repertorio<\/em> sposa <em>stand up comedy<\/em> e Commedia dell\u2019Arte.<\/p>\n<p> \t<strong>Protagoniste<\/strong><\/p>\n<p> \tSono tanti quest\u2019anno gli spettacoli che hanno per protagoniste grandi interpreti del teatro e del mondo dello spettacolo italiano. <strong>Geppy Cucciari<\/strong> aprir\u00e0 tre stagioni in novembre con <em>Perfetta<\/em>, l\u2019ultimo monologo scritto da Mattia Torre, in cui l\u2019attrice sarda dimostrer\u00e0 che le sue doti interpretative non sono legate solamente ai registri della comicit\u00e0; <strong>Lella Costa<\/strong>, vincitrice la scorsa stagione del premio del pubblico del Circuito ERT con <em>La Vedova Socrate<\/em>, sar\u00e0 in scena con due spettacoli: <em>Se non posso ballare\u2026 non \u00e8 la mia rivoluzione<\/em>, una sfilata di donne che hanno fatto la storia (il testo \u00e8 di Serena Dandini, la regia di Serena Sinigaglia) e l\u2019intimo <em>Le nostre anime di notte<\/em>, adattamento teatrale del romanzo di Kent Haruf del 2015, divenuto lungometraggio due anni dopo con Jane Fonda e Robert Redford; <strong>Amanda Sandrelli<\/strong> sar\u00e0 <em>Lisistrata<\/em> di Aristofane, nel libero adattamento di un maestro come Ugo Chiti e con gli interpreti dell\u2019Arca Azzurra; <strong>Maria Amelia Monti<\/strong> e <strong>Marina Massironi<\/strong> si divideranno la scena nell\u2019innovativo <em>Il marito invisibile<\/em>, commedia in <em>videocall<\/em> scritta e diretta da Edoardo Erba; <strong>Milena Vukotic<\/strong> con Maximilian Nisi (gi\u00e0 assieme nel commovente <em>Un autunno di fuoco<\/em>) e Salvatore Marino sar\u00e0 sul palco con <em>A spasso con Daisy<\/em>, testo vincitore del Pulitzer per la drammaturgia nel 1988; <strong>Antonella Questa<\/strong> porter\u00e0 nuovamente in Circuito la sua analisi socio-economica del nostro Paese con <em>Affari di famiglia<\/em>.<\/p>\n<p> \t<strong>Protagonisti<\/strong><\/p>\n<p> \tIn cartellone ci sono spettacoli che hanno per protagonisti attori, comici, cantanti e \u201ccantattori\u201d di chiamata. Un amico del Circuito, che aveva tenuto a battesimo la riapertura post-Covid nella primavera del 2021, \u00e8 <strong>Gioele Dix<\/strong> che arriver\u00e0 in stagione nel 2023 con <em>La corsa dietro il vento<\/em>, un omaggio a Dino Buzzati e ai suoi racconti; <strong>Elio<\/strong> aprir\u00e0 diverse stagioni in novembre con <em>Ci vuole orecchio<\/em>, anche in questo caso un omaggio, ma al \u201cpoetastro\u201d Enzo Jannacci; <strong>Corrado Tedeschi<\/strong> sar\u00e0 sul palco per la prima volta assieme alla figlia Camilla, proprio per indagare i rapporti genitori-figli, con <em>Partenza in salita<\/em>; <strong>Fabio Troiano<\/strong> si cimenter\u00e0 in uno degli spettacoli pi\u00f9 conosciuti del \u201cSignor G\u201d, <em>Il Dio Bambino<\/em>; sempre in tema di omaggi a icone culturali, <strong>Simone Cristicchi<\/strong> assieme ad <strong>Amara<\/strong> ripercorrer\u00e0 parte del repertorio di Franco Battiato in <em>Torneremo ancora,<\/em> e con l\u2019Orchestra dell\u2019Accademia Musicale Naonis diretta da Valter Sivilotti affronter\u00e0 un personale viaggio nel <em>Paradiso<\/em> dantesco; mentre la comicit\u00e0 prender\u00e0 le sembianze di <strong>Ale e Franz<\/strong> con <em>Comincium<\/em>, <strong>Paolo Cevoli<\/strong> con <em>Andavo ai 100 all\u2019ora! <\/em>ed <strong>Enrico Bertolino<\/strong> con il suo <em>Instant Theater<\/em>.<\/p>\n<p> \t<strong>Da non perdere<\/strong><\/p>\n<p> \tLe tante proposte e i tanti nomi che hanno grande richiamo sul pubblico talvolta rischiano di far passare sottotraccia alcuni spettacoli che, invece, rappresentano delle gemme da non perdere. Tra queste il delizioso <strong><em>Cetra\u2026 una volta<\/em><\/strong>, omaggio al quartetto Cetra con Toni Fornari, Stefano Fresi ed Emanuela Fresi; le due proposte di Jurij Ferrini con i giovani attori del suo Progetto URT, entrambi classici shakespeariani: <strong><em>Sogno di una notte di mezza estate<\/em><\/strong> e <strong><em>Otello<\/em><\/strong>; <strong><em>Tradimenti<\/em><\/strong> del premio Nobel Harold Pinter, un triangolo amoroso affrontato a partire dalla sua conclusione per risalire fino alla genesi, diretto da Michele Sinisi; e un inedito Giacomo Poretti, sul palco con Daniela Cristofori, in <strong><em>Funeral Home<\/em><\/strong>.<\/p>\n<p> \t<strong>PPP<\/strong><\/p>\n<p> \tNel 2022 si celebrano i 100 anni dalla nascita di <strong>Pier Paolo Pasolini<\/strong>. Il Pasolini friulano delle <em>Poesie a Casarsa<\/em> \u00e8 quello che il pubblico ritrover\u00e0 in <strong><em>Rosada!<\/em><\/strong> spettacolo di Gioia Battista con Nicola Ciaffoni ed Elsa Martin che, dopo il debutto a Mittelfest 2022, far\u00e0 tappa proprio a Casarsa e a San Daniele; uno dei pi\u00f9 apprezzati interpreti del teatro di narrazione italiano, Ascanio Celestini, metter\u00e0 in scena <strong><em>Museo Pasolini<\/em><\/strong>, in cui attraverso le opere dell\u2019intellettuale scomparso nel 1975 si ripercorre la storia del Novecento in Italia; <strong><em>Le canzoni di Pasolini<\/em><\/strong> \u00e8 il titolo del concerto di Aisha Cerami, mentre saranno tre i progetti musicali prodotti dal Coro del Friuli Venezia Giulia su PPP: <strong><em>Soffia il cielo<\/em><\/strong>, <strong><em>Io sono una forza del passato<\/em><\/strong> e <strong><em>Mio fratello part\u00ec, in un mattino muto<\/em><\/strong>.<\/p>\n<p> \t<strong>Spettacoli FVG<\/strong><\/p>\n<p> \tCome di consueto, il Circuito dedica grande attenzione ad artisti e produzioni del territorio regionale. Il <strong>Teatro Stabile del Friuli Venezia Giulia<\/strong> aprir\u00e0 alcune delle stagioni ERT con <strong><em>Il mercante di Venezia<\/em><\/strong> di William Shakespeare con Franco Branciaroli nel ruolo di Shylock e la regia di Paolo Valerio. <strong>a.ArtistiAssociati <\/strong>riproporr\u00e0 una commedia che nella scorsa stagione ha ricevuto grandi consensi come <strong><em>Tre uomini e una culla<\/em><\/strong> (con Giorgio Lupano, Gabriele Pignotta e Attilio Fontana) e presenter\u00e0 <strong><em>Stanno sparando sulla nostra canzone<\/em><\/strong>, una dark comedy ambientata negli Stati Uniti degli anni Venti con Veronica Pivetti. Il <strong>CSS Udine<\/strong> sar\u00e0 rappresentato da tre spettacoli: <strong><em>Guarnerius<\/em><\/strong> con il Teatro Incerto e Angelo Floramo, la nuova produzione <strong><em>Cumbin\u00ecn<\/em><\/strong> con Martina Delpiccolo, Fabiano Fantini e Claudio Moretti e <strong><em>Every brilliant thing<\/em><\/strong> <strong><em>(Le cose per cui vale la pena vivere)<\/em><\/strong> un testo dello scrittore britannico Duncan Macmillan, con Filippo Nigro, co-diretto dallo stesso Nigro e da Fabrizio Arcuri. <strong>La Contrada di Trieste<\/strong> riporter\u00e0 in scena la coppia Corrado Tedeschi e Martina Colombari nella commedia francese <strong><em>Montagne russe<\/em><\/strong> e proporr\u00e0 il \u201cculinario\u201d <strong><em>Amori e sapori nelle cucine del Gattopardo<\/em><\/strong> con Giampiero Ingrassia e Tosca D\u2019Aquino. <strong>Golden Show<\/strong> sar\u00e0 in Circuito con <strong><em>Nota stonata<\/em><\/strong>, spettacolo rivelazione della scorsa stagione, con Giuseppe Pambieri e Carlo Greco e la regia di Moni Ovadia, e con <strong><em>Tre sorelle tre<\/em><\/strong>, vaudeville di Mario Moretti liberamente tratto da Cechov; il <strong>Teatri Stabil Furlan<\/strong> produce il gi\u00e0 citato <strong><em>Rosada!<\/em><\/strong>, mentre <strong>BRAT<\/strong> ritorna con la Commedia dell\u2019Arte ambientata durante il Patriarcato di Aquileia, <strong><em>Malacarne<\/em><\/strong>; non possono mancare nella programmazione ERT i <strong>Papu<\/strong> che andranno in scena con <strong><em>Oetzi, \u00d6tzi, Utzi o qualcosa di Similaun<\/em><\/strong>.<\/p>\n<p> \t<strong>MUSICA <\/strong><br \/> \t<strong>In cartellone<\/strong><br \/> \tLa musica, dopo essere entrata in punta di piedi qualche stagione fa nei cartelloni ERT, ha sempre pi\u00f9 seguito e ha incrementato la sua presenza nella programmazione del Circuito. Gi\u00e0 citati i tre concerti dedicati a Pier Paolo Pasolini dal <strong>Coro del Friuli Venezia Giulia<\/strong>, va segnalata la proficua collaborazione con la <strong>FVG Orchestra<\/strong> che anche quest\u2019anno sar\u00e0 presente con <em>Dall\u2019operetta al musical<\/em> a Casarsa, con <em>Una sera all\u2019Opera<\/em> a Cordenons e Sacile e con un concerto il cui programma verr\u00e0 definito nei prossimi giorni a Maniago. L\u2019<strong>Orchestra da Camera della Campania <\/strong>porter\u00e0 in cinque piazze del Circuito <em>Vi presento Matilde Neruda<\/em>, uno spettacolo in cui musica e recitazione si fondono per raccontare la storia d\u2019amore tra il poeta Pablo Neruda e la cantante Matilde Urrutia (interpretati da Sebastiano Somma e Morgana Forcella). La fusione tra parola scritta e parola cantata \u00e8 alla base di <em>Lettere in musica<\/em> dell\u2019<strong>Associazione Progetto Musica<\/strong> concerto presentato anche nel programma del festival itinerante <em>Nei suoni dei luoghi<\/em>. <strong>Associazione Rime Mute<\/strong> e FVG Orchestra presentano il suggestivo concerto <em>Il Maestro e l\u2019Allievo <\/em>con Luca Trabucco e Matteo Bevilacqua al pianoforte; mentre ritorneranno <em>Le Otto Stagioni<\/em> \u2013 le quattro di Vivaldi e le quattro porte\u00f1e di Piazzolla \u2013 nell\u2019interpretazione della <strong>Nuova Orchestra da Camera Ferruccio Busoni<\/strong>. L\u2019<strong>Orchestra Giovanile Filarmonici Friulani <\/strong>sar\u00e0 a Gemona per il <em>Concerto di Natale<\/em> insieme al Coro VocinVolo e al Piccolo Coro Artem\u00eca e sar\u00e0 protagonista \u2013 il prossimo 30 settembre &#8211; del primo concerto della neonata rassegna <strong><em>Mozart e Dintorni<\/em><\/strong>, prodotta dall\u2019ERT in collaborazione con la sede di Udine dell\u2019Associazione Mozart Italia per la direzione artistica di Nicola Bulfone. Dopo tanta classica, spazio anche al rock con i <strong>Pink Planet<\/strong>, la tribute band dei Pink Floyd che, accompagnata dal contrappunto del giornalista Andrea Ioime, ripercorrer\u00e0 la storia della band inglese.<br \/> \t<strong>Collaborazioni <\/strong><\/p>\n<p> \tL\u2019ERT conferma anche per il 2022\/2023 la formula che ha sperimentato con successo da quando \u00e8 divenuto circuito multidisciplinare. La collaborazione, cio\u00e8, con le migliori rassegne concertistiche regionali. In parte selezionati direttamente dall\u2019ERT e in parte concordati con le direzioni artistiche delle varie rassegne che hanno accolto il progetto, questi concerti contribuiranno ad arricchire i\u00a0cartelloni musicali di chi da tempo &#8211; con esperienza, inventiva e capacit\u00e0 &#8211; offre musica di qualit\u00e0 nelle sale teatrali e in altri spazi del nostro territorio.<\/p>\n<p> \tTra gli altri, partner dell\u2019ERT quest\u2019anno saranno ancora gli <strong>Amici della Musica<\/strong> di Udine; la <strong><em>Fazioli Concert Hall<\/em><\/strong> di Sacile, il Comune di San Vito al Tagliamento con <strong><em>San Vito Jazz<\/em><\/strong>, rassegna diretta da Flavio Massarutto, mentre in estate proseguir\u00e0 la collaborazione con <strong><em>Carniarmonie<\/em><\/strong> e con il Comune di Udine per <strong><em>UdinEstate<\/em><\/strong>.<\/p>\n<p> \t<strong>DANZA<\/strong><\/p>\n<p> \tGli a.ArtistiAssociati, fondatori del Circuito Danza del FVG poi confluito nel Circuito Multidisciplinare ERT, sono partner dell\u2019Ente Regionale Teatrale per l\u2019arte coreutica. \u00a0Il direttore artistico Walter Mramor anche quest\u2019anno propone spettacoli che rappresentano il meglio della produzione nazionale e portano in Regione le varie espressioni della danza, dalla classica alla contemporanea, passando per l\u2019acrobatica e la folcloristica. Come da tradizione l\u2019attivit\u00e0 di danza si svolge non solamente nei Teatri del Circuito ma anche in altre sale grazie alla collaborazione con le associazioni e le amministrazioni che le gestiscono: Azzano Decimo, Cormons, Gradisca d\u2019Isonzo e Cervignano del Friuli.<\/p>\n<p> \tEntrando nel merit<br \/>\n degli spettacoli, c\u2019\u00e8 grande attesa per uno dei primi appuntamenti in cartellone, <em>Giulietta e Romeo<\/em> del <strong>Balletto di Roma<\/strong>, produzione che compie 20 anni e che \u00e8 stata la pi\u00f9 vista in assoluto nella storia della danza italiana; sul palco, sulle coreografie di Fabrizio Monteverde, si esibiranno due interpreti usciti dalla fucina televisiva di <em>Amici<\/em>: Carola Puddu e Paolo Barbonaglia. Quest\u2019anno il pubblico regionale rivedr\u00e0 una compagnia molto apprezzata nelle scorse stagioni, la <strong>RBR Dance Company<\/strong> di Cristiano Fagioli, con il nuovo spettacolo <em>Canova svelato<\/em> che unisce Neoclassicismo e tematiche ambientaliste; \u00a0sempre nell\u2019ambito della danza contemporanea, la <strong>MM Contemporary Dance Company<\/strong> presenta la serata a doppio titolo <em>Gershwin Suite \/ Schubert Frames <\/em>e la nuova produzione <em>Ballade<\/em> con le coreografie di Enrico Morelli e Mauro Bigonzetti; la danza della tradizione popolare sar\u00e0 rappresentata da <em>Noches de Buenos Aires<\/em>, una serata di musica dal vivo e danza con la <strong>Tango Rouge Company <\/strong>e<strong> l\u2019Orchestra Tango Spleen<\/strong>, e da <em>Dalai Nuur, suggestioni d\u2019oriente<\/em>, un viaggio nella danza dell\u2019Asia Orientale e del Sud-Est Asiatico; la danza classica avr\u00e0 per protagonista il <strong>Balletto di Mosca<\/strong> con <em>Lo Schiaccianoci<\/em> e il <strong>Balletto del Sud<\/strong> con <em>Il Cigno<\/em>, l\u2019omaggio a Michel Fokine a ottanta anni dalla morte del coreografo; ritorner\u00e0 <em>Preludes<\/em> con le <em>\u00e9toile<\/em> Anbeta Toromani, Amilcar Moret Gonzales e Alessandro Macario accompagnati al pianoforte da Costanza Principe sulle coreografie di Massimo Moricone.<\/p>\n<p> \tProsegue con mutua soddisfazione la collaborazione con <strong>Arearea<\/strong>, unica compagnia di danza regionale riconosciuta dal Ministero, per le rassegne <strong><em>AreaDanza<\/em><\/strong> e <strong><em>Off Label<\/em><\/strong>. ERT FVG, infine, collabora anche quest\u2019anno con <em>Visav\u00ec Gorizia dance festival.<\/em><\/p>\n<p> \t\u00a0<\/p>\n","protected":false},"excerpt":{"rendered":"<p>Presentata a Udine<\/p>\n","protected":false},"author":28,"featured_media":44670,"comment_status":"closed","ping_status":"closed","sticky":false,"template":"","format":"standard","meta":{"dwc-title":[],"dwc-content":[],"footnotes":""},"categories":[37],"tags":[],"class_list":["post-44669","post","type-post","status-publish","format-standard","has-post-thumbnail","hentry","category-cultura-e-spettacolo"],"rttpg_featured_image_url":{"full":["https:\/\/imagazine.it\/wp-content\/uploads\/2024\/01\/49753-1.webp",1000,580,false],"landscape":["https:\/\/imagazine.it\/wp-content\/uploads\/2024\/01\/49753-1.webp",1000,580,false],"portraits":["https:\/\/imagazine.it\/wp-content\/uploads\/2024\/01\/49753-1.webp",1000,580,false],"thumbnail":["https:\/\/imagazine.it\/wp-content\/uploads\/2024\/01\/49753-1-150x150.webp",150,150,true],"medium":["https:\/\/imagazine.it\/wp-content\/uploads\/2024\/01\/49753-1-300x174.webp",300,174,true],"large":["https:\/\/imagazine.it\/wp-content\/uploads\/2024\/01\/49753-1.webp",640,371,false],"thumblist":["https:\/\/imagazine.it\/wp-content\/uploads\/2024\/01\/49753-1.webp",300,174,false],"thumbrelated":["https:\/\/imagazine.it\/wp-content\/uploads\/2024\/01\/49753-1.webp",500,290,false],"meccarouselthumb":["https:\/\/imagazine.it\/wp-content\/uploads\/2024\/01\/49753-1.webp",474,275,false],"gridsquare":["https:\/\/imagazine.it\/wp-content\/uploads\/2024\/01\/49753-1.webp",391,227,false],"tileview":["https:\/\/imagazine.it\/wp-content\/uploads\/2024\/01\/49753-1.webp",300,174,false],"1536x1536":["https:\/\/imagazine.it\/wp-content\/uploads\/2024\/01\/49753-1.webp",1000,580,false],"2048x2048":["https:\/\/imagazine.it\/wp-content\/uploads\/2024\/01\/49753-1.webp",1000,580,false],"newsup-slider-full":["https:\/\/imagazine.it\/wp-content\/uploads\/2024\/01\/49753-1.webp",1000,580,false],"newsup-featured":["https:\/\/imagazine.it\/wp-content\/uploads\/2024\/01\/49753-1.webp",1000,580,false],"newsup-medium":["https:\/\/imagazine.it\/wp-content\/uploads\/2024\/01\/49753-1-720x380.webp",720,380,true],"tptn_thumbnail":["https:\/\/imagazine.it\/wp-content\/uploads\/2024\/01\/49753-1.webp",250,145,false],"sow-carousel-default":["https:\/\/imagazine.it\/wp-content\/uploads\/2024\/01\/49753-1-272x182.webp",272,182,true]},"rttpg_author":{"display_name":"redazione","author_link":"https:\/\/imagazine.it\/home_desk\/author\/redazione\/"},"rttpg_comment":0,"rttpg_category":"<a href=\"https:\/\/imagazine.it\/home_desk\/category\/cultura-e-spettacolo\/\" rel=\"category tag\">CULTURA&amp;SPETTACOLO<\/a>","rttpg_excerpt":"Presentata a Udine","_links":{"self":[{"href":"https:\/\/imagazine.it\/home_desk\/wp-json\/wp\/v2\/posts\/44669","targetHints":{"allow":["GET"]}}],"collection":[{"href":"https:\/\/imagazine.it\/home_desk\/wp-json\/wp\/v2\/posts"}],"about":[{"href":"https:\/\/imagazine.it\/home_desk\/wp-json\/wp\/v2\/types\/post"}],"author":[{"embeddable":true,"href":"https:\/\/imagazine.it\/home_desk\/wp-json\/wp\/v2\/users\/28"}],"replies":[{"embeddable":true,"href":"https:\/\/imagazine.it\/home_desk\/wp-json\/wp\/v2\/comments?post=44669"}],"version-history":[{"count":0,"href":"https:\/\/imagazine.it\/home_desk\/wp-json\/wp\/v2\/posts\/44669\/revisions"}],"wp:featuredmedia":[{"embeddable":true,"href":"https:\/\/imagazine.it\/home_desk\/wp-json\/wp\/v2\/media\/44670"}],"wp:attachment":[{"href":"https:\/\/imagazine.it\/home_desk\/wp-json\/wp\/v2\/media?parent=44669"}],"wp:term":[{"taxonomy":"category","embeddable":true,"href":"https:\/\/imagazine.it\/home_desk\/wp-json\/wp\/v2\/categories?post=44669"},{"taxonomy":"post_tag","embeddable":true,"href":"https:\/\/imagazine.it\/home_desk\/wp-json\/wp\/v2\/tags?post=44669"}],"curies":[{"name":"wp","href":"https:\/\/api.w.org\/{rel}","templated":true}]}}