{"id":44627,"date":"2022-09-16T00:00:00","date_gmt":"2022-09-15T23:00:00","guid":{"rendered":"https:\/\/imagazine.it\/?p=44627"},"modified":"2022-09-16T00:00:00","modified_gmt":"2022-09-15T23:00:00","slug":"gorizia-scalda-i-motori-per-gusti-di-frontiera","status":"publish","type":"post","link":"https:\/\/imagazine.it\/home_desk\/gorizia-scalda-i-motori-per-gusti-di-frontiera\/","title":{"rendered":"Gorizia scalda i motori per Gusti di Frontiera"},"content":{"rendered":"<p> \t<strong>Gusti di Frontiera<\/strong> nella sua edizione 2022 fa un salto indietro nel tempo e torna alla sua formula di successo, con l\u2019estensione collaudata nelle strade e nelle piazze del centro di <strong>Gorizia<\/strong>.<\/p>\n<p> \tSpecialit\u00e0 di tutto il mondo, cibo da strada, osterie negli angoli pi\u00f9 suggestivi del cuore cittadino sbarcheranno <strong>da gioved\u00ec 29 settembre a domenica 2 ottobre<\/strong>.<\/p>\n<p> \tCorso Italia e corso Verdi, le vie Roma, Cadorna e Boccaccio, le piazze Battisti, Vittoria e Sant\u2019Antonio, senza dimenticare via Rastello e i Giardini Pubblici, torneranno a ospitare il mappamondo di leccornie, profumi e colori, cos\u00ec come avvenuto fino al 2019.<\/p>\n<p> \tTra graditi ritorni e golose novit\u00e0, le centinaia di stand di Paesi vicini e lontani saranno operativi gioved\u00ec 29 dalle 17 alle 2, venerd\u00ec 30 e sabato 1 dalle 10 alle 3, domenica dalle 10 a mezzanotte. L\u2019attivit\u00e0 musicale sar\u00e0 consentita gioved\u00ec fino a mezzanotte, venerd\u00ec e sabato fino alle 2 e domenica fino alle 23.<\/p>\n<p> \t\u201cSiamo in pieno fermento \u2013 afferma l\u2019assessore comunale ai Grandi Eventi,<strong> Arianna Bellan<\/strong> \u2013 c\u2019\u00e8 una grandissima attesa per il ritorno alla normalit\u00e0 di Gusti di Frontiera. Nonostante tutte le avversit\u00e0, stiamo lavorando a pieno ritmo per organizzare nei minimi dettagli l\u2019edizione 2022. Ringrazio di cuore il personale degli uffici: a nome di tutti cito Paola Magrin, punto di riferimento delle Attivit\u00e0 produttive, che insieme ai colleghi sta veramente facendo l\u2019impossibile. Un doveroso grazie va anche al Ced, il Centro elaborazione dati, che sta gestendo i problemi legati alla rete informatica e all\u2019ufficio della Polizia locale. Determinante in questo quadro tanto complicato \u00e8 l\u2019intersettorialit\u00e0 messa in piedi anche con gli altri comparti del Comune, elemento che ci sta aiutando a sopperire alle mancanze. Anche gli standisti ci stanno dando una grossa mano, si stanno dimostrando molto collaborativi\u201d.<\/p>\n<p> \t<strong>I bus navetta<\/strong><\/p>\n<p> \tI parcheggi scambiatori su cui posa le sue fondamenta il piano di mobilit\u00e0 sostenibile di Gusti di Frontiera 2022 sono il PalaBigot e la Sdag, quest\u2019ultima scelta ideale soprattutto per chi proviene dall\u2019autostrada.<\/p>\n<p> \tI bus faranno la spola anche dalla stazione ferroviaria. L\u2019Azienda Provinciale Trasporti garantir\u00e0 le navette che collegheranno le aree di sosta e la stazione ferroviaria alla festa, con un potenziamento rispetto alle edizioni precedenti. Dal parcheggio del PalaBigot i bus circoleranno dalle 15.30 sia venerd\u00ec 30 che sabato 1, concludendosi rispettivamente alle 2 e alle 3. Domenica 2 invece l\u2019orario di operativit\u00e0 sar\u00e0 dalle 11 a mezzanotte. Nelle tre giornate la frequenza delle corse, garantita da tre mezzi, sar\u00e0 sempre di 15 minuti. Il servizio dalla Sdag venerd\u00ec 30 funzioner\u00e0 dalle 15.30 alle 2, con due mezzi, con frequenza ogni 15 minuti. Sabato 1 ottobre dalle 15.30 alle 19 e dalle 23 alle 2 tre bus correranno ogni 10 minuti, e dalle 19 alle 23 altri due bus saranno attivi ogni 15 minuti. Domenica 2 ottobre dalle 11 alle 14 e dalle 21 a mezzanotte ci saranno in servizio tre bus, con corse ogni 10 minuti, a cui se ne aggiungeranno altri due dalle 14 alle 21 con una frequenza delle corse di dieci minuti. La navetta di collegamento con la Ferrovia funzioner\u00e0 venerd\u00ec 30 e sabato 1 dalle 15.30 alle 2 e domenica 2 dalle 11 a mezzanotte, sempre con due bus e corse ogni dieci minuti.<\/p>\n<p> \t<strong>Il trenino internazionale<\/strong><\/p>\n<p> \tGusti di Frontiera avr\u00e0 anche quest\u2019anno il suo trenino internazionale, sempre garantito dall\u2019Apt. Il mini convoglio, occasione per chi desidera approfittare della manifestazione enogastronomica per vedere anche il centro di Nova Gorica, far\u00e0 la spola tra Erjavceva ulica e via del Seminario, venerd\u00ec 30 dalle 18 a mezzanotte, sabato dalle 11 alle 24 e domenica dalle 11 alle 22.<\/p>\n<p> \t<strong>Le limitazioni alla viabilit\u00e0<\/strong><\/p>\n<p> \tIn piazza Sant\u2019Antonio, piazza Battisti (nella met\u00e0 del parcheggio centrale rivolto verso il monumento) e passaggio Edling sar\u00e0 in vigore il <strong>divieto di sosta permanente<\/strong> con rimozione forzata dalle 7.30 di luned\u00ec 26 fino allo smontaggio degli stand e delle strutture espositive, prevista entro le 20 di marted\u00ec 4. Non sar\u00e0 consentito parcheggiare nemmeno in piazza del Municipio, via De Gasperi, via Crispi, via Marconi, piazza Cavour, via Roma, piazza Vittoria, via Oberdan, via Boccaccio, piazzale Donatori volontari di sangue, in tutta l\u2019area del Mercato scoperto, via Cadorna, compresa l\u2019area di sosta ex Artesac, via Petrarca, piazza Battisti (nell\u2019altra met\u00e0 del parcheggio centrale), via Rismondo, via Diaz e corso Italia tra le vie Diaz e IX Agosto dalle 7.30 di marted\u00ec 27, con lo stesso termine. Medesimo provvedimento per l\u2019anello esterno di piazza Battisti dalle 7.30 di mercoled\u00ec. Non si potr\u00e0 inoltre parcheggiare in via Rabatta, dall\u2019intersezione con via Cappuccini in direzione del civico 16, dalle 7.30 di luned\u00ec 26, in via Morelli, largo XXVII Marzo, via Contavalle, via Cadorna e via Pellico (all\u2019altezza dei civici 1 e 4), via Cascino, via Dante, via Diaz tra le vie Rismondo e Cadorna, via Rotta e via Mameli dalle 7.30 di mercoled\u00ec 27. Solo i camper saranno ammessi nel parcheggio tra i viali Oriani e Virgilio, dalle 8 di gioved\u00ec 29 alle 22 di domenica. Il divieto di sosta con istituzione di fermata provvisoria per i bus sar\u00e0 introdotto in corso Italia tra le vie Bellini e XXIV Maggio dalle 7.30 di mercoled\u00ec 28, in via Colobini e via Sauro dalle 7.30 di gioved\u00ec 29, fino a mezzanotte di domenica 2.<\/p>\n<p> \tDalle 8.30 di luned\u00ec 26 fino alle 20 di marted\u00ec 4 <strong>non si potr\u00e0 transitare<\/strong> in piazza Sant\u2019Antonio, passaggio Edling, via Petrarca tra corso Verdi e piazza Battisti e nella piazza stessa nel parcheggio centrale nella parte rivolta verso il monumento oltre che nell\u2019anello esterno che da via Petrarca conduce a via Rismondo. In via Roma tra le vie Crispi e Rotta, corso Verdi tra le vie Oberdan e Dante, via De Gasperi e via Crispi sar\u00e0 in vigore il divieto di transito dalle 14 di luned\u00ec 26 alle 20 di marted\u00ec 4. In piazza del Municipio, via Mazzini, via De Gasperi, via Roma, via Rotta, piazza Vittoria, via Bombi, via Oberdan, via Morelli, largo XXVII Marzo, corso Verdi, via Contavalle, via Garibaldi, via Crispi, via Marconi, via delle Monache, via Rastello, piazza Cavour, via Rabatta, via Colobini, corte\u00a0 Sant\u2019Ilario, corso Italia tra le vie Diax e IX Agosto, via Diaz tra corso Verdi e via Rismondo, via Cadorna tra le vie Petrarca e Santa Chiara, area di parcheggio ex Artesac, via Petrarca, via Rismondo, via Boccaccio, piazzale Donatori Volontari di sangue e in tutta l\u2019area del mercato scoperto non si potr\u00e0 transitare dalle 8.30 di marted\u00ec 27 fino alle 20 di marted\u00ec 4. Solo frontisti e autorizzati potranno muoversi nelle strade limitrofe alle aree precluse al traffico. Accesso e transito sono ammessi per carico e scarico merci al servizio di espositori e farmacie con la massima prudenza e procedendo a velocit\u00e0 particolarmente moderata gioved\u00ec 29 fino alle 16, venerd\u00ec 30, sabato 1 e domenica 2 dalle 6 alle 11 e dalle 15 alle 16. Il carico scarico per negozi ed esercizi commerciali nell\u2019area della festa sar\u00e0 ammesso con gli stessi accorgimenti solo dalle 6 alle 11. Residenti o titolari di garage e posti auto interni potranno transitare gioved\u00ec 29 da mezzanotte alle 16, nelle altre tre giornate della manifestazione dalle 3 del mattino alle 11.<\/p>\n<p> \tIn via Cascino, via Nizza tra corso Italia e via Maniacco, via Petrarca tra piazza Battisti e via Cadorna, piazza Battisti nell\u2019anello esterno antistante la caserma Guella, via del Colle, largo XXVII Marzo e via Morelli tra le vie Oberdan e Crispi dalle 8.30 di marted\u00ec 27 fino alle 20 di marted\u00ec 4 sar\u00e0 <strong>revocato il senso unico con divieto di transito esclusi autorizzati<\/strong>.<\/p>\n<p> \t\u00a0<\/p>\n","protected":false},"excerpt":{"rendered":"<p>Mercoled\u00ec prossimo la presentazione alla stampa<\/p>\n","protected":false},"author":28,"featured_media":44628,"comment_status":"closed","ping_status":"closed","sticky":false,"template":"","format":"standard","meta":{"dwc-title":[],"dwc-content":[],"footnotes":""},"categories":[8],"tags":[],"class_list":["post-44627","post","type-post","status-publish","format-standard","has-post-thumbnail","hentry","category-turismo"],"rttpg_featured_image_url":{"full":["https:\/\/imagazine.it\/wp-content\/uploads\/2024\/01\/49678-1.webp",1964,1309,false],"landscape":["https:\/\/imagazine.it\/wp-content\/uploads\/2024\/01\/49678-1.webp",1964,1309,false],"portraits":["https:\/\/imagazine.it\/wp-content\/uploads\/2024\/01\/49678-1.webp",1964,1309,false],"thumbnail":["https:\/\/imagazine.it\/wp-content\/uploads\/2024\/01\/49678-1-150x150.webp",150,150,true],"medium":["https:\/\/imagazine.it\/wp-content\/uploads\/2024\/01\/49678-1-300x200.webp",300,200,true],"large":["https:\/\/imagazine.it\/wp-content\/uploads\/2024\/01\/49678-1-1024x682.webp",640,426,true],"thumblist":["https:\/\/imagazine.it\/wp-content\/uploads\/2024\/01\/49678-1.webp",300,200,false],"thumbrelated":["https:\/\/imagazine.it\/wp-content\/uploads\/2024\/01\/49678-1.webp",500,333,false],"meccarouselthumb":["https:\/\/imagazine.it\/wp-content\/uploads\/2024\/01\/49678-1.webp",474,316,false],"gridsquare":["https:\/\/imagazine.it\/wp-content\/uploads\/2024\/01\/49678-1.webp",391,260,false],"tileview":["https:\/\/imagazine.it\/wp-content\/uploads\/2024\/01\/49678-1.webp",300,200,false],"1536x1536":["https:\/\/imagazine.it\/wp-content\/uploads\/2024\/01\/49678-1-1536x1024.webp",1536,1024,true],"2048x2048":["https:\/\/imagazine.it\/wp-content\/uploads\/2024\/01\/49678-1.webp",1964,1309,false],"newsup-slider-full":["https:\/\/imagazine.it\/wp-content\/uploads\/2024\/01\/49678-1-1280x720.webp",1280,720,true],"newsup-featured":["https:\/\/imagazine.it\/wp-content\/uploads\/2024\/01\/49678-1-1024x682.webp",1024,682,true],"newsup-medium":["https:\/\/imagazine.it\/wp-content\/uploads\/2024\/01\/49678-1-720x380.webp",720,380,true],"tptn_thumbnail":["https:\/\/imagazine.it\/wp-content\/uploads\/2024\/01\/49678-1.webp",250,167,false],"sow-carousel-default":["https:\/\/imagazine.it\/wp-content\/uploads\/2024\/01\/49678-1-272x182.webp",272,182,true]},"rttpg_author":{"display_name":"redazione","author_link":"https:\/\/imagazine.it\/home_desk\/author\/redazione\/"},"rttpg_comment":0,"rttpg_category":"<a href=\"https:\/\/imagazine.it\/home_desk\/category\/turismo\/\" rel=\"category tag\">TURISMO<\/a>","rttpg_excerpt":"Mercoled\u00ec prossimo la presentazione alla stampa","_links":{"self":[{"href":"https:\/\/imagazine.it\/home_desk\/wp-json\/wp\/v2\/posts\/44627","targetHints":{"allow":["GET"]}}],"collection":[{"href":"https:\/\/imagazine.it\/home_desk\/wp-json\/wp\/v2\/posts"}],"about":[{"href":"https:\/\/imagazine.it\/home_desk\/wp-json\/wp\/v2\/types\/post"}],"author":[{"embeddable":true,"href":"https:\/\/imagazine.it\/home_desk\/wp-json\/wp\/v2\/users\/28"}],"replies":[{"embeddable":true,"href":"https:\/\/imagazine.it\/home_desk\/wp-json\/wp\/v2\/comments?post=44627"}],"version-history":[{"count":0,"href":"https:\/\/imagazine.it\/home_desk\/wp-json\/wp\/v2\/posts\/44627\/revisions"}],"wp:featuredmedia":[{"embeddable":true,"href":"https:\/\/imagazine.it\/home_desk\/wp-json\/wp\/v2\/media\/44628"}],"wp:attachment":[{"href":"https:\/\/imagazine.it\/home_desk\/wp-json\/wp\/v2\/media?parent=44627"}],"wp:term":[{"taxonomy":"category","embeddable":true,"href":"https:\/\/imagazine.it\/home_desk\/wp-json\/wp\/v2\/categories?post=44627"},{"taxonomy":"post_tag","embeddable":true,"href":"https:\/\/imagazine.it\/home_desk\/wp-json\/wp\/v2\/tags?post=44627"}],"curies":[{"name":"wp","href":"https:\/\/api.w.org\/{rel}","templated":true}]}}