{"id":44589,"date":"2022-09-14T00:00:00","date_gmt":"2022-09-13T23:00:00","guid":{"rendered":"https:\/\/imagazine.it\/?p=44589"},"modified":"2022-09-14T00:00:00","modified_gmt":"2022-09-13T23:00:00","slug":"pordenone-uomo-e-natura-dialogano-a-teatro","status":"publish","type":"post","link":"https:\/\/imagazine.it\/home_desk\/pordenone-uomo-e-natura-dialogano-a-teatro\/","title":{"rendered":"Pordenone, uomo e natura dialogano a teatro"},"content":{"rendered":"<p> \tTorna con la 26^ edizione il festival L\u2019Arlecchino Errante che, dal 20 al 25 settembre, porter\u00e0 in scena a Pordenone teatro, commedia dell\u2019arte, circo, danza e musica con la direzione artistica di <strong>Ferruccio Merisi<\/strong> (<strong><u><a href=\"http:\/\/www.imagazine.it\/eventi\/41821\" target=\"_blank\" rel=\"noopener\"><span style=\"color:#0000cd;\">clicca qui per il programma completo<\/span><\/a><\/u><\/strong>).<\/p>\n<p> \tIl tema dell\u2019edizione 2022 \u00e8 <strong>Re-green, una festa-laboratorio del teatro<\/strong> in cui gli spettacoli aprono una finestra sull\u2019equilibrio tra umanit\u00e0 e ambiente, in cui l\u2019uomo \u00e8 al tempo stesso il principale artefice e la vittima finale del disequilibrio in atto.<\/p>\n<p> \t<em>\u201cAbbiamo scelto il titolo Re-Green per esprimere l\u2019idea di praticare non solo una sostenibilit\u00e0 presente e futura, ma anche di agire per riparare le insostenibilit\u00e0 di un lungo passato <\/em>\u2013 sottolinea <strong>Ferruccio<\/strong> <strong>Merisi<\/strong> \u2013<em> ci siamo chiesti cosa possa fare il teatro per una tale prospettiva. Ne pu\u00f2 parlare ovviamente, ma pu\u00f2 anche praticare la sostenibilit\u00e0 nei suoi aspetti e processi tecnici, pu\u00f2 coniugare il valore della sostenibilit\u00e0 nei suoi linguaggi e stili, pu\u00f2 suggerire emozioni e sensazioni che aiutino a sintonizzarsi con le urgenze ambientali e con l\u2018irrinunciabile impegno del nuovo umanesimo, ovvero il dialogo con il mondo e con l\u2019universo.\u201d<\/em><\/p>\n<p> \tIn sei giorni il festival offre al pubblico <strong>17 appuntamenti<\/strong> <strong>dedicati a tutti i gusti e a tutte le et\u00e0,<\/strong> rappresentando tutte le possibilit\u00e0 del teatro contemporaneo: marionette fatte con oggetti riciclati, luci azionate da una dinamo umana, musiche provenienti da sensori collegati al suolo e agli ortaggi, parabole fantapolitiche, elogi delle buone pratiche sostenibili, sguardi sull\u2019oscurit\u00e0 dell\u2019anima, azioni circensi per acrobati in reciproco ascolto, contemplazioni sul miracolo dell\u2019esistenza dell\u2019uomo e sulla sua evoluzione, azioni teatrali in bicicletta e un concerto finale \u201cin collaborazione\u201d con le piante.<\/p>\n<p> \tL\u2019Arlecchino Errane conferma la <strong>vocazione internazionale<\/strong> con artisti provenienti da Francia, Spagna, Svezia, Belgio, dalla vicina Slovenia e dalle lontane Hawaii. Molti spettacoli sono prime regionali, con un paio di prime nazionali assolute.<\/p>\n<p> \tCome ogni edizione il festival offre un <strong>premio alla carriera<\/strong> ad un artista o una compagnia che si sia distinta per innovazione, artigianalit\u00e0, metodo e capacit\u00e0 di formazione.<\/p>\n<p> \tQuest\u2019anno la commissione del Festival ha scelto <strong>Lucilla Giagnoni<\/strong>, attrice, autrice e \u201cmaestra\u201d tosco-piemontese, molto amata anche in regione, con la seguente motivazione: una grande responsabilit\u00e0 e preparazione culturale, che le permette di coniugare con profondit\u00e0 \u201cle radici\u201d (ovvero le figure, i miti e i valori del passato), con \u201cle foglie\u201d, ovvero le necessit\u00e0 e le immaginazioni del futuro).<\/p>\n<p> \t\u00a0<\/p>\n<p> \t<em><strong>IL FESTIVAL <\/strong><\/em><\/p>\n<p> \t<em>Il nome Arlecchino Errante deriva dal fatto che il Festival fa riferimento alla Commedia dell\u2019Arte. Non si intende per\u00f2 la Commedia dell\u2019Arte come genere, quanto piuttosto come strumento: l\u2019originale ricostruzione messa a punto proprio dalla Scuola Sperimentale dell\u2019Attore fondata da Ferruccio Merisi nel 1997, fa della Commedia dell\u2019Arte un punto di partenza scientifico per dialogare con fenomeni teatrali molto diversi e soprattutto per prepararsi al teatro globale del futuro.<\/em><\/p>\n<p> \t<em>Il Festival L\u2019Arlecchino Errante ha una formula piuttosto unica nel panorama nazionale perch\u00e9 non seleziona novit\u00e0 o successi emergenti, ma artisti e spettacoli di qualit\u00e0 che siano rappresentativi di tradizione, innovazione, metodo, tecnica o pensiero.<\/em><\/p>\n<p> \t\u00a0<\/p>\n","protected":false},"excerpt":{"rendered":"<p>Ecco il programma Re-green<\/p>\n","protected":false},"author":28,"featured_media":44590,"comment_status":"closed","ping_status":"closed","sticky":false,"template":"","format":"standard","meta":{"dwc-title":[],"dwc-content":[],"footnotes":""},"categories":[37],"tags":[],"class_list":["post-44589","post","type-post","status-publish","format-standard","has-post-thumbnail","hentry","category-cultura-e-spettacolo"],"rttpg_featured_image_url":{"full":["https:\/\/imagazine.it\/wp-content\/uploads\/2024\/01\/49631-1.webp",1000,667,false],"landscape":["https:\/\/imagazine.it\/wp-content\/uploads\/2024\/01\/49631-1.webp",1000,667,false],"portraits":["https:\/\/imagazine.it\/wp-content\/uploads\/2024\/01\/49631-1.webp",1000,667,false],"thumbnail":["https:\/\/imagazine.it\/wp-content\/uploads\/2024\/01\/49631-1-150x150.webp",150,150,true],"medium":["https:\/\/imagazine.it\/wp-content\/uploads\/2024\/01\/49631-1-300x200.webp",300,200,true],"large":["https:\/\/imagazine.it\/wp-content\/uploads\/2024\/01\/49631-1.webp",640,427,false],"thumblist":["https:\/\/imagazine.it\/wp-content\/uploads\/2024\/01\/49631-1.webp",300,200,false],"thumbrelated":["https:\/\/imagazine.it\/wp-content\/uploads\/2024\/01\/49631-1.webp",500,334,false],"meccarouselthumb":["https:\/\/imagazine.it\/wp-content\/uploads\/2024\/01\/49631-1.webp",474,316,false],"gridsquare":["https:\/\/imagazine.it\/wp-content\/uploads\/2024\/01\/49631-1.webp",391,260,false],"tileview":["https:\/\/imagazine.it\/wp-content\/uploads\/2024\/01\/49631-1.webp",300,200,false],"1536x1536":["https:\/\/imagazine.it\/wp-content\/uploads\/2024\/01\/49631-1.webp",1000,667,false],"2048x2048":["https:\/\/imagazine.it\/wp-content\/uploads\/2024\/01\/49631-1.webp",1000,667,false],"newsup-slider-full":["https:\/\/imagazine.it\/wp-content\/uploads\/2024\/01\/49631-1.webp",1000,667,false],"newsup-featured":["https:\/\/imagazine.it\/wp-content\/uploads\/2024\/01\/49631-1.webp",1000,667,false],"newsup-medium":["https:\/\/imagazine.it\/wp-content\/uploads\/2024\/01\/49631-1-720x380.webp",720,380,true],"tptn_thumbnail":["https:\/\/imagazine.it\/wp-content\/uploads\/2024\/01\/49631-1.webp",250,167,false],"sow-carousel-default":["https:\/\/imagazine.it\/wp-content\/uploads\/2024\/01\/49631-1-272x182.webp",272,182,true]},"rttpg_author":{"display_name":"redazione","author_link":"https:\/\/imagazine.it\/home_desk\/author\/redazione\/"},"rttpg_comment":0,"rttpg_category":"<a href=\"https:\/\/imagazine.it\/home_desk\/category\/cultura-e-spettacolo\/\" rel=\"category tag\">CULTURA&amp;SPETTACOLO<\/a>","rttpg_excerpt":"Ecco il programma Re-green","_links":{"self":[{"href":"https:\/\/imagazine.it\/home_desk\/wp-json\/wp\/v2\/posts\/44589","targetHints":{"allow":["GET"]}}],"collection":[{"href":"https:\/\/imagazine.it\/home_desk\/wp-json\/wp\/v2\/posts"}],"about":[{"href":"https:\/\/imagazine.it\/home_desk\/wp-json\/wp\/v2\/types\/post"}],"author":[{"embeddable":true,"href":"https:\/\/imagazine.it\/home_desk\/wp-json\/wp\/v2\/users\/28"}],"replies":[{"embeddable":true,"href":"https:\/\/imagazine.it\/home_desk\/wp-json\/wp\/v2\/comments?post=44589"}],"version-history":[{"count":0,"href":"https:\/\/imagazine.it\/home_desk\/wp-json\/wp\/v2\/posts\/44589\/revisions"}],"wp:featuredmedia":[{"embeddable":true,"href":"https:\/\/imagazine.it\/home_desk\/wp-json\/wp\/v2\/media\/44590"}],"wp:attachment":[{"href":"https:\/\/imagazine.it\/home_desk\/wp-json\/wp\/v2\/media?parent=44589"}],"wp:term":[{"taxonomy":"category","embeddable":true,"href":"https:\/\/imagazine.it\/home_desk\/wp-json\/wp\/v2\/categories?post=44589"},{"taxonomy":"post_tag","embeddable":true,"href":"https:\/\/imagazine.it\/home_desk\/wp-json\/wp\/v2\/tags?post=44589"}],"curies":[{"name":"wp","href":"https:\/\/api.w.org\/{rel}","templated":true}]}}