{"id":44585,"date":"2022-09-13T00:00:00","date_gmt":"2022-09-12T23:00:00","guid":{"rendered":"https:\/\/imagazine.it\/?p=44585"},"modified":"2022-09-13T00:00:00","modified_gmt":"2022-09-12T23:00:00","slug":"monfalcone-solidarieta-e-vita-senza-sosta","status":"publish","type":"post","link":"https:\/\/imagazine.it\/home_desk\/monfalcone-solidarieta-e-vita-senza-sosta\/","title":{"rendered":"Monfalcone, &#8220;Solidariet\u00e0 \u00e8 Vita&#8221; senza sosta"},"content":{"rendered":"<p> \tL\u2019associazione \u201cSolidariet\u00e0 \u00e8 Vita\u201d di <strong>Monfalcone<\/strong>, che fino al 2021 si chiamava \u201cSettembre in Vita\u201d, compie dieci anni di attivit\u00e0 (2012 \u2013 2022).<\/p>\n<p> \tTutto \u00e8 nato da <strong>Gian Carlo Zanier, Stefano Ambrosini e Antonio Di Iorio<\/strong>, appartenenti dell\u2019Arma dei Carabinieri, che hanno organizzano la prima staffetta benefica di solidariet\u00e0 da Pordenone a Trieste per l\u2019Ospedale Pediatrico \u201cBurlo Garofolo\u201d di Trieste. Con questa prima iniziativa cominci\u00f2 l\u2019attivit\u00e0 di questo gruppo di persone composto prevalentemente da carabinieri in sevizio e in congedo oltre a molti simpatizzanti; il lavoro si svolge in assoluta attivit\u00e0 di volontariato in supporto alla Protezione civile comunale e alla Croce Rossa Italiana di Monfalcone, inoltre sostiene iniziative di solidariet\u00e0 proposte dalle amministrazioni comunali che coinvolgono le associazioni.<\/p>\n<p> \tIl principio che ispira questi volontari si basa sulla solidariet\u00e0 e aiuto verso il prossimo, coinvolgendo tutti, anche attraverso eventi sportivi, di spettacolo, informazione e cultura, a contribuire con iniziative a sostegno della comunit\u00e0.<\/p>\n<p> \tLe donazioni liberali e le raccolte fondi sono destinate all\u2019acquisto di materiale e attrezzatura destinati agli ospedali del territorio e a sostegno di famiglie in difficolt\u00e0 o in particolari condizioni di salute fisiche e psichiche.<\/p>\n<p> \tIn 10 anni di attivit\u00e0 non si contano gli innumerevoli interventi fatti, specialmente verso i giovani e le persone in grave difficolt\u00e0, tra gli altri l\u2019acquisto di un\u2019ambulanza per la CRI Comitato di Monfalcone e l\u2019acquisto di materiale per allestire le stanze emergenza del pronto soccorso pediatrico presso l\u2019Ospedale di Udine. \u00c8 stato comprato un dispositivo Surveyor Central (centrale per il monitoraggio multiparametrico a distanza del paziente e telemetria) e un ricetrasmettitore Ecg digitale Suveryor S4 Mobile Monitor, donati al pronto soccorso e quattro televisori per il reparto di Medicina, tutto a Monfalcone.<\/p>\n<p> \tL\u2019associazione si \u00e8 distinta per aver fornito un contributo al progetto per l\u2019attivazione del servizio di insegnante domiciliare in favore di Simone, bambino costretto ad affrontare impegnative e costose cure legate a una seria patologia. Inoltre l\u2019acquisto del macchinario TEM (microchirurgia endoscopica transanale) per eradicazione di polipi benigni, precancerosi e inizialmente maligni, per la chirurgia generale dell\u2019ospedale San Polo di Monfalcone.<\/p>\n<p> \tInfine sono arrivati all\u2019hospice dell\u2019ospedale san Polo di Monfalcone per l\u2019allestimento di ognuna delle cinque stanze: televisori, lettori DIVX, frigoriferi, sedie e comodini ospedalieri.<\/p>\n<p> \tL\u2019attuale presidente \u00e8 Stefano Ambrosini, il suo vice \u00e8 Antonio Di Iorio, entrambi soci fondatori, il presidente precedente \u00e8 stato Gian Carlo Zanier, il neo direttivo appena costituito si \u00e8 impegnato a continuare e magari implementare il lavoro svolto da quello precedente.<\/p>\n<p> \t\u00a0<\/p>\n","protected":false},"excerpt":{"rendered":"<p>Nuovo nome per il sodalizio<\/p>\n","protected":false},"author":22,"featured_media":44586,"comment_status":"closed","ping_status":"closed","sticky":false,"template":"","format":"standard","meta":{"dwc-title":[],"dwc-content":[],"footnotes":""},"categories":[5],"tags":[],"class_list":["post-44585","post","type-post","status-publish","format-standard","has-post-thumbnail","hentry","category-attualita"],"rttpg_featured_image_url":{"full":["https:\/\/imagazine.it\/wp-content\/uploads\/2024\/01\/49627-1.webp",1000,563,false],"landscape":["https:\/\/imagazine.it\/wp-content\/uploads\/2024\/01\/49627-1.webp",1000,563,false],"portraits":["https:\/\/imagazine.it\/wp-content\/uploads\/2024\/01\/49627-1.webp",1000,563,false],"thumbnail":["https:\/\/imagazine.it\/wp-content\/uploads\/2024\/01\/49627-1-150x150.webp",150,150,true],"medium":["https:\/\/imagazine.it\/wp-content\/uploads\/2024\/01\/49627-1-300x169.webp",300,169,true],"large":["https:\/\/imagazine.it\/wp-content\/uploads\/2024\/01\/49627-1.webp",640,360,false],"thumblist":["https:\/\/imagazine.it\/wp-content\/uploads\/2024\/01\/49627-1.webp",300,169,false],"thumbrelated":["https:\/\/imagazine.it\/wp-content\/uploads\/2024\/01\/49627-1.webp",500,282,false],"meccarouselthumb":["https:\/\/imagazine.it\/wp-content\/uploads\/2024\/01\/49627-1.webp",474,267,false],"gridsquare":["https:\/\/imagazine.it\/wp-content\/uploads\/2024\/01\/49627-1.webp",391,220,false],"tileview":["https:\/\/imagazine.it\/wp-content\/uploads\/2024\/01\/49627-1.webp",300,169,false],"1536x1536":["https:\/\/imagazine.it\/wp-content\/uploads\/2024\/01\/49627-1.webp",1000,563,false],"2048x2048":["https:\/\/imagazine.it\/wp-content\/uploads\/2024\/01\/49627-1.webp",1000,563,false],"newsup-slider-full":["https:\/\/imagazine.it\/wp-content\/uploads\/2024\/01\/49627-1.webp",1000,563,false],"newsup-featured":["https:\/\/imagazine.it\/wp-content\/uploads\/2024\/01\/49627-1.webp",1000,563,false],"newsup-medium":["https:\/\/imagazine.it\/wp-content\/uploads\/2024\/01\/49627-1-720x380.webp",720,380,true],"tptn_thumbnail":["https:\/\/imagazine.it\/wp-content\/uploads\/2024\/01\/49627-1.webp",250,141,false],"sow-carousel-default":["https:\/\/imagazine.it\/wp-content\/uploads\/2024\/01\/49627-1-272x182.webp",272,182,true]},"rttpg_author":{"display_name":"Livio Nonis","author_link":"https:\/\/imagazine.it\/home_desk\/author\/nonis\/"},"rttpg_comment":0,"rttpg_category":"<a href=\"https:\/\/imagazine.it\/home_desk\/category\/attualita\/\" rel=\"category tag\">ATTUALIT\u00c0<\/a>","rttpg_excerpt":"Nuovo nome per il sodalizio","_links":{"self":[{"href":"https:\/\/imagazine.it\/home_desk\/wp-json\/wp\/v2\/posts\/44585","targetHints":{"allow":["GET"]}}],"collection":[{"href":"https:\/\/imagazine.it\/home_desk\/wp-json\/wp\/v2\/posts"}],"about":[{"href":"https:\/\/imagazine.it\/home_desk\/wp-json\/wp\/v2\/types\/post"}],"author":[{"embeddable":true,"href":"https:\/\/imagazine.it\/home_desk\/wp-json\/wp\/v2\/users\/22"}],"replies":[{"embeddable":true,"href":"https:\/\/imagazine.it\/home_desk\/wp-json\/wp\/v2\/comments?post=44585"}],"version-history":[{"count":0,"href":"https:\/\/imagazine.it\/home_desk\/wp-json\/wp\/v2\/posts\/44585\/revisions"}],"wp:featuredmedia":[{"embeddable":true,"href":"https:\/\/imagazine.it\/home_desk\/wp-json\/wp\/v2\/media\/44586"}],"wp:attachment":[{"href":"https:\/\/imagazine.it\/home_desk\/wp-json\/wp\/v2\/media?parent=44585"}],"wp:term":[{"taxonomy":"category","embeddable":true,"href":"https:\/\/imagazine.it\/home_desk\/wp-json\/wp\/v2\/categories?post=44585"},{"taxonomy":"post_tag","embeddable":true,"href":"https:\/\/imagazine.it\/home_desk\/wp-json\/wp\/v2\/tags?post=44585"}],"curies":[{"name":"wp","href":"https:\/\/api.w.org\/{rel}","templated":true}]}}