{"id":44583,"date":"2022-09-13T00:00:00","date_gmt":"2022-09-12T23:00:00","guid":{"rendered":"https:\/\/imagazine.it\/?p=44583"},"modified":"2022-09-13T00:00:00","modified_gmt":"2022-09-12T23:00:00","slug":"pantianicco-torna-capitale-della-mela","status":"publish","type":"post","link":"https:\/\/imagazine.it\/home_desk\/pantianicco-torna-capitale-della-mela\/","title":{"rendered":"Pantianicco torna capitale della mela"},"content":{"rendered":"<p> \tDopo due anni di stop forzato ritorna dal 23 settembre la manifestazione dedicata alla mela pi\u00f9 grande del Friuli Venezia Giulia (<u><a href=\"http:\/\/www.imagazine.it\/eventi\/41813\" target=\"_blank\" rel=\"noopener\"><span style=\"color:#0000cd;\">clicca qui per il programma completo<\/span><\/a><\/u>).<\/p>\n<p> \tOrganizzata dalla Pro Loco di Pantianicco con il sostegno della Regione A. FVG &#8211; Promoturismo FVG, di ERSA, di UNPLI con il patrocinio del Comune di Mereto di Tomba, l\u2019annuale festa \u201c<strong>Mostra regionale della Mela<\/strong>\u201d ritorna in questa sua 51\/sima edizione ricca di eventi e prodotti di qualit\u00e0. \u00abAbbiamo voluto mantenere la formula della nostra manifestazione, con solo alcune novit\u00e0 in campo musicale, \u2013 precisa <strong>Monica Zinutti<\/strong>, presidente della Pro Loco \u2013 perch\u00e8 questa ci ha portati, grazie anche al lavoro dei miei predecessori, a essere un punto di riferimento non solo per i tecnici e gli appassionati del settore, ma anche per i friulani che si apprestano ad accogliere l\u2019autunno nel segno dei sapori autentici e dei prodotti agroalimentari tipici del nostro territorio\u00bb.<\/p>\n<p> \tIn degustazione durante tutte le giornate della manifestazione men\u00f9 variegati di ricette tipiche a base di mele, da consumarsi nei grandi spazi coperti, con le mele croccanti di raccolta oltre ai noti dolci come fagottini, strudel e la frittella di mele locale denominata Pomella insieme al sorbetto meloso, sidro e succo di mele. Ma anche attivit\u00e0 ludiche, appuntamenti di carattere sportivo<br \/> \te culturale, l\u2019elezione di Miss Mela e Mr Melo, il Premio Mela Friuli, il Premio per il miglior miele, per il miglior dolce e naturalmente tanta musica con le orchestre e gli aperitivi con noti DJ, svago<br \/> \te balli sfrenati.<\/p>\n<p> \tLa cifra della Mostra Regionale \u00e8\u00a0di sicuro l\u2019esposizione delle migliori cassette di mele delle aziende friulane, che come ogni anno saranno in gara con le proprie mele (Granny Smith, Gala, Delicious rosse, Fuji, Stark, Pink Lady, Braeburn, Red Chief , Di C\u00f2rone), una cinquantina le aziende che hanno aderito al concorso &#8211; provenienti da Spilimbergo e Budoia, da San Quirino a Maniago, Barcis, da Gemona a Tolmezzo a San Pietro al Natisone, Pulfero, Pozzuolo, Rive D\u2019Arcano, da Latisana, Grions a San Vito al Tagliamento &#8211;\u00a0 per la <strong>migliore cassetta di mele<\/strong> in esposizione e al <strong>Premio speciale Mela Friuli<\/strong>, che, nato nel 1991 per dare risalto a quanti si impegnano nel settore della melicoltura in Friuli. Il riconoscimento viene conferito alla migliore azienda agricola produttrice di mele attraverso una valutazione complessiva del management aziendale fatta da una commissione di esperti e tecnici \u2013 che hanno visitato ogni singola azienda \u2013, composta da: <strong>Emilio Beltrame <\/strong><strong>e Leonardo Barberio <\/strong>(Regione A. FVG), <strong>Barbara Oian, Michele Fabro, Marco Stocco<\/strong> (Ersa), <strong>Daniele Della Toffola e Marco Gani<\/strong> (Arpa), <strong>David Pascolo<\/strong> (Confagricoltura), <strong>Paolo Ermacora<\/strong> (Universit\u00e0\u00a0degli studi Udine), <strong>Gigi Fabro<\/strong>, tecnico e storico componente. Per non penalizzare le aziende che hanno raggiunto risultati ottimi ma solo per certi aspetti della conduzione aziendale, sono stati creati diversi riconoscimenti (migliore azienda fra quelle di piccole dimensioni e migliore azienda montana e a conduzione biologica).<\/p>\n<p> \tOltre al Premio, a Pantianicco va in scena una vera e propria festa che ha sempre richiamato nelle edizioni precedenti un numeroso pubblico eterogeneo, dove protagonista \u00e8 la mela ma anche<br \/> \til miele.<\/p>\n<p> \tIl debutto \u00e8 previsto per venerd\u00ec 23 settembre alle 18.30, con l\u2019annuncio della classifica delle cassette di mele in concorso mentre alle 19 apriranno i chioschi ricchi di gustose prelibatezze per il palato e poi, soddisfatti i palati, al via le danze dalle 21 insieme a DJ Ufone e i suoi vinili originali per una serata dalle note revival per coloro che un tempo frequentavano la famosa discoteca <strong><em>Dancing Scarpandibus<\/em><\/strong>.<\/p>\n<p> \tSi terr\u00e0 invece sabato <strong>24 settembre<\/strong> alle 17.30 l\u2019<strong>inaugurazione <\/strong>ufficiale della 51esima Mostra Regionale della Mela alla presenza di alcuni rappresentanti istituzionali della Regione Fvg, del Sindaco di Mereto di Tomba, e dei Sindaci dei paesi limitrofi; a fare gli onori di casa la presidente della Pro Loco Monica Zinutti.<\/p>\n<p> \tA seguire si svolger\u00e0 il <strong>convegno <\/strong>tecnico organizzato da Ersa dal titolo \u201cGestione delle acque reflue di lavaggio delle attrezzature per la distribuzione dei prodotti fitosanitari e della miscela residua: problematiche e possibili soluzioni\u201d sul tema dell&#39;inquinamento delle acque dopo la pulizia dell\u2019attrezzatura utilizzata per la distribuzione dei prodotti fitosanitari che, se mal condotto, pu\u00f2 generare forme di inquinamento ambientale. \u00c8 importante dunque adottare soluzioni tecniche per evitarlo. Molte aziende infatti negli ultimi anni hanno fatto importanti investimenti in questa direzione per adeguarsi a quanto indicato dal DLgs 150\/2014 e dal D.Lgs. 152\/06 anche supportate dai finanziamenti previsti dai Fondi del Programma di Sviluppo Rurale Fvg. L\u2019incontro moderato da <strong>Lucio Cisilino<\/strong>, dopo i saluti istituzionali di rito, vedr\u00e0 gli interventi di <strong>Pierbruno Mutton<\/strong> del Servizio fitosanitario e chimico, ricerca, sperimentazione e assistenza tecnica di Ersa, di <strong>Anna Lutman<\/strong>, direttore tecnico-scientifico Arpa Fvg e di <strong>Rino Gubiani<\/strong> dell\u2019Universit\u00e0 degli Studi di Udine, mentre alle conclusioni parteciper\u00e0 anche <strong>Stefano Zannier<\/strong>, assessore all\u2019agricoltura Regione Fvg.<\/p>\n<p> \tAl termine, si conosceranno le aziende vincitrici per le migliori cassette di mele in esposizione e del Premio Mela Friuli 2022 che consister\u00e0 in 200 piante di melo resistenti alla ticchiolatura con la possibilit\u00e0 per l\u2019azienda di sceglierne la variet\u00e0; per le altre categorie molti altri premi in palio.<\/p>\n<p> \tPer concludere la giornata di sabato alle 21 si balla il liscio con l\u2019<strong>orchestra Novanta<\/strong>.<\/p>\n<p> \tDomenica \u00e8 in programma una giornata densa di eventi, con partenza gi\u00e0 alle 8.30 con <strong>Melaguido<\/strong><strong>,<\/strong> <strong>il raduno con giro turistico di auto storiche<\/strong>. L\u2019evento, realizzato in collaborazione con Euroracing, prevede un giro di circa 70 km con una tappa per l\u2019aperitivo che include la visita presso l\u2019Agribirrificio Villa Chazil mentre al rientro \u00e8 previsto un pranzo presso gli stand di Pantianicco <em>(iscrizioni entro gioved\u00ec 22\/9\/2022 Stefano, T.: 3295357943 \/ Gianni, <\/em><br \/> \t<em>T.: 3355928075<\/em> <em>Euroracing Sedegliano<\/em>). I chioschi saranno gi\u00e0 aperti dalle 9 mentre alle 12 si terr\u00e0 il pranzo con la comunit\u00e0 di Pantianicco per gli abitanti e simpatizzanti.<\/p>\n<p> \tNel pomeriggio, dalle 15, inizier\u00e0 l\u2019intrattenimento per bambini con il \u201clancio\u201d di <strong><em>100 KG di mele per te<\/em><\/strong>: cartoline volanti su palloncini lanciati in cielo dai bambini e i laboratori didattici con gli animatori del progetto <strong>Ragazzi si Cresce<\/strong> di Mereto di Tomba.<\/p>\n<p> \tAlle 16 (e poi di nuovo alle 21)\u00a0si danza nell\u2019ampia pista da ballo con l\u2019<strong>orchestra Stefania Marchesi<\/strong> mentre alla 17.30 si terranno le premiazioni del <strong>32\u00b0 Concorso Mieli Citt\u00e0 <\/strong><br \/> \t<strong>di Pantianicco<\/strong>, concorso rivolto agli apicoltori iscritti e non ai consorzi regionali, indetto dalla Pro Loco di Pantianicco, in collaborazione con l\u2019Arpa Fvg e il Consorzio Apicoltori della Provincia di Udine con l\u2019intento di promuovere e propagandare il consumo del miele.<\/p>\n<p> \tAlle 18 una delle serate pi\u00f9 attese della festa, quella del\u00a0<strong>concorso Miss Mela &#038; Mister Melo <\/strong>in collaborazione con Gierrepi in cui si decreta la regina di bellezza e il pi\u00f9 bello tra i belli, il Mr. Melo della regione (selezione valida per il concorso Miss Alpe Adria International e Alpe Adria Boy)<br \/> \tin collaborazione con l\u2019agenzia Gierrepi. Iscrizioni gratuite. (Per informazioni t. 335 465287,<br \/> \t0432 860075).<\/p>\n<p> \tI festeggiamenti riprenderanno nel secondo weekend a partire da gioved\u00ec 29 settembre con l\u2019apertura dei chioschi alle 19 e il convegno delle 20.30 \u201c<strong>Dalla Pi\u00e7iule Patrie alla Banda Oriental, L\u2019emigrazione friulana in Uruguay<\/strong>\u201d con Walter Mattiussi e in collaborazione con l\u2019associazione culturale Qui Pantianicco. La storia dell\u2019emigrazione friulana verso l\u2019America del Sud ed il sacrificio fatto da intere generazioni \u00e8 ben documentata; tuttavia il fenomeno che ha coinvolto l\u2019Uruguay non \u00e8 stato sviluppato sufficientemente ed \u00e8 giusto far conoscere il contributo che esse hanno dato alla creazione di questa piccola nazione. La serata presenta sinteticamente l\u2019Uruguay ed il Friuli Venezia Giulia ed offre notizie in modo essenziale sulla storia dell\u2019emigrazione regionale in terre della Banda Oriental accennando alla realt\u00e0 attuale dei corregionali. In concomitanza si terr\u00e0 la gara di briscola gastronomica a coppie con ricchi e gustosi premi.<\/p>\n<p> \t<strong>Venerd\u00ec 30 <\/strong>settembre alle 18.30 si terr\u00e0 la presentazione del libro <strong>In cucina con il mais. <\/strong><br \/> \t<strong>Non solo polenta<\/strong> sulla versatilit\u00e0 della farina di mais con tante ricette di Giulia Godeassi presentate dall\u2019editore e direttore del mensile di enogastronomia QB, Fabiana Romanutti e poi tutti ai chioschi a degustare il ricco men\u00f9 e dalle 21 a ballare il liscio e in gruppo con <strong>Alvio e Elena<\/strong>.<\/p>\n<p> \tIl primo sabato di ottobre si apre alle 14.30 all\u2019insegna della dolcezza con il <strong>Concorso Dolci <\/strong><br \/> \t<strong>a base di Mele e Miele<\/strong> la cui premiazione si terr\u00e0 alle 20.30 (qualche ora dopo l\u2019apertura dei chioschi che avverr\u00e0 alle 18.30). Attesissimo l\u2019appuntamento delle 21 per l\u2019<strong>Autumn Party <\/strong>\u2013 DJ Set con i <strong>DJ Atr\u00e9s<\/strong> e <strong>Max Buono<\/strong>, un\u2019occasione unica per rivivere l\u2019emozione e la magia della musica anni \u201990 e \u201900!<\/p>\n<p> \tInfine domenica <strong>2 ottobre<\/strong> si aprono le iscrizioni, gi\u00e0 alle 8.30, per <strong>Mela a spasso<\/strong>, la marcia podistica non competitiva di 10 e 5 km che prevede due punti di ristoro e un ottimo piatto di pastasciutta all\u2019arrivo; iniziativa aperta anche alle scuole, con partenza alle 9.30.<\/p>\n<p> \tNella stessa giornata si terr\u00e0, alle 14, la <strong>gara ciclistica<\/strong> per amatori, il 22esimo trofeo Franco Cragno mentre alle 15 tornano le attivit\u00e0 per i pi\u00f9 piccoli con <strong><em>\u2026100 kg di mele per te! <\/em><\/strong>e i laboratori didattici con gli animatori del progetto <strong>Ragazzi si Cresce<\/strong> di Mereto di Tomba.<\/p>\n<p> \tLa 51esima festa regionale della Mela di Pantianicco si chiuder\u00e0 con tanta musica a partire dalle 16 con l\u2019orchestra <strong>Collegium<\/strong>.<\/p>\n<p> \tDurante tutte le giornate dell\u2019evento si potranno anche acquistare le mele fresche di raccolta e i tanti prodotti locali come il miele, i trasformati dalla mela (succo, sidro e aceto di mele) e i deliziosi dolci a base naturalmente di mele e di miele. Inoltre sabato 24 settembre pomeriggio e le domeniche si terranno i <strong>laboratori didattico &#8211; esperienziali sulla trasformazione delle mele in succo, sidro e aceto e valutazione sensoriale della mela e dei succhi<\/strong>, curati e condotti dagli allievi con i docenti dell\u2019Istituto d\u2019Istruzione \u201cIl Tagliamento\u201d di Spilimbergo (<em>Progetto del percorso di tirocinio della disciplina di Trasformazione dei prodotti dell\u2019Istituto <\/em><br \/> \t<em>\u201cIl Tagliamento\u201d di Spilimbergo<\/em>).<\/p>\n<p> \t\u00a0<\/p>\n","protected":false},"excerpt":{"rendered":"<p>Presentata la Mostra Regionale<\/p>\n","protected":false},"author":28,"featured_media":44584,"comment_status":"closed","ping_status":"closed","sticky":false,"template":"","format":"standard","meta":{"dwc-title":[],"dwc-content":[],"footnotes":""},"categories":[8],"tags":[],"class_list":["post-44583","post","type-post","status-publish","format-standard","has-post-thumbnail","hentry","category-turismo"],"rttpg_featured_image_url":{"full":["https:\/\/imagazine.it\/wp-content\/uploads\/2024\/01\/49626-1.webp",1000,750,false],"landscape":["https:\/\/imagazine.it\/wp-content\/uploads\/2024\/01\/49626-1.webp",1000,750,false],"portraits":["https:\/\/imagazine.it\/wp-content\/uploads\/2024\/01\/49626-1.webp",1000,750,false],"thumbnail":["https:\/\/imagazine.it\/wp-content\/uploads\/2024\/01\/49626-1-150x150.webp",150,150,true],"medium":["https:\/\/imagazine.it\/wp-content\/uploads\/2024\/01\/49626-1-300x225.webp",300,225,true],"large":["https:\/\/imagazine.it\/wp-content\/uploads\/2024\/01\/49626-1.webp",640,480,false],"thumblist":["https:\/\/imagazine.it\/wp-content\/uploads\/2024\/01\/49626-1.webp",300,225,false],"thumbrelated":["https:\/\/imagazine.it\/wp-content\/uploads\/2024\/01\/49626-1.webp",500,375,false],"meccarouselthumb":["https:\/\/imagazine.it\/wp-content\/uploads\/2024\/01\/49626-1.webp",432,324,false],"gridsquare":["https:\/\/imagazine.it\/wp-content\/uploads\/2024\/01\/49626-1.webp",347,260,false],"tileview":["https:\/\/imagazine.it\/wp-content\/uploads\/2024\/01\/49626-1.webp",300,225,false],"1536x1536":["https:\/\/imagazine.it\/wp-content\/uploads\/2024\/01\/49626-1.webp",1000,750,false],"2048x2048":["https:\/\/imagazine.it\/wp-content\/uploads\/2024\/01\/49626-1.webp",1000,750,false],"newsup-slider-full":["https:\/\/imagazine.it\/wp-content\/uploads\/2024\/01\/49626-1-1000x720.webp",1000,720,true],"newsup-featured":["https:\/\/imagazine.it\/wp-content\/uploads\/2024\/01\/49626-1.webp",1000,750,false],"newsup-medium":["https:\/\/imagazine.it\/wp-content\/uploads\/2024\/01\/49626-1-720x380.webp",720,380,true],"tptn_thumbnail":["https:\/\/imagazine.it\/wp-content\/uploads\/2024\/01\/49626-1.webp",250,188,false],"sow-carousel-default":["https:\/\/imagazine.it\/wp-content\/uploads\/2024\/01\/49626-1-272x182.webp",272,182,true]},"rttpg_author":{"display_name":"redazione","author_link":"https:\/\/imagazine.it\/home_desk\/author\/redazione\/"},"rttpg_comment":0,"rttpg_category":"<a href=\"https:\/\/imagazine.it\/home_desk\/category\/turismo\/\" rel=\"category tag\">TURISMO<\/a>","rttpg_excerpt":"Presentata la Mostra Regionale","_links":{"self":[{"href":"https:\/\/imagazine.it\/home_desk\/wp-json\/wp\/v2\/posts\/44583","targetHints":{"allow":["GET"]}}],"collection":[{"href":"https:\/\/imagazine.it\/home_desk\/wp-json\/wp\/v2\/posts"}],"about":[{"href":"https:\/\/imagazine.it\/home_desk\/wp-json\/wp\/v2\/types\/post"}],"author":[{"embeddable":true,"href":"https:\/\/imagazine.it\/home_desk\/wp-json\/wp\/v2\/users\/28"}],"replies":[{"embeddable":true,"href":"https:\/\/imagazine.it\/home_desk\/wp-json\/wp\/v2\/comments?post=44583"}],"version-history":[{"count":0,"href":"https:\/\/imagazine.it\/home_desk\/wp-json\/wp\/v2\/posts\/44583\/revisions"}],"wp:featuredmedia":[{"embeddable":true,"href":"https:\/\/imagazine.it\/home_desk\/wp-json\/wp\/v2\/media\/44584"}],"wp:attachment":[{"href":"https:\/\/imagazine.it\/home_desk\/wp-json\/wp\/v2\/media?parent=44583"}],"wp:term":[{"taxonomy":"category","embeddable":true,"href":"https:\/\/imagazine.it\/home_desk\/wp-json\/wp\/v2\/categories?post=44583"},{"taxonomy":"post_tag","embeddable":true,"href":"https:\/\/imagazine.it\/home_desk\/wp-json\/wp\/v2\/tags?post=44583"}],"curies":[{"name":"wp","href":"https:\/\/api.w.org\/{rel}","templated":true}]}}