{"id":44573,"date":"2022-09-13T00:00:00","date_gmt":"2022-09-12T23:00:00","guid":{"rendered":"https:\/\/imagazine.it\/?p=44573"},"modified":"2022-09-13T00:00:00","modified_gmt":"2022-09-12T23:00:00","slug":"monfalcone-week-end-tra-esibizioni-e-coreografie","status":"publish","type":"post","link":"https:\/\/imagazine.it\/home_desk\/monfalcone-week-end-tra-esibizioni-e-coreografie\/","title":{"rendered":"Monfalcone, week end tra esibizioni e coreografie"},"content":{"rendered":"<p> \tSi aprir\u00e0 a <strong>Monfalcone<\/strong> <strong>venerd\u00ec 16 settembre<\/strong> l\u2019ottava edizione del <strong>Festival della Danza<\/strong>: fino a domenica, tre giornate dedicate al ballo, che trasformeranno il centro citt\u00e0 in un grande palco per le oltre trenta scuole di danza che si esibiranno.<\/p>\n<p> \tVenerd\u00ec alle 18.30 in Piazza Unit\u00e0 d\u2019Italia l\u2019inaugurazione del Festival \u2013 che quest\u2019anno vedr\u00e0 promuovere e valorizzare quella realt\u00e0 duramente colpita dagli incendi degli scorsi mesi con coreografie, letture e performance artistiche in tema \u201cIl Carso sono Io\u201d \u2013 aprir\u00e0 con una dedica speciale al nostro Carso: il Ballet Club diretto da Monica Artino si esibir\u00e0 con lo spettacolo di danza e musica \u201cBelle arti &#8211; La rinascita\u201d insieme all\u2019Orchestra d\u2019archi dell\u2019Associazione Culturale e Musicale di Farra d\u2019Isonzo diretta da Annalisa Clemente, in una performance emozionante e coinvolgente.<\/p>\n<p> \tA seguire, il Club Diamante con lo spettacolo <em>Animals will save the world<\/em>.<\/p>\n<p> \tNelle mattinate di sabato e domenica saranno protagoniste le Masterclass, quest\u2019anno dei veri e propri laboratori coreografici da cui nasceranno alcuni degli spettacoli che saranno presentati nella serata conclusiva del Festival, domenica al Teatro Comunale.<\/p>\n<p> \tAl Palasport di via Rossini, sabato e domenica Martina Nadalini e Roberto Carrozzino proporranno un Laboratorio Coreografico Modern per i ragazzi Over 12 dalle 9 alle 11 e per i bambini tra 8 e 11 anni dalle 11.30 alle 13.30. Nella Sala Polifunzionale Don Foschian di Largo Isonzo, appuntamento sabato con Monica Artino e il laboratorio di Danza Classica Over 14 dalle 9.30 alle 11 e con la lezione di Contemporary Over 16 di Marco Laudani dalle 11.30 alle 13. Domenica, Lezione Contemporary per i ragazzi da 12 a 15 anni con Marco Laudani dalle 9.30 alle 11, mentre per gli Over 12 lezione Hip Hop con Kevin dalle 11.30 alle 13.<\/p>\n<p> \tNel centro di Monfalcone oltre trenta scuole si esibiranno con coreografie di danza classica, contemporanea, moderna, avvolgendo in un\u2019atmosfera danzante i luoghi pi\u00f9 suggestivi di una citt\u00e0 che in occasione della kermesse artistica proporr\u00e0 anche tante vetrine allestite in tema danza e molteplici proposte di men\u00f9 dedicate al Festival dai bar e ristoranti locali.<\/p>\n<p> \t<strong>Sabato 17 settembre<\/strong>, alle 11 in piazza Unit\u00e0 d\u2019Italia aperitivo con la danza, con Giorgio Rivari e ASD Dance &#038; Fit Academy di Gorizia e <em>Human dance Technique.<\/em><\/p>\n<p> \tDalle 15.30 partiranno le esibizioni delle Scuole di danza: in Piazza Falcone e Borsellino sar\u00e0 la volta di Artedanza di (Monfalcone), Prima Fila Swing (Monfalcone), Salice Verde (Trieste), Ventaglio (Trieste), Elisa Cecchini (Turriaco), Il Nuovo Centro Danza (Monfalcone), Moonflower Tribal Dance (Ronchi dei Legionari); in Piazza Unit\u00e0 d\u2019Italia balleranno invece le scuole Superfly (Turriaco), ASD Cenacolo Arabesque (Ronchi dei Legionari), Elever Contatto Danza (Cormons), Movartex (Gorizia), Coppelia (Monfalcone), Il Metropolitan (Trieste).<\/p>\n<p> \tTante le esibizioni itineranti che abbracciano e danno vita alle vie del centro, da Piazza Cavour a Corso del Popolo, dalla Piazza a Via IX Giugno, con le performance del Club Diamante, i balli di gruppo della scuola Artedanza (Monfalcone), le esibizioni delle scuole Movimento Espressivo (Pieris) e ASD Prima Fila (Monfalcone) e i balli country dell\u2019Associazione Country Dance Iron Boot (Cervignano del Friuli).<\/p>\n<p> \tL\u2019appuntamento conclusivo della giornata di sabato \u00e8 alle 20.30 al Teatro Comunale, con il Gala di Danza: ancora esibizioni, interviste e ospiti speciali, insieme alle tanto attese premiazioni dei giovani talenti. Ospiti della serata i ballerini e coreografi Martina Nadalini e Roberto Carrozzino.<\/p>\n<p> \t<strong>Domenica 18<\/strong> proseguono nel pomeriggio le esibizioni delle Scuole di Danza: dalle 15.30 Viento Flamenco (Udine), Annalisa Danze (Trieste), L\u2019Ensamble (San Pier d\u2019Isonzo), Circolo Noi San Giuseppe (Monfalcone) in Piazza Falcone e Borsellino; Ele Dance (Trieste), Axis Danza (Udine), Dance &#038; Fitness Academy, (San Vito di Fagagna), The Lab Formazione Danza (Staranzano) e Tersicore (Monfalcone e Gorizia) in Piazzetta Unit\u00e0 d\u2019Italia.<\/p>\n<p> \tLa <em>street dance<\/em> itinerante dei ballerini di Ily Dance di Monfalcone e la Milonga di Dance Academy Nueva Clave di Gradisca d\u2019Isonzo si esibiranno invece tra le vie del centro citt\u00e0.<\/p>\n<p> \tGrande finale di questa ottava edizione del Festival della Danza alle 19.30 al Teatro Comunale di Monfalcone, con l\u2019esibizione delle coreografie elaborate nelle Masterclass, i <em>Concerti di Balletti<\/em> e le esibizioni curate di Axix Danza di Udine e Ily Dance di Monfalcone.<\/p>\n<p> \tIl Festival della Danza \u00e8 organizzato dall\u2019Assessorato alla Cultura del Comune di Monfalcone, insieme alle oltre trenta Scuole di Danza del territorio regionale, ai rioni, alla Consulta Cultura, alle Associazioni di categoria Ascom, Vivacentro, Confartigianato, CNA e ai professionisti del settore.<\/p>\n<p> \tIn caso di maltempo gli spettacoli e le esibizioni si terranno presso il Teatro Comunale di Monfalcone, Corso del Popolo 20.<\/p>\n<p> \t\u00a0<\/p>\n","protected":false},"excerpt":{"rendered":"<p>Torna il Festival della Danza<\/p>\n","protected":false},"author":28,"featured_media":44574,"comment_status":"closed","ping_status":"closed","sticky":false,"template":"","format":"standard","meta":{"dwc-title":[],"dwc-content":[],"footnotes":""},"categories":[37],"tags":[],"class_list":["post-44573","post","type-post","status-publish","format-standard","has-post-thumbnail","hentry","category-cultura-e-spettacolo"],"rttpg_featured_image_url":{"full":["https:\/\/imagazine.it\/wp-content\/uploads\/2024\/01\/49609-1.webp",1592,1080,false],"landscape":["https:\/\/imagazine.it\/wp-content\/uploads\/2024\/01\/49609-1.webp",1592,1080,false],"portraits":["https:\/\/imagazine.it\/wp-content\/uploads\/2024\/01\/49609-1.webp",1592,1080,false],"thumbnail":["https:\/\/imagazine.it\/wp-content\/uploads\/2024\/01\/49609-1-150x150.webp",150,150,true],"medium":["https:\/\/imagazine.it\/wp-content\/uploads\/2024\/01\/49609-1-300x204.webp",300,204,true],"large":["https:\/\/imagazine.it\/wp-content\/uploads\/2024\/01\/49609-1-1024x695.webp",640,434,true],"thumblist":["https:\/\/imagazine.it\/wp-content\/uploads\/2024\/01\/49609-1.webp",300,204,false],"thumbrelated":["https:\/\/imagazine.it\/wp-content\/uploads\/2024\/01\/49609-1.webp",500,339,false],"meccarouselthumb":["https:\/\/imagazine.it\/wp-content\/uploads\/2024\/01\/49609-1.webp",474,322,false],"gridsquare":["https:\/\/imagazine.it\/wp-content\/uploads\/2024\/01\/49609-1.webp",383,260,false],"tileview":["https:\/\/imagazine.it\/wp-content\/uploads\/2024\/01\/49609-1.webp",300,204,false],"1536x1536":["https:\/\/imagazine.it\/wp-content\/uploads\/2024\/01\/49609-1-1536x1042.webp",1536,1042,true],"2048x2048":["https:\/\/imagazine.it\/wp-content\/uploads\/2024\/01\/49609-1.webp",1592,1080,false],"newsup-slider-full":["https:\/\/imagazine.it\/wp-content\/uploads\/2024\/01\/49609-1-1280x720.webp",1280,720,true],"newsup-featured":["https:\/\/imagazine.it\/wp-content\/uploads\/2024\/01\/49609-1-1024x695.webp",1024,695,true],"newsup-medium":["https:\/\/imagazine.it\/wp-content\/uploads\/2024\/01\/49609-1-720x380.webp",720,380,true],"tptn_thumbnail":["https:\/\/imagazine.it\/wp-content\/uploads\/2024\/01\/49609-1.webp",250,170,false],"sow-carousel-default":["https:\/\/imagazine.it\/wp-content\/uploads\/2024\/01\/49609-1-272x182.webp",272,182,true]},"rttpg_author":{"display_name":"redazione","author_link":"https:\/\/imagazine.it\/home_desk\/author\/redazione\/"},"rttpg_comment":0,"rttpg_category":"<a href=\"https:\/\/imagazine.it\/home_desk\/category\/cultura-e-spettacolo\/\" rel=\"category tag\">CULTURA&amp;SPETTACOLO<\/a>","rttpg_excerpt":"Torna il Festival della Danza","_links":{"self":[{"href":"https:\/\/imagazine.it\/home_desk\/wp-json\/wp\/v2\/posts\/44573","targetHints":{"allow":["GET"]}}],"collection":[{"href":"https:\/\/imagazine.it\/home_desk\/wp-json\/wp\/v2\/posts"}],"about":[{"href":"https:\/\/imagazine.it\/home_desk\/wp-json\/wp\/v2\/types\/post"}],"author":[{"embeddable":true,"href":"https:\/\/imagazine.it\/home_desk\/wp-json\/wp\/v2\/users\/28"}],"replies":[{"embeddable":true,"href":"https:\/\/imagazine.it\/home_desk\/wp-json\/wp\/v2\/comments?post=44573"}],"version-history":[{"count":0,"href":"https:\/\/imagazine.it\/home_desk\/wp-json\/wp\/v2\/posts\/44573\/revisions"}],"wp:featuredmedia":[{"embeddable":true,"href":"https:\/\/imagazine.it\/home_desk\/wp-json\/wp\/v2\/media\/44574"}],"wp:attachment":[{"href":"https:\/\/imagazine.it\/home_desk\/wp-json\/wp\/v2\/media?parent=44573"}],"wp:term":[{"taxonomy":"category","embeddable":true,"href":"https:\/\/imagazine.it\/home_desk\/wp-json\/wp\/v2\/categories?post=44573"},{"taxonomy":"post_tag","embeddable":true,"href":"https:\/\/imagazine.it\/home_desk\/wp-json\/wp\/v2\/tags?post=44573"}],"curies":[{"name":"wp","href":"https:\/\/api.w.org\/{rel}","templated":true}]}}