{"id":44571,"date":"2022-09-13T00:00:00","date_gmt":"2022-09-12T23:00:00","guid":{"rendered":"https:\/\/imagazine.it\/?p=44571"},"modified":"2022-09-13T00:00:00","modified_gmt":"2022-09-12T23:00:00","slug":"cividale-prima-citta-italiana-nelleffe-seals","status":"publish","type":"post","link":"https:\/\/imagazine.it\/home_desk\/cividale-prima-citta-italiana-nelleffe-seals\/","title":{"rendered":"Cividale prima citt\u00e0 italiana nell&#8217;Effe Seals"},"content":{"rendered":"<p> \t<strong>Cividale del Friuli<\/strong>, grazie al supporto e al lavoro in prima linea di <strong><em>Mittelfest<\/em><\/strong>, \u00e8 la prima citt\u00e0 italiana a entrare nel progetto <strong>Effe Seals <\/strong>di Efa (European Festivals Association), il \u201csigillo\u201d delle localit\u00e0 europee che integrano strettamente il proprio sviluppo e la propria immagine alla cultura dei festival.<\/p>\n<p> \tStamattina, le <strong>sette citt\u00e0<\/strong> di Belgrado (Serbia), Bergen (Norvegia), Edimburgo (Scozia), Gand (Belgio), Cracovia (Polonia), Leeuwarden (Paesi Bassi) e Lubiana (Slovenia) hanno firmato ufficialmente il <strong>documento fondante di Effe Seals<\/strong> a Yerevan, in Armenia, in occasione dell&#39;Arts Festivals Summit.<\/p>\n<p> \tSempre oggi, il <strong>sindaco di Cividale Daniela Bernardi<\/strong> ha firmato il <strong><em>Memorandum<\/em> <\/strong>attraverso il quale la citt\u00e0 e il suo festival, Mittelfest, si impegnano ad aderire agli obiettivi di Effe Seals, ovvero i valori europei fondamentali e poi creativit\u00e0, sostenibilit\u00e0, internazionalit\u00e0 e pensiero critico.<\/p>\n<p> \tIl marchio Effe Seals celebra i risultati conseguiti da ciascuna citt\u00e0 nei confronti della propria comunit\u00e0 festivaliera e porta alla creazione di una comunit\u00e0 di luoghi e dei loro festival che condividano ambizioni e caratteristiche e stimolino altri a partecipare, sviluppando un programma culturale d&#39;azione comune.<\/p>\n<p> \t<em>\u201cL\u2019adesione a Effe Seals <\/em>\u2013 sottolinea il sindaco <strong>Bernardi<\/strong> \u2013 <em>\u00e8 un\u2019occasione di grande visibilit\u00e0 per la citt\u00e0 di Cividale che entra in un circuito internazionale europeo di valorizzazione non solo culturale, ma anche turistica ed economica<\/em>. <em>Voglio ringraziare il grande lavoro di Mittelfest, la capacit\u00e0 di visione del suo presidente e del cda e anche l\u2019impegno dell\u2019intera squadra che lavora tutto l\u2019anno affinch\u00e9 il festival e le numerose iniziative ad esso collegate abbiano un ruolo sempre pi\u00f9 strategico e distintivo in FVG e fuori dai confini regionali e nazionali\u201d.<\/em><\/p>\n<p> \t<em>\u201cCon Effe Seals, Mittelfest rafforza ulteriormente la propria duplice vocazione <\/em>\u2013 commenta il presidente di Mittelfest, <strong>Roberto Corciulo <\/strong>\u2013:<em> \u00e8 un festival internazionale che mette in scena il meglio dello spettacolo dal vivo mitteleuropeo e, allo stesso tempo, \u00e8 un evento che deve la propria unicit\u00e0 al luogo in cui avviene, Cividale. La firma di oggi \u00e8 punto di partenza per nuove e importanti opportunit\u00e0 di crescita e collaborazione europee, ma \u00e8 anche traguardo del lavoro fatto in questi anni insieme a Efa, di cui Mittelfest \u00e8 socio, e a Italiafestival (l\u2019associazione che dal 1987 \u00e8 formata dai prestigiosi festival italiani) che, infatti, proprio l\u2019anno scorso, hanno organizzato a Cividale durante Mittelfest il proprio evento annuale con 35 delegazioni da altrettanti paesi e festival europei\u201d.<\/em><\/p>\n<p> \t<em>\u201cLa cultura, e i festival in particolare <\/em>\u2013 sottolinea <strong>Corciulo<\/strong> \u2013,<em> sono in grado di generare valore economico per i territori, sono catalizzatori di risorse, di lavoratori qualificati e di valorizzazione turistica dei luoghi in cui si svolgono\u201d.<\/em><\/p>\n<p> \t\u00a0<\/p>\n","protected":false},"excerpt":{"rendered":"<p>Grazie a Mittelfest<\/p>\n","protected":false},"author":28,"featured_media":44572,"comment_status":"closed","ping_status":"closed","sticky":false,"template":"","format":"standard","meta":{"dwc-title":[],"dwc-content":[],"footnotes":""},"categories":[37],"tags":[],"class_list":["post-44571","post","type-post","status-publish","format-standard","has-post-thumbnail","hentry","category-cultura-e-spettacolo"],"rttpg_featured_image_url":{"full":["https:\/\/imagazine.it\/wp-content\/uploads\/2024\/01\/49605-1.webp",1000,665,false],"landscape":["https:\/\/imagazine.it\/wp-content\/uploads\/2024\/01\/49605-1.webp",1000,665,false],"portraits":["https:\/\/imagazine.it\/wp-content\/uploads\/2024\/01\/49605-1.webp",1000,665,false],"thumbnail":["https:\/\/imagazine.it\/wp-content\/uploads\/2024\/01\/49605-1-150x150.webp",150,150,true],"medium":["https:\/\/imagazine.it\/wp-content\/uploads\/2024\/01\/49605-1-300x200.webp",300,200,true],"large":["https:\/\/imagazine.it\/wp-content\/uploads\/2024\/01\/49605-1.webp",640,426,false],"thumblist":["https:\/\/imagazine.it\/wp-content\/uploads\/2024\/01\/49605-1.webp",300,200,false],"thumbrelated":["https:\/\/imagazine.it\/wp-content\/uploads\/2024\/01\/49605-1.webp",500,333,false],"meccarouselthumb":["https:\/\/imagazine.it\/wp-content\/uploads\/2024\/01\/49605-1.webp",474,315,false],"gridsquare":["https:\/\/imagazine.it\/wp-content\/uploads\/2024\/01\/49605-1.webp",391,260,false],"tileview":["https:\/\/imagazine.it\/wp-content\/uploads\/2024\/01\/49605-1.webp",300,200,false],"1536x1536":["https:\/\/imagazine.it\/wp-content\/uploads\/2024\/01\/49605-1.webp",1000,665,false],"2048x2048":["https:\/\/imagazine.it\/wp-content\/uploads\/2024\/01\/49605-1.webp",1000,665,false],"newsup-slider-full":["https:\/\/imagazine.it\/wp-content\/uploads\/2024\/01\/49605-1.webp",1000,665,false],"newsup-featured":["https:\/\/imagazine.it\/wp-content\/uploads\/2024\/01\/49605-1.webp",1000,665,false],"newsup-medium":["https:\/\/imagazine.it\/wp-content\/uploads\/2024\/01\/49605-1-720x380.webp",720,380,true],"tptn_thumbnail":["https:\/\/imagazine.it\/wp-content\/uploads\/2024\/01\/49605-1.webp",250,166,false],"sow-carousel-default":["https:\/\/imagazine.it\/wp-content\/uploads\/2024\/01\/49605-1-272x182.webp",272,182,true]},"rttpg_author":{"display_name":"redazione","author_link":"https:\/\/imagazine.it\/home_desk\/author\/redazione\/"},"rttpg_comment":0,"rttpg_category":"<a href=\"https:\/\/imagazine.it\/home_desk\/category\/cultura-e-spettacolo\/\" rel=\"category tag\">CULTURA&amp;SPETTACOLO<\/a>","rttpg_excerpt":"Grazie a Mittelfest","_links":{"self":[{"href":"https:\/\/imagazine.it\/home_desk\/wp-json\/wp\/v2\/posts\/44571","targetHints":{"allow":["GET"]}}],"collection":[{"href":"https:\/\/imagazine.it\/home_desk\/wp-json\/wp\/v2\/posts"}],"about":[{"href":"https:\/\/imagazine.it\/home_desk\/wp-json\/wp\/v2\/types\/post"}],"author":[{"embeddable":true,"href":"https:\/\/imagazine.it\/home_desk\/wp-json\/wp\/v2\/users\/28"}],"replies":[{"embeddable":true,"href":"https:\/\/imagazine.it\/home_desk\/wp-json\/wp\/v2\/comments?post=44571"}],"version-history":[{"count":0,"href":"https:\/\/imagazine.it\/home_desk\/wp-json\/wp\/v2\/posts\/44571\/revisions"}],"wp:featuredmedia":[{"embeddable":true,"href":"https:\/\/imagazine.it\/home_desk\/wp-json\/wp\/v2\/media\/44572"}],"wp:attachment":[{"href":"https:\/\/imagazine.it\/home_desk\/wp-json\/wp\/v2\/media?parent=44571"}],"wp:term":[{"taxonomy":"category","embeddable":true,"href":"https:\/\/imagazine.it\/home_desk\/wp-json\/wp\/v2\/categories?post=44571"},{"taxonomy":"post_tag","embeddable":true,"href":"https:\/\/imagazine.it\/home_desk\/wp-json\/wp\/v2\/tags?post=44571"}],"curies":[{"name":"wp","href":"https:\/\/api.w.org\/{rel}","templated":true}]}}