{"id":44565,"date":"2022-09-12T00:00:00","date_gmt":"2022-09-11T23:00:00","guid":{"rendered":"https:\/\/imagazine.it\/?p=44565"},"modified":"2022-09-12T00:00:00","modified_gmt":"2022-09-11T23:00:00","slug":"vaccino-bivalente-covid-prenotazioni-aperte-in-fvg","status":"publish","type":"post","link":"https:\/\/imagazine.it\/home_desk\/vaccino-bivalente-covid-prenotazioni-aperte-in-fvg\/","title":{"rendered":"Vaccino bivalente Covid, prenotazioni aperte in FVG"},"content":{"rendered":"<p> \tIl <strong>vaccino bivalente<\/strong> sar\u00e0 <strong>disponibile nei centri vaccinali da del Friuli Venezia Giulia<\/strong> da marted\u00ec 13 settembre, per tutti i cittadini che si sottoporranno al booster.<\/p>\n<p> \tLa prenotazione della vaccinazione \u00e8 gi\u00e0 attiva e per le donne in stato di gravidanza (nuova categoria) \u00e8 possibile prenotare a partire da oggi.<br \/> \tLo rende noto il vicegovernatore con delega alla Salute del Friuli Venezia Giulia, <strong>Riccardo Riccardi<\/strong>.<\/p>\n<p> \tI cittadini potranno prenotare la vaccinazione agli sportelli Cup, nelle farmacie, attraverso webapp o call center. Il vaccino potr\u00e0 esser fatto nei centri vaccinali.<\/p>\n<p> \tI vaccini bivalenti anti Sars CoV-2 possono essere somministrati a diverse categorie di cittadini, purch\u00e9 siano trascorsi almeno 120 giorni dalla prima dose di richiamo o dal ciclo primario, o dall&#39;ultima infezione (data del test diagnostico positivo).<\/p>\n<p> \tNel dettaglio, per seconda dose di richiamo (o quarta dose) i vaccini possono essere somministrati a cittadini di et\u00e0 superiore o uguale a 60 anni (nati nel 1962 o prima); a soggetti vulnerabili di et\u00e0 superiore o uguale a 12 anni che abbiano una patologia per cui \u00e8 raccomandato il booster; a operatori sanitari di qualsiasi et\u00e0 (operatore del servizio sanitario, esercente una professione sanitaria, operatore che svolge attivit\u00e0 nelle strutture sanitarie, sociosanitarie e socio-assistenziali, pubbliche e private, nelle farmacie, parafarmacie e negli studi professionali), a operatori che a qualsiasi titolo svolgono attivit\u00e0 in una residenza per anziani; a donne in gravidanza (dovranno esibire un certificato del proprio ginecologo attestante lo stato di gravidanza oppure presentare una dichiarazione).<\/p>\n<p> \tPer quanto riguarda invece la prima dose di richiamo (terza dose), potr\u00e0 essere somministrata a cittadini di et\u00e0 superiore a 12 anni che siano ancora in attesa di ricevere il primo richiamo, indipendentemente dal vaccino utilizzato per il completamento del ciclo primario. I cittadini fragili di et\u00e0 compresa fra 12 e 59 anni (o i loro genitori\/tutori, se minorenni) dovranno compilare il modulo che indica la patologia da cui sono affetti) e portarlo con s\u00e9 al centro vaccinale.<\/p>\n<p> \tPer gli operatori sanitari del Sistema sanitario regionale che desiderano sottoporsi al richiamo, posto che il vaccino sar\u00e0 disponibile anche per loro nei centri vaccinali, sar\u00e0 istituito un percorso agevolato nelle sedi aziendali, con la possibilit\u00e0 della duplice somministrazione (anti Covid-19\/anti-influenzale) quando il vaccino anti-influenzale sar\u00e0 disponibile.<\/p>\n<p> \tIndipendentemente dal vaccino utilizzato per il ciclo primario e il primo richiamo, considerate le indicazioni fornite dalla commissione tecnico-scientifica di Aifa, sar\u00e0 possibile utilizzare come dose &#8220;booster&#8221; uno qualsiasi dei due vaccini bivalenti a m-Rna autorizzati in Italia (Comirnaty di BioNTech\/Pfizer e Spikevax di Moderna).<\/p>\n<p> \t<strong>La vaccinazione \u00e8 solo raccomandata<\/strong>. \u00c8 consigliata ai cittadini di et\u00e0 superiore ai 60 anni, ai soggetti fragili a partire dai 12 anni, al personale sanitario, personale delle Rsa e donne in gravidanza.<\/p>\n<p> \t\u00a0<\/p>\n","protected":false},"excerpt":{"rendered":"<p>Vaccinazione solo raccomandata<\/p>\n","protected":false},"author":28,"featured_media":44566,"comment_status":"closed","ping_status":"closed","sticky":false,"template":"","format":"standard","meta":{"dwc-title":[],"dwc-content":[],"footnotes":""},"categories":[5],"tags":[],"class_list":["post-44565","post","type-post","status-publish","format-standard","has-post-thumbnail","hentry","category-attualita"],"rttpg_featured_image_url":{"full":["https:\/\/imagazine.it\/wp-content\/uploads\/2024\/01\/49600-1.webp",1280,905,false],"landscape":["https:\/\/imagazine.it\/wp-content\/uploads\/2024\/01\/49600-1.webp",1280,905,false],"portraits":["https:\/\/imagazine.it\/wp-content\/uploads\/2024\/01\/49600-1.webp",1280,905,false],"thumbnail":["https:\/\/imagazine.it\/wp-content\/uploads\/2024\/01\/49600-1-150x150.webp",150,150,true],"medium":["https:\/\/imagazine.it\/wp-content\/uploads\/2024\/01\/49600-1-300x212.webp",300,212,true],"large":["https:\/\/imagazine.it\/wp-content\/uploads\/2024\/01\/49600-1-1024x724.webp",640,453,true],"thumblist":["https:\/\/imagazine.it\/wp-content\/uploads\/2024\/01\/49600-1.webp",300,212,false],"thumbrelated":["https:\/\/imagazine.it\/wp-content\/uploads\/2024\/01\/49600-1.webp",500,354,false],"meccarouselthumb":["https:\/\/imagazine.it\/wp-content\/uploads\/2024\/01\/49600-1.webp",458,324,false],"gridsquare":["https:\/\/imagazine.it\/wp-content\/uploads\/2024\/01\/49600-1.webp",368,260,false],"tileview":["https:\/\/imagazine.it\/wp-content\/uploads\/2024\/01\/49600-1.webp",300,212,false],"1536x1536":["https:\/\/imagazine.it\/wp-content\/uploads\/2024\/01\/49600-1.webp",1280,905,false],"2048x2048":["https:\/\/imagazine.it\/wp-content\/uploads\/2024\/01\/49600-1.webp",1280,905,false],"newsup-slider-full":["https:\/\/imagazine.it\/wp-content\/uploads\/2024\/01\/49600-1-1280x720.webp",1280,720,true],"newsup-featured":["https:\/\/imagazine.it\/wp-content\/uploads\/2024\/01\/49600-1-1024x724.webp",1024,724,true],"newsup-medium":["https:\/\/imagazine.it\/wp-content\/uploads\/2024\/01\/49600-1-720x380.webp",720,380,true],"tptn_thumbnail":["https:\/\/imagazine.it\/wp-content\/uploads\/2024\/01\/49600-1.webp",250,177,false],"sow-carousel-default":["https:\/\/imagazine.it\/wp-content\/uploads\/2024\/01\/49600-1-272x182.webp",272,182,true]},"rttpg_author":{"display_name":"redazione","author_link":"https:\/\/imagazine.it\/home_desk\/author\/redazione\/"},"rttpg_comment":0,"rttpg_category":"<a href=\"https:\/\/imagazine.it\/home_desk\/category\/attualita\/\" rel=\"category tag\">ATTUALIT\u00c0<\/a>","rttpg_excerpt":"Vaccinazione solo raccomandata","_links":{"self":[{"href":"https:\/\/imagazine.it\/home_desk\/wp-json\/wp\/v2\/posts\/44565","targetHints":{"allow":["GET"]}}],"collection":[{"href":"https:\/\/imagazine.it\/home_desk\/wp-json\/wp\/v2\/posts"}],"about":[{"href":"https:\/\/imagazine.it\/home_desk\/wp-json\/wp\/v2\/types\/post"}],"author":[{"embeddable":true,"href":"https:\/\/imagazine.it\/home_desk\/wp-json\/wp\/v2\/users\/28"}],"replies":[{"embeddable":true,"href":"https:\/\/imagazine.it\/home_desk\/wp-json\/wp\/v2\/comments?post=44565"}],"version-history":[{"count":0,"href":"https:\/\/imagazine.it\/home_desk\/wp-json\/wp\/v2\/posts\/44565\/revisions"}],"wp:featuredmedia":[{"embeddable":true,"href":"https:\/\/imagazine.it\/home_desk\/wp-json\/wp\/v2\/media\/44566"}],"wp:attachment":[{"href":"https:\/\/imagazine.it\/home_desk\/wp-json\/wp\/v2\/media?parent=44565"}],"wp:term":[{"taxonomy":"category","embeddable":true,"href":"https:\/\/imagazine.it\/home_desk\/wp-json\/wp\/v2\/categories?post=44565"},{"taxonomy":"post_tag","embeddable":true,"href":"https:\/\/imagazine.it\/home_desk\/wp-json\/wp\/v2\/tags?post=44565"}],"curies":[{"name":"wp","href":"https:\/\/api.w.org\/{rel}","templated":true}]}}