{"id":44547,"date":"2022-09-06T00:00:00","date_gmt":"2022-09-05T23:00:00","guid":{"rendered":"https:\/\/imagazine.it\/?p=44547"},"modified":"2022-09-06T00:00:00","modified_gmt":"2022-09-05T23:00:00","slug":"pupi-avati-in-fvg-per-dialoghi","status":"publish","type":"post","link":"https:\/\/imagazine.it\/home_desk\/pupi-avati-in-fvg-per-dialoghi\/","title":{"rendered":"Pupi Avati in FVG per &#8220;dialoghi&#8221;"},"content":{"rendered":"<p> \tSeconda sessione in arrivo per il<strong> Festival itinerante della Conoscenza \u201cdialoghi\u201d<\/strong>, quest\u2019anno incentrato sul tema <strong>tempo, spazio, memoria. Metamorfosi<\/strong>.<\/p>\n<p> \tLa VII edizione, che ha preso il via a giugno e vedr\u00e0 completare il suo sviluppo fra i mesi di settembre e ottobre, alla fine di quest\u2019anno avr\u00e0 toccato\u00a0oltre 40 siti diversi e\u00a017\u00a0Comuni per un totale di\u00a060 eventi, con la partecipazione di oltre <strong>150 ospiti<\/strong> e <strong>32 libri<\/strong> presentati.<\/p>\n<p> \tUn Festival attento alla sostenibilit\u00e0 che coinvolge non solo grandi centri ma anche piccoli Comuni e che si\u00a0caratterizza per la capacita\u0300 di saper abbinare eventi culturali e performance artistico-musicali con contenuti di\u00a0alto spessore e ospiti di livello a siti storici e\u00a0di rara bellezza della regione FVG. In molte occasioni, si fa anche promotore dei prodotti\u00a0eno-gastronomici del territorio che, con orgoglio e in diverse occasioni durante gli eventi, vengono offerti in degustazione al pubblico.<\/p>\n<p> \t\u201cdialoghi\u201d \u00e8 una finestra sul mondo della Conoscenza, della Creativit\u00e0 letteraria e artistica e nasce dalla volont\u00e0 di dare importanza e priorit\u00e0 alla Cultura, come necessit\u00e0 assoluta e diritto universale, perch\u00e9 elemento imprescindibile per la crescita complessiva dell\u2019individuo e della comunit\u00e0 intera. Dialoghi ha una formula innovativa che interroga il tempo, con lo sguardo rivolto a una societ\u00e0 inclusiva e solidale, affinch\u00e9 la cultura possa essere Casa gratuita e liberamente accessibile a tutti.<\/p>\n<p> \tIn questa frase si racchiude il pensiero del direttore artistico, Renzo Furlano, che da 23 anni organizza eventi culturali low cost. Non a caso, gli appuntamenti di Culturaglobale sono da sempre a\u00a0entrata libera e gratuita\u00a0per il pubblico.<\/p>\n<p> \tAnche per quest\u2019anno \u00e8 confermata la presenza di ospiti nazionali e internazionali fra i quali <strong>Umberto Galimberti<\/strong>, <strong>Roberto Mezzalama<\/strong>, <strong>Sara Segantin<\/strong>,<strong> Pupi Avati<\/strong>,<strong> Eliana Di Caro<\/strong> e<strong> Piergiorgio Odifreddi<\/strong>.<\/p>\n<p> \tIl primo fine settimana sar\u00e0 itinerante fra <strong>Campolongo-Tapogliano, Romans d\u2019Isonzo e Corm\u00f2ns<\/strong>, con libri, teatro, musica e una suggestiva colazione accompagnata dall\u2019eleganza delle note musicali del violino.<\/p>\n<p> \tIl secondo weekend, dal 16 al 18 settembre, sar\u00e0 interamente dedicato al <strong>Borgo di Giassico<\/strong> con presentazioni di libri, dialoghi-conferenze sulla storia, letture, concerti, una gita in bicicletta con colazione fra le vigne, eventi realizzati in collaborazione con Am\u00ees Da Mont Quarine e Associazione Judrio e il patrocinio ARLEF Agjenzie Regjon\u00e2l pe Lenghe Furlane.<\/p>\n<p> \tSabato 24 settembre, trasferta a <strong>Corno di Rosazzo<\/strong> per la nuova collaborazione con Circolo Culturale Corno, che sar\u00e0 caratterizzata da un concerto, e poi il gran finale a <strong>Palmanova<\/strong>: dal 30 settembre al 2 ottobre, al Teatro Gustavo Modena.<\/p>\n<p> \tDa segnalare, per gioved\u00ec 30 settembre alle 18.30, l\u2019appuntamento <em>Smart City: Citt\u00e0 e territori sostenibili, intelligenti e inclusivi<\/em> a cura di Legacoop FVG. Fra gli ospiti: <strong>Emiliano Sergio Verga<\/strong> docente, coordinatore Scientifico e collaboratore del Ministero del Turismo, <strong>Massimo Fuccaro<\/strong>, docente universitario e presidente di Civiesco Srl societ\u00e0 per efficientamento energetico; <strong>Pietro Orciuolo<\/strong>, docente universitario e chief digital officer di Corvallis.<\/p>\n<p> \tAttesa per il <strong>Premio alla carriera<\/strong>, in programma sabato 1 ottobre alle 21.00, che verr\u00e0 consegnato allo storico <strong>Alessandro Barbero<\/strong>. Nel corso della serata sono previste l\u2019intervista al premiato a cura di Andrea Zannini (docente Uniud) e varie performance fra cui un omaggio a Pier Paolo Pasolini, con lettura dell\u2019attore Luciano Roman e musica di Sergio Bernetti, e l\u2019esibizione della Compagnia Danza Bellanda.<\/p>\n<p> \tLa chiusura del Festival, domenica 2 ottobre alle 21.00, sar\u00e0 come ogni anno musicale e sar\u00e0 affidata alle <em>Dolenti Note<\/em> dell\u2019istrionica <strong>Banda Osiris<\/strong>.<\/p>\n<p> \tNon mancheranno gli appuntamenti dedicati a bambini e ragazzi: a fine settembre saranno coinvolti i pi\u00f9 piccoli nei comuni di Villesse e Romans d\u2019Isonzo, mentre nel mese di ottobre gli incontri saranno per i ragazzi delle scuole superiori del Polo liceale di Gorizia con gli scrittori: Dacia Maraini, Eliana Di Caro, Pino Roveredo, Angelo Floramo e Raffaella Cargnelutti. Quest\u2019ultima, in un evento estemporaneo, il 7 ottobre alle 18.30 all\u2019Azienda agricola Magn\u00e0s di Corm\u00f2ns, incontrer\u00e0 anche il vasto pubblico e sar\u00e0 intervistata proprio dagli studenti.\u00a0<\/p>\n<p> \tIl Festival \u201cdialoghi\u201d \u00e8 anche solidariet\u00e0 e per il 2022 ha attivato la raccolta fondi a favore del <strong>CRO di Aviano<\/strong>\u00a0&#8211; Istituto nazionale Tumori, struttura di ricovero e cura a carattere scientifico. Il pubblico potr\u00e0 donare il suo contributo per sostenere la ricerca, durante le numerose tappe del Festival.<\/p>\n<p> \tIl programma e le prenotazioni su <strong><u><a href=\"http:\/\/www.dialoghi.it\" target=\"_blank\" rel=\"noopener\"><span style=\"color:#0000cd;\">www.dialoghi.it<\/span><\/a><\/u><\/strong><\/p>\n<p> \t\u00a0<\/p>\n","protected":false},"excerpt":{"rendered":"<p>Presentata la nuova edizione<\/p>\n","protected":false},"author":28,"featured_media":44548,"comment_status":"closed","ping_status":"closed","sticky":false,"template":"","format":"standard","meta":{"dwc-title":[],"dwc-content":[],"footnotes":""},"categories":[37],"tags":[],"class_list":["post-44547","post","type-post","status-publish","format-standard","has-post-thumbnail","hentry","category-cultura-e-spettacolo"],"rttpg_featured_image_url":{"full":["https:\/\/imagazine.it\/wp-content\/uploads\/2024\/01\/49549-1.webp",650,379,false],"landscape":["https:\/\/imagazine.it\/wp-content\/uploads\/2024\/01\/49549-1.webp",650,379,false],"portraits":["https:\/\/imagazine.it\/wp-content\/uploads\/2024\/01\/49549-1.webp",650,379,false],"thumbnail":["https:\/\/imagazine.it\/wp-content\/uploads\/2024\/01\/49549-1-150x150.webp",150,150,true],"medium":["https:\/\/imagazine.it\/wp-content\/uploads\/2024\/01\/49549-1-300x175.webp",300,175,true],"large":["https:\/\/imagazine.it\/wp-content\/uploads\/2024\/01\/49549-1.webp",640,373,false],"thumblist":["https:\/\/imagazine.it\/wp-content\/uploads\/2024\/01\/49549-1.webp",300,175,false],"thumbrelated":["https:\/\/imagazine.it\/wp-content\/uploads\/2024\/01\/49549-1.webp",500,292,false],"meccarouselthumb":["https:\/\/imagazine.it\/wp-content\/uploads\/2024\/01\/49549-1.webp",474,276,false],"gridsquare":["https:\/\/imagazine.it\/wp-content\/uploads\/2024\/01\/49549-1.webp",391,228,false],"tileview":["https:\/\/imagazine.it\/wp-content\/uploads\/2024\/01\/49549-1.webp",300,175,false],"1536x1536":["https:\/\/imagazine.it\/wp-content\/uploads\/2024\/01\/49549-1.webp",650,379,false],"2048x2048":["https:\/\/imagazine.it\/wp-content\/uploads\/2024\/01\/49549-1.webp",650,379,false],"newsup-slider-full":["https:\/\/imagazine.it\/wp-content\/uploads\/2024\/01\/49549-1.webp",650,379,false],"newsup-featured":["https:\/\/imagazine.it\/wp-content\/uploads\/2024\/01\/49549-1.webp",650,379,false],"newsup-medium":["https:\/\/imagazine.it\/wp-content\/uploads\/2024\/01\/49549-1.webp",650,379,false],"tptn_thumbnail":["https:\/\/imagazine.it\/wp-content\/uploads\/2024\/01\/49549-1.webp",250,146,false],"sow-carousel-default":["https:\/\/imagazine.it\/wp-content\/uploads\/2024\/01\/49549-1-272x182.webp",272,182,true]},"rttpg_author":{"display_name":"redazione","author_link":"https:\/\/imagazine.it\/home_desk\/author\/redazione\/"},"rttpg_comment":0,"rttpg_category":"<a href=\"https:\/\/imagazine.it\/home_desk\/category\/cultura-e-spettacolo\/\" rel=\"category tag\">CULTURA&amp;SPETTACOLO<\/a>","rttpg_excerpt":"Presentata la nuova edizione","_links":{"self":[{"href":"https:\/\/imagazine.it\/home_desk\/wp-json\/wp\/v2\/posts\/44547","targetHints":{"allow":["GET"]}}],"collection":[{"href":"https:\/\/imagazine.it\/home_desk\/wp-json\/wp\/v2\/posts"}],"about":[{"href":"https:\/\/imagazine.it\/home_desk\/wp-json\/wp\/v2\/types\/post"}],"author":[{"embeddable":true,"href":"https:\/\/imagazine.it\/home_desk\/wp-json\/wp\/v2\/users\/28"}],"replies":[{"embeddable":true,"href":"https:\/\/imagazine.it\/home_desk\/wp-json\/wp\/v2\/comments?post=44547"}],"version-history":[{"count":0,"href":"https:\/\/imagazine.it\/home_desk\/wp-json\/wp\/v2\/posts\/44547\/revisions"}],"wp:featuredmedia":[{"embeddable":true,"href":"https:\/\/imagazine.it\/home_desk\/wp-json\/wp\/v2\/media\/44548"}],"wp:attachment":[{"href":"https:\/\/imagazine.it\/home_desk\/wp-json\/wp\/v2\/media?parent=44547"}],"wp:term":[{"taxonomy":"category","embeddable":true,"href":"https:\/\/imagazine.it\/home_desk\/wp-json\/wp\/v2\/categories?post=44547"},{"taxonomy":"post_tag","embeddable":true,"href":"https:\/\/imagazine.it\/home_desk\/wp-json\/wp\/v2\/tags?post=44547"}],"curies":[{"name":"wp","href":"https:\/\/api.w.org\/{rel}","templated":true}]}}