{"id":44515,"date":"2022-09-01T00:00:00","date_gmt":"2022-08-31T23:00:00","guid":{"rendered":"https:\/\/imagazine.it\/?p=44515"},"modified":"2022-09-01T00:00:00","modified_gmt":"2022-08-31T23:00:00","slug":"dal-cibo-alla-tradizione-udine-riassapora-friuli-doc","status":"publish","type":"post","link":"https:\/\/imagazine.it\/home_desk\/dal-cibo-alla-tradizione-udine-riassapora-friuli-doc\/","title":{"rendered":"Dal cibo alla tradizione, Udine riassapora Friuli DOC"},"content":{"rendered":"<p> \tPresentata a <strong>Udine<\/strong> la ventottesima edizione di <strong>Friuli DOC<\/strong>.<\/p>\n<p> \tL&#39;inaugurazione, in programma il prossimo <strong>8 settembre<\/strong> alle 17.30, sar\u00e0 l&#39;occasione per dare il via a una quattro giorni durante i quali la citt\u00e0 offrir\u00e0 ai suoi ospiti opportunit\u00e0 di svago, studio, intrattenimento e gratificazione dei sensi (<u><a href=\"http:\/\/www.imagazine.it\/eventi\/41755\" target=\"_blank\" rel=\"noopener\"><span style=\"color:#0000cd;\">clicca qui per il programma completo dell&#39;evento<\/span><\/a><\/u>).<\/p>\n<p> \tL\u2019offerta di Friuli DOC sar\u00e0 distribuita nelle vie e nelle piazze del centro. Piazza Libert\u00e0, via Mercatovecchio, il Castello, via Savorgnana, via Aquileia, piazza Matteotti e tutte le altre tradizionali sedi dell\u2019evento si distribuiranno stand, esibizioni di showcooking, incontri, concerti, aree degustazione, laboratori, mostre ed esposizioni.<\/p>\n<p> \tCome per tradizione tutti i musei della citt\u00e0 rimarranno aperti. Tra i protagonisti non mancheranno le eccellenze friulane come il prosciutto di San Daniele e il Montasio, le specialit\u00e0 della montagna, della collina e del mare, i produttori di Io Sono Friuli Venezia Giulia, piante, funghi, spezie, frutta e verdura del territorio, gli stand artigiani e gli stand gastronomici di Trieste e della Stiria.<\/p>\n<p> \tQuest\u2019anno, alla tradizione delle osterie udinesi, ciascuna caratterizzata da una proposta di abbinamento cibo-vino, si affiancano i ristoranti di Udine Cooking con dieci indirizzi di livello e altrettanti menu del territorio che completano la proposta di ospitalit\u00e0 di Friuli DOC.<\/p>\n<p> \tPer la pubblicit\u00e0 \u00e8 stato utilizzato ancora il tappo di sughero con il nome Friuli DOC e l\u2019angelo. La decisione di utilizzare nuovamente l\u2019immagine 2021 costituisce un cambio di approccio finalizzato a massimizzare i risultati promozionali. Obiettivo di questa scelta, che applica una delle regole base della comunicazione, \u00e8 infatti consolidare la riconoscibilit\u00e0 del brand e costruire progressivamente un patrimonio di notoriet\u00e0 sempre pi\u00f9 forte.<\/p>\n<p> \tSe l&#39;immagine si conferma, completamente nuovo \u00e8 invece il <u><a href=\"https:\/\/www.friuli-doc.it\/\" target=\"_blank\" rel=\"noopener\"><span style=\"color:#0000cd;\">sito internet di Friuli DOC<\/span><\/a><\/u>. Una guida digitale della manifestazione disponibile anche in inglese e tedesco.<\/p>\n<p> \tNelle vie della citt\u00e0 14 prismi informativi alti due metri aiuteranno i visitatori a orientarsi.<\/p>\n<p> \t\u201cSar\u00e0 un&#39;edizione nel segno della continuit\u00e0. Friuli Doc permette di far conoscere i prodotti tipici del nostro Friuli. Ogni anno in questi quattro giorni di festa si incontrano tante Pro Loco del Friuli che organizzano momenti di grande convivialit\u00e0 a Udine, capitale di questo storico e importante territorio. Auguriamo a tutti coloro che frequenteranno la manifestazione di poter godere in libert\u00e0 di questi ampi spazi della nostra citt\u00e0 senza le restrizioni dovute al Covid-19\u201d, ha affermato il sindaco di Udine, <strong>Pietro Fontanini<\/strong>.<\/p>\n<p> \t\u201cIl nostro impegno sul fronte organizzativo \u00e8 stato supportato con grande passione dalle associazioni di categoria e da iniziative di operatori privati che hanno permesso di arricchire ulteriormente il menu enogastronomico e culturale di Friuli DOC 2022. A tutti quanto hanno collaborato e alla struttura Organizzativa dell&#39;Assessorato va il mio pi\u00f9 sentito ringraziamento&#8221;, ha dichiarato l\u2019assessore alle attivit\u00e0 produttive, turismo e grandi eventi del Comune di Udine, <strong>Maurizio Franz<\/strong>.<\/p>\n<p> \t\u201cFriuli Doc \u00e8 da sempre una vetrina importante per le eccellenze enogastronomiche \u2013 ha sottolineato l\u2019assessore regionale alle attivit\u00e0 produttive e al turismo, <strong>Sergio Emidio Bini<\/strong> \u2013 un patrimonio fatto non solo di buon cibo, ma anche di cultura, tradizioni e di quel saper fare tipico del nostro territorio. Una ricetta vincente che in quattro giorni sapr\u00e0 attrarre a Udine migliaia di turisti, grazie a un ricco palinsesto di eventi e al coinvolgimento delle attivit\u00e0 commerciali e artigianali e di tutto il tessuto produttivo cittadino\u201d.<\/p>\n<p> \t\u00a0<\/p>\n","protected":false},"excerpt":{"rendered":"<p>Ufficializzato il programma<\/p>\n","protected":false},"author":28,"featured_media":44516,"comment_status":"closed","ping_status":"closed","sticky":false,"template":"","format":"standard","meta":{"dwc-title":[],"dwc-content":[],"footnotes":""},"categories":[8],"tags":[],"class_list":["post-44515","post","type-post","status-publish","format-standard","has-post-thumbnail","hentry","category-turismo"],"rttpg_featured_image_url":{"full":["https:\/\/imagazine.it\/wp-content\/uploads\/2024\/01\/49493-1.webp",1000,619,false],"landscape":["https:\/\/imagazine.it\/wp-content\/uploads\/2024\/01\/49493-1.webp",1000,619,false],"portraits":["https:\/\/imagazine.it\/wp-content\/uploads\/2024\/01\/49493-1.webp",1000,619,false],"thumbnail":["https:\/\/imagazine.it\/wp-content\/uploads\/2024\/01\/49493-1-150x150.webp",150,150,true],"medium":["https:\/\/imagazine.it\/wp-content\/uploads\/2024\/01\/49493-1-300x186.webp",300,186,true],"large":["https:\/\/imagazine.it\/wp-content\/uploads\/2024\/01\/49493-1.webp",640,396,false],"thumblist":["https:\/\/imagazine.it\/wp-content\/uploads\/2024\/01\/49493-1.webp",300,186,false],"thumbrelated":["https:\/\/imagazine.it\/wp-content\/uploads\/2024\/01\/49493-1.webp",500,310,false],"meccarouselthumb":["https:\/\/imagazine.it\/wp-content\/uploads\/2024\/01\/49493-1.webp",474,293,false],"gridsquare":["https:\/\/imagazine.it\/wp-content\/uploads\/2024\/01\/49493-1.webp",391,242,false],"tileview":["https:\/\/imagazine.it\/wp-content\/uploads\/2024\/01\/49493-1.webp",300,186,false],"1536x1536":["https:\/\/imagazine.it\/wp-content\/uploads\/2024\/01\/49493-1.webp",1000,619,false],"2048x2048":["https:\/\/imagazine.it\/wp-content\/uploads\/2024\/01\/49493-1.webp",1000,619,false],"newsup-slider-full":["https:\/\/imagazine.it\/wp-content\/uploads\/2024\/01\/49493-1.webp",1000,619,false],"newsup-featured":["https:\/\/imagazine.it\/wp-content\/uploads\/2024\/01\/49493-1.webp",1000,619,false],"newsup-medium":["https:\/\/imagazine.it\/wp-content\/uploads\/2024\/01\/49493-1-720x380.webp",720,380,true],"tptn_thumbnail":["https:\/\/imagazine.it\/wp-content\/uploads\/2024\/01\/49493-1.webp",250,155,false],"sow-carousel-default":["https:\/\/imagazine.it\/wp-content\/uploads\/2024\/01\/49493-1-272x182.webp",272,182,true]},"rttpg_author":{"display_name":"redazione","author_link":"https:\/\/imagazine.it\/home_desk\/author\/redazione\/"},"rttpg_comment":0,"rttpg_category":"<a href=\"https:\/\/imagazine.it\/home_desk\/category\/turismo\/\" rel=\"category tag\">TURISMO<\/a>","rttpg_excerpt":"Ufficializzato il programma","_links":{"self":[{"href":"https:\/\/imagazine.it\/home_desk\/wp-json\/wp\/v2\/posts\/44515","targetHints":{"allow":["GET"]}}],"collection":[{"href":"https:\/\/imagazine.it\/home_desk\/wp-json\/wp\/v2\/posts"}],"about":[{"href":"https:\/\/imagazine.it\/home_desk\/wp-json\/wp\/v2\/types\/post"}],"author":[{"embeddable":true,"href":"https:\/\/imagazine.it\/home_desk\/wp-json\/wp\/v2\/users\/28"}],"replies":[{"embeddable":true,"href":"https:\/\/imagazine.it\/home_desk\/wp-json\/wp\/v2\/comments?post=44515"}],"version-history":[{"count":0,"href":"https:\/\/imagazine.it\/home_desk\/wp-json\/wp\/v2\/posts\/44515\/revisions"}],"wp:featuredmedia":[{"embeddable":true,"href":"https:\/\/imagazine.it\/home_desk\/wp-json\/wp\/v2\/media\/44516"}],"wp:attachment":[{"href":"https:\/\/imagazine.it\/home_desk\/wp-json\/wp\/v2\/media?parent=44515"}],"wp:term":[{"taxonomy":"category","embeddable":true,"href":"https:\/\/imagazine.it\/home_desk\/wp-json\/wp\/v2\/categories?post=44515"},{"taxonomy":"post_tag","embeddable":true,"href":"https:\/\/imagazine.it\/home_desk\/wp-json\/wp\/v2\/tags?post=44515"}],"curies":[{"name":"wp","href":"https:\/\/api.w.org\/{rel}","templated":true}]}}