{"id":44481,"date":"2022-08-30T00:00:00","date_gmt":"2022-08-29T23:00:00","guid":{"rendered":"https:\/\/imagazine.it\/?p=44481"},"modified":"2022-08-30T00:00:00","modified_gmt":"2022-08-29T23:00:00","slug":"si-formano-a-cervignano-gli-esperti-dei-funghi","status":"publish","type":"post","link":"https:\/\/imagazine.it\/home_desk\/si-formano-a-cervignano-gli-esperti-dei-funghi\/","title":{"rendered":"Si formano a Cervignano gli esperti dei funghi"},"content":{"rendered":"<p> \tLa micologia \u00e8 una branca delle scienze naturali che studia il mondo dei funghi. Per svolgere la professione di micologi bisogna seguire un apposito corso di formazione e superare un esame finale.<\/p>\n<p> \tAl fine di ottenere il patentino che poi permetter\u00e0 al futuro micologo di poter acquisire il permesso per poter cogliere i funghi in sicurezza, l\u2019A.M.B.F. (<strong>Associazione Micologica Bassa Friulana<\/strong>) ha organizzato un Corso Micologico propedeutico di Base per &#8220;Patentino Regionale&#8221;.<\/p>\n<p> \tSi inizier\u00e0 il <strong>13 settembre<\/strong> e terminer\u00e0 al <strong>4 ottobre<\/strong>. Il corso, che avr\u00e0 durata di 16 ore, si terr\u00e0 presso la <strong>Sala Civica Bocciofila di Muscoli di Cervignano del Friuli<\/strong> ogni marted\u00ec e gioved\u00ec dalle 19.30 alle 21.30 e sar\u00e0 tenuto da una persona molto esperta in questo campo: <strong>Giuliano Ferisin<\/strong>, presidente dell\u2019AMBF, inoltre saranno effettuate anche 4 ore di approfondimento e una o due uscite sul territorio.<\/p>\n<p> \tPer informazioni e iscrizioni telefonare, mandare un messaggio Whatsapp allo 3381239847 o allo 3427870336, oppure scrivere una mail a <a href=\"mailto:micologiabf@gmail.com\">micologiabf@gmail.com<\/a>. Negli scorsi anni tutti i partecipanti al corso sono stati promossi dalla commissione dell\u2019A.S.L., ci\u00f2 dimostra il grado elevato di preparazione che si ottiene dalla frequenza alle lezioni.<\/p>\n<p> \t\u00a0<\/p>\n","protected":false},"excerpt":{"rendered":"<p>Dal 13 settembre al 4 ottobre<\/p>\n","protected":false},"author":22,"featured_media":44482,"comment_status":"closed","ping_status":"closed","sticky":false,"template":"","format":"standard","meta":{"dwc-title":[],"dwc-content":[],"footnotes":""},"categories":[5],"tags":[],"class_list":["post-44481","post","type-post","status-publish","format-standard","has-post-thumbnail","hentry","category-attualita"],"rttpg_featured_image_url":{"full":["https:\/\/imagazine.it\/wp-content\/uploads\/2024\/01\/49408-1.webp",1000,666,false],"landscape":["https:\/\/imagazine.it\/wp-content\/uploads\/2024\/01\/49408-1.webp",1000,666,false],"portraits":["https:\/\/imagazine.it\/wp-content\/uploads\/2024\/01\/49408-1.webp",1000,666,false],"thumbnail":["https:\/\/imagazine.it\/wp-content\/uploads\/2024\/01\/49408-1-150x150.webp",150,150,true],"medium":["https:\/\/imagazine.it\/wp-content\/uploads\/2024\/01\/49408-1-300x200.webp",300,200,true],"large":["https:\/\/imagazine.it\/wp-content\/uploads\/2024\/01\/49408-1.webp",640,426,false],"thumblist":["https:\/\/imagazine.it\/wp-content\/uploads\/2024\/01\/49408-1.webp",300,200,false],"thumbrelated":["https:\/\/imagazine.it\/wp-content\/uploads\/2024\/01\/49408-1.webp",500,333,false],"meccarouselthumb":["https:\/\/imagazine.it\/wp-content\/uploads\/2024\/01\/49408-1.webp",474,316,false],"gridsquare":["https:\/\/imagazine.it\/wp-content\/uploads\/2024\/01\/49408-1.webp",391,260,false],"tileview":["https:\/\/imagazine.it\/wp-content\/uploads\/2024\/01\/49408-1.webp",300,200,false],"1536x1536":["https:\/\/imagazine.it\/wp-content\/uploads\/2024\/01\/49408-1.webp",1000,666,false],"2048x2048":["https:\/\/imagazine.it\/wp-content\/uploads\/2024\/01\/49408-1.webp",1000,666,false],"newsup-slider-full":["https:\/\/imagazine.it\/wp-content\/uploads\/2024\/01\/49408-1.webp",1000,666,false],"newsup-featured":["https:\/\/imagazine.it\/wp-content\/uploads\/2024\/01\/49408-1.webp",1000,666,false],"newsup-medium":["https:\/\/imagazine.it\/wp-content\/uploads\/2024\/01\/49408-1-720x380.webp",720,380,true],"tptn_thumbnail":["https:\/\/imagazine.it\/wp-content\/uploads\/2024\/01\/49408-1.webp",250,167,false],"sow-carousel-default":["https:\/\/imagazine.it\/wp-content\/uploads\/2024\/01\/49408-1-272x182.webp",272,182,true]},"rttpg_author":{"display_name":"Livio Nonis","author_link":"https:\/\/imagazine.it\/home_desk\/author\/nonis\/"},"rttpg_comment":0,"rttpg_category":"<a href=\"https:\/\/imagazine.it\/home_desk\/category\/attualita\/\" rel=\"category tag\">ATTUALIT\u00c0<\/a>","rttpg_excerpt":"Dal 13 settembre al 4 ottobre","_links":{"self":[{"href":"https:\/\/imagazine.it\/home_desk\/wp-json\/wp\/v2\/posts\/44481","targetHints":{"allow":["GET"]}}],"collection":[{"href":"https:\/\/imagazine.it\/home_desk\/wp-json\/wp\/v2\/posts"}],"about":[{"href":"https:\/\/imagazine.it\/home_desk\/wp-json\/wp\/v2\/types\/post"}],"author":[{"embeddable":true,"href":"https:\/\/imagazine.it\/home_desk\/wp-json\/wp\/v2\/users\/22"}],"replies":[{"embeddable":true,"href":"https:\/\/imagazine.it\/home_desk\/wp-json\/wp\/v2\/comments?post=44481"}],"version-history":[{"count":0,"href":"https:\/\/imagazine.it\/home_desk\/wp-json\/wp\/v2\/posts\/44481\/revisions"}],"wp:featuredmedia":[{"embeddable":true,"href":"https:\/\/imagazine.it\/home_desk\/wp-json\/wp\/v2\/media\/44482"}],"wp:attachment":[{"href":"https:\/\/imagazine.it\/home_desk\/wp-json\/wp\/v2\/media?parent=44481"}],"wp:term":[{"taxonomy":"category","embeddable":true,"href":"https:\/\/imagazine.it\/home_desk\/wp-json\/wp\/v2\/categories?post=44481"},{"taxonomy":"post_tag","embeddable":true,"href":"https:\/\/imagazine.it\/home_desk\/wp-json\/wp\/v2\/tags?post=44481"}],"curies":[{"name":"wp","href":"https:\/\/api.w.org\/{rel}","templated":true}]}}