{"id":44469,"date":"2022-08-27T00:00:00","date_gmt":"2022-08-26T23:00:00","guid":{"rendered":"https:\/\/imagazine.it\/?p=44469"},"modified":"2022-08-27T00:00:00","modified_gmt":"2022-08-26T23:00:00","slug":"cividale-nuova-area-di-sosta-per-i-camper","status":"publish","type":"post","link":"https:\/\/imagazine.it\/home_desk\/cividale-nuova-area-di-sosta-per-i-camper\/","title":{"rendered":"Cividale, nuova area di sosta per i camper"},"content":{"rendered":"<p> \tInaugurata la nuova area attrezzata per la sosta camper di <strong>Cividale del Friuli<\/strong>, in via Istituto Agrario 3.<\/p>\n<p> \t\u201cL\u2019opera che <strong>riqualifica definitivamente un\u2019ex discarica<\/strong>, \u00e8 situata in un <strong>punto strategico<\/strong> della viabilit\u00e0 cittadina: l\u2019area camper si trova vicino alla piscina comunale, al palazzetto dello sport, alla stazione dei treni e dei bus e adiacente al centro storico\u201d, hanno dichiarato il vicesindaco <strong>Roberto Novelli<\/strong>, l\u2019assessore al Turismo <strong>Giuseppe Ruolo<\/strong> e il consigliere regionale e comunale <strong>Elia Miani <\/strong>durante l\u2019inaugurazione.<\/p>\n<p> \t\u201cL\u2019area di sosta per camper \u2013 hanno affermato \u2013 guarda a <strong>nuove tipologie di turismo<\/strong> che possano promuovere la Citt\u00e0 di Cividale ed i territori limitrofi dandone risalto e valorizzando percorsi turistici diversi da quelli ordinari. Si vuole creare una <strong>sinergia<\/strong> con le Associazioni di camperisti regionali ma anche transfrontaliere per attuare una rete di sviluppo condivisa che ascolti le esigenze di questo particolare target di turisti sempre di pi\u00f9 in aumento\u201d.<\/p>\n<p> \tGi\u00e0 in atto, invece, la collaborazione con la societ\u00e0 <strong>Unione Nuoto Friuli<\/strong>, gestore della vicina piscina, la quale offrir\u00e0 ai fruitori dell\u2019area una scontistica sugli ingressi in piscina.<\/p>\n<p> \t&#8220;Ringraziamo il Comune di Cividale per la fiducia accordata \u2013 commenta <strong>Maurizio Vidus<\/strong>, Presidente UNF \u2013. Lo sport, cos\u00ec come la cultura, \u00e8 un importante volano per il turismo della nostra Regione ed \u00e8 fondamentale alimentare continue sinergie tra i due settori. Anche per questo, abbiamo pensato a una convenzione dedicata agli utilizzatori dell&#39;area camper, che potranno accedere durante tutto l&#39;anno a speciali scontistiche per gli ingressi in piscina\u201d.<\/p>\n<p> \tAlla cerimonia erano presenti, tra gli altri, <strong>Milan Devetak<\/strong>, del Camper club sloveno, <strong>Paola Scarel<\/strong> del Camper club Staranzano, <strong>Roberto Mongiat<\/strong>, consigliere della Confederazione campeggiatori, e <strong>Gianantonio Palezza<\/strong>, presidente regionale della Federazione campeggiatori e presidente Ccu.<\/p>\n<p> \tL\u2019area occupa una superficie di <strong>4200 mq <\/strong>e ospiter\u00e0 <strong>16 camper <\/strong>che potranno parcheggiare all&#39;interno degli stalli di sosta. Dispone di carico e scarico, impianto di distribuzione di energia elettrica e approvvigionamento idrico, connessione internet, bagni per disabili, servizi igienici con docce calde e lavabi per piatti. L&#39;area \u00e8 recintata su tutto il perimetro, \u00e8 fornita di illuminazione pubblica e dispone di un servizio di video sorveglianza attivo 24 ore su 24.<\/p>\n<p> \t<strong>L&#39;accesso avviene tramite il proprio smartphone<\/strong>, utilizzando una app dedicata <em>(InArea)<\/em> che permette a tutti i camperisti, al costo di 12 euro giornalieri, di sostare e utilizzare i servizi messi a disposizione. Via libera anche agli animali domestici, poich\u00e9 l&#39;area \u00e8 <em>pet friendly<\/em>. Accessibile tutto l\u2019anno, l&#39;area sar\u00e0 aperta <strong>7 giorni su 7, 24\/24h<\/strong>.<\/p>\n<p> \t<strong>Per maggiori info<\/strong>: <a href=\"mailto:areacamper@unionenuotofriuli.it\" target=\"_blank\" rel=\"noopener\">areacamper@unionenuotofriuli.it<\/a> \u2013 pagina Facebook <u><a href=\"https:\/\/www.facebook.com\/AreaCamperCividale\" target=\"_blank\" rel=\"noopener\"><span style=\"color:#0000cd;\">Area Sosta Camper &#8211; Cividale<\/span><\/a><\/u><\/p>\n<p> \t\u00a0<\/p>\n","protected":false},"excerpt":{"rendered":"<p>Inaugurata in via Istituto Agrario<\/p>\n","protected":false},"author":28,"featured_media":44470,"comment_status":"closed","ping_status":"closed","sticky":false,"template":"","format":"standard","meta":{"dwc-title":[],"dwc-content":[],"footnotes":""},"categories":[5],"tags":[],"class_list":["post-44469","post","type-post","status-publish","format-standard","has-post-thumbnail","hentry","category-attualita"],"rttpg_featured_image_url":{"full":["https:\/\/imagazine.it\/wp-content\/uploads\/2024\/01\/49362-1.webp",2048,943,false],"landscape":["https:\/\/imagazine.it\/wp-content\/uploads\/2024\/01\/49362-1.webp",2048,943,false],"portraits":["https:\/\/imagazine.it\/wp-content\/uploads\/2024\/01\/49362-1.webp",2048,943,false],"thumbnail":["https:\/\/imagazine.it\/wp-content\/uploads\/2024\/01\/49362-1-150x150.webp",150,150,true],"medium":["https:\/\/imagazine.it\/wp-content\/uploads\/2024\/01\/49362-1-300x138.webp",300,138,true],"large":["https:\/\/imagazine.it\/wp-content\/uploads\/2024\/01\/49362-1-1024x472.webp",640,295,true],"thumblist":["https:\/\/imagazine.it\/wp-content\/uploads\/2024\/01\/49362-1.webp",300,138,false],"thumbrelated":["https:\/\/imagazine.it\/wp-content\/uploads\/2024\/01\/49362-1.webp",500,230,false],"meccarouselthumb":["https:\/\/imagazine.it\/wp-content\/uploads\/2024\/01\/49362-1.webp",474,218,false],"gridsquare":["https:\/\/imagazine.it\/wp-content\/uploads\/2024\/01\/49362-1.webp",391,180,false],"tileview":["https:\/\/imagazine.it\/wp-content\/uploads\/2024\/01\/49362-1.webp",300,138,false],"1536x1536":["https:\/\/imagazine.it\/wp-content\/uploads\/2024\/01\/49362-1-1536x707.webp",1536,707,true],"2048x2048":["https:\/\/imagazine.it\/wp-content\/uploads\/2024\/01\/49362-1.webp",2048,943,false],"newsup-slider-full":["https:\/\/imagazine.it\/wp-content\/uploads\/2024\/01\/49362-1-1280x720.webp",1280,720,true],"newsup-featured":["https:\/\/imagazine.it\/wp-content\/uploads\/2024\/01\/49362-1-1024x472.webp",1024,472,true],"newsup-medium":["https:\/\/imagazine.it\/wp-content\/uploads\/2024\/01\/49362-1-720x380.webp",720,380,true],"tptn_thumbnail":["https:\/\/imagazine.it\/wp-content\/uploads\/2024\/01\/49362-1.webp",250,115,false],"sow-carousel-default":["https:\/\/imagazine.it\/wp-content\/uploads\/2024\/01\/49362-1-272x182.webp",272,182,true]},"rttpg_author":{"display_name":"redazione","author_link":"https:\/\/imagazine.it\/home_desk\/author\/redazione\/"},"rttpg_comment":0,"rttpg_category":"<a href=\"https:\/\/imagazine.it\/home_desk\/category\/attualita\/\" rel=\"category tag\">ATTUALIT\u00c0<\/a>","rttpg_excerpt":"Inaugurata in via Istituto Agrario","_links":{"self":[{"href":"https:\/\/imagazine.it\/home_desk\/wp-json\/wp\/v2\/posts\/44469","targetHints":{"allow":["GET"]}}],"collection":[{"href":"https:\/\/imagazine.it\/home_desk\/wp-json\/wp\/v2\/posts"}],"about":[{"href":"https:\/\/imagazine.it\/home_desk\/wp-json\/wp\/v2\/types\/post"}],"author":[{"embeddable":true,"href":"https:\/\/imagazine.it\/home_desk\/wp-json\/wp\/v2\/users\/28"}],"replies":[{"embeddable":true,"href":"https:\/\/imagazine.it\/home_desk\/wp-json\/wp\/v2\/comments?post=44469"}],"version-history":[{"count":0,"href":"https:\/\/imagazine.it\/home_desk\/wp-json\/wp\/v2\/posts\/44469\/revisions"}],"wp:featuredmedia":[{"embeddable":true,"href":"https:\/\/imagazine.it\/home_desk\/wp-json\/wp\/v2\/media\/44470"}],"wp:attachment":[{"href":"https:\/\/imagazine.it\/home_desk\/wp-json\/wp\/v2\/media?parent=44469"}],"wp:term":[{"taxonomy":"category","embeddable":true,"href":"https:\/\/imagazine.it\/home_desk\/wp-json\/wp\/v2\/categories?post=44469"},{"taxonomy":"post_tag","embeddable":true,"href":"https:\/\/imagazine.it\/home_desk\/wp-json\/wp\/v2\/tags?post=44469"}],"curies":[{"name":"wp","href":"https:\/\/api.w.org\/{rel}","templated":true}]}}