{"id":44465,"date":"2022-08-29T00:00:00","date_gmt":"2022-08-28T23:00:00","guid":{"rendered":"https:\/\/imagazine.it\/?p=44465"},"modified":"2022-08-29T00:00:00","modified_gmt":"2022-08-28T23:00:00","slug":"aquileia-in-arrivo-un-nuovo-medico-di-base","status":"publish","type":"post","link":"https:\/\/imagazine.it\/home_desk\/aquileia-in-arrivo-un-nuovo-medico-di-base\/","title":{"rendered":"Aquileia, in arrivo un nuovo medico di base"},"content":{"rendered":"<p> \tSar\u00e0 la dottoressa <strong>Laura Picchini<\/strong> il nuovo medico di medicina generale del Comune di Aquileia.<\/p>\n<p> \tA ufficializzarlo \u00e8 il sindaco <strong>Emanuele Zorino<\/strong>: \u201cLa dottoressa Picchini prender\u00e0 servizio da settembre. Colgo l\u2019occasione anche per ringraziare il Dottor Marco Scarbolo direttore presso il Distretto Sanitario di Palmanova dell\u2019ASUFC (Azienda Sanitaria Universitaria Friuli Centrale) per la condivisione e la collaborazione con cui si \u00e8 raggiunto questo importante obiettivo che guarda in primis al benessere delle cittadine e dei cittadini\u201d.<\/p>\n<p> \tLa dottoressa Picchini \u00e8 marchigiana di nascita, laureata prima in biotecnologie e poi in medicina presso l&#39;Universit\u00e0 di Ancona. Durante il percorso di laurea ha frequento la medicina legale come biologa genetista per poi appassionarsi alla medicina del territorio, strada che ha perseguito trasferendosi in Friuli nel 2021.<\/p>\n<p> \tQuello ad Aquileia sar\u00e0 il secondo incarico come MMG in regione dopo l&#39;esperienza nella comunit\u00e0 montana.<\/p>\n<p> \tI recapiti della dottoressa \u2013 che andr\u00e0 a coprire il posto lasciato dal dottor Remo Casarolli il 31 gennaio 2019 \u2013 a cui rivolgersi per le necessit\u00e0 sono i seguenti: telefono 379 2029327 contattabile il luned\u00ec, mercoled\u00ec e venerd\u00ec dalle 9 alle 10, il marted\u00ec e il gioved\u00ec dalle 14 alle 15; e-mail picchiniaquileia@gmail.com.<\/p>\n<p> \tGli orari dell&#39;ambulatorio, in attesa di sapere la data esatta dell\u2019entrata in servizio ad Aquileia, saranno i seguenti: luned\u00ec, mercoled\u00ec e venerd\u00ec dalle 10 alle 13, marted\u00ec e gioved\u00ec dalle 15 alle 18.<\/p>\n<p> \t\u00a0<\/p>\n","protected":false},"excerpt":{"rendered":"<p>A partire da settembre<\/p>\n","protected":false},"author":28,"featured_media":44466,"comment_status":"closed","ping_status":"closed","sticky":false,"template":"","format":"standard","meta":{"dwc-title":[],"dwc-content":[],"footnotes":""},"categories":[5],"tags":[],"class_list":["post-44465","post","type-post","status-publish","format-standard","has-post-thumbnail","hentry","category-attualita"],"rttpg_featured_image_url":{"full":["https:\/\/imagazine.it\/wp-content\/uploads\/2024\/01\/49353-1.webp",750,685,false],"landscape":["https:\/\/imagazine.it\/wp-content\/uploads\/2024\/01\/49353-1.webp",750,685,false],"portraits":["https:\/\/imagazine.it\/wp-content\/uploads\/2024\/01\/49353-1.webp",750,685,false],"thumbnail":["https:\/\/imagazine.it\/wp-content\/uploads\/2024\/01\/49353-1-150x150.webp",150,150,true],"medium":["https:\/\/imagazine.it\/wp-content\/uploads\/2024\/01\/49353-1-300x274.webp",300,274,true],"large":["https:\/\/imagazine.it\/wp-content\/uploads\/2024\/01\/49353-1.webp",640,585,false],"thumblist":["https:\/\/imagazine.it\/wp-content\/uploads\/2024\/01\/49353-1.webp",300,274,false],"thumbrelated":["https:\/\/imagazine.it\/wp-content\/uploads\/2024\/01\/49353-1.webp",500,457,false],"meccarouselthumb":["https:\/\/imagazine.it\/wp-content\/uploads\/2024\/01\/49353-1.webp",355,324,false],"gridsquare":["https:\/\/imagazine.it\/wp-content\/uploads\/2024\/01\/49353-1.webp",285,260,false],"tileview":["https:\/\/imagazine.it\/wp-content\/uploads\/2024\/01\/49353-1.webp",300,274,false],"1536x1536":["https:\/\/imagazine.it\/wp-content\/uploads\/2024\/01\/49353-1.webp",750,685,false],"2048x2048":["https:\/\/imagazine.it\/wp-content\/uploads\/2024\/01\/49353-1.webp",750,685,false],"newsup-slider-full":["https:\/\/imagazine.it\/wp-content\/uploads\/2024\/01\/49353-1.webp",750,685,false],"newsup-featured":["https:\/\/imagazine.it\/wp-content\/uploads\/2024\/01\/49353-1.webp",750,685,false],"newsup-medium":["https:\/\/imagazine.it\/wp-content\/uploads\/2024\/01\/49353-1-720x380.webp",720,380,true],"tptn_thumbnail":["https:\/\/imagazine.it\/wp-content\/uploads\/2024\/01\/49353-1.webp",230,210,false],"sow-carousel-default":["https:\/\/imagazine.it\/wp-content\/uploads\/2024\/01\/49353-1-272x182.webp",272,182,true]},"rttpg_author":{"display_name":"redazione","author_link":"https:\/\/imagazine.it\/home_desk\/author\/redazione\/"},"rttpg_comment":0,"rttpg_category":"<a href=\"https:\/\/imagazine.it\/home_desk\/category\/attualita\/\" rel=\"category tag\">ATTUALIT\u00c0<\/a>","rttpg_excerpt":"A partire da settembre","_links":{"self":[{"href":"https:\/\/imagazine.it\/home_desk\/wp-json\/wp\/v2\/posts\/44465","targetHints":{"allow":["GET"]}}],"collection":[{"href":"https:\/\/imagazine.it\/home_desk\/wp-json\/wp\/v2\/posts"}],"about":[{"href":"https:\/\/imagazine.it\/home_desk\/wp-json\/wp\/v2\/types\/post"}],"author":[{"embeddable":true,"href":"https:\/\/imagazine.it\/home_desk\/wp-json\/wp\/v2\/users\/28"}],"replies":[{"embeddable":true,"href":"https:\/\/imagazine.it\/home_desk\/wp-json\/wp\/v2\/comments?post=44465"}],"version-history":[{"count":0,"href":"https:\/\/imagazine.it\/home_desk\/wp-json\/wp\/v2\/posts\/44465\/revisions"}],"wp:featuredmedia":[{"embeddable":true,"href":"https:\/\/imagazine.it\/home_desk\/wp-json\/wp\/v2\/media\/44466"}],"wp:attachment":[{"href":"https:\/\/imagazine.it\/home_desk\/wp-json\/wp\/v2\/media?parent=44465"}],"wp:term":[{"taxonomy":"category","embeddable":true,"href":"https:\/\/imagazine.it\/home_desk\/wp-json\/wp\/v2\/categories?post=44465"},{"taxonomy":"post_tag","embeddable":true,"href":"https:\/\/imagazine.it\/home_desk\/wp-json\/wp\/v2\/tags?post=44465"}],"curies":[{"name":"wp","href":"https:\/\/api.w.org\/{rel}","templated":true}]}}