{"id":44433,"date":"2022-08-23T00:00:00","date_gmt":"2022-08-22T23:00:00","guid":{"rendered":"https:\/\/imagazine.it\/?p=44433"},"modified":"2022-08-23T00:00:00","modified_gmt":"2022-08-22T23:00:00","slug":"cividale-inaugura-il-monumeto-ad-adelaide-ristori","status":"publish","type":"post","link":"https:\/\/imagazine.it\/home_desk\/cividale-inaugura-il-monumeto-ad-adelaide-ristori\/","title":{"rendered":"Cividale inaugura il monumeto ad Adelaide Ristori"},"content":{"rendered":"<p> \t108 anni dopo, nel 2022 anzich\u00e9 nel 1914, verr\u00e0 inaugurato a <strong>Cividale del Friuli<\/strong> il <strong>monumento dedicato ad Adelaide Ristori<\/strong>.<\/p>\n<p> \tMarted\u00ec 30 agosto alle ore 18 si terr\u00e0 infatti l\u2019inaugurazione ufficiale del monumento dedicato all\u2019attrice tragica Adelaide Ristori nata a Cividale del Friuli nel 1822.<\/p>\n<p> \tIl monumento, costruito nel 1912 in <strong>Foro Giulio Cesare<\/strong>, e realizzato da Antonio Maraini (che aveva vinto un concorso appositamente bandito dal Comune), avrebbe dovuto essere inaugurato il 30 agosto del 1914, ma a causa dello scoppio del primo conflitto mondiale non venne mai celebrato in maniera ufficiale.<\/p>\n<p> \tLa cerimonia sar\u00e0 preceduta da due relazioni storico artistiche nell\u2019aula magna dell\u2019adiacente Liceo Paolo Diacono. Il primo intervento, <em>\u201cRistori e Cividale \u201cla citt\u00e0 che le fu culla\u201d\u201d, <\/em>sar\u00e0 tenuto dal professore <strong>Claudio Mattaloni<\/strong>, il quale approfondir\u00e0 l\u2019aspetto che lega la Ristori, e il suo monumento, alla Citt\u00e0 di Cividale. Diverse furono infatti le vicissitudini che spinsero a scegliere la collocazione dell\u2019opera in Foro Giulio Cesare e che ne impedirono l\u2019inaugurazione anche successivamente al 1914.<\/p>\n<p> \tIl secondo intervento, \u201c<em>Il monumento di Adelaide Ristori a Cividale. Riflessioni intorno a un\u2019iniziativa di respiro internazionale\u201d,<\/em> sar\u00e0 tenuto da <strong>Massimo De Sabbata<\/strong>, dottore di ricerca in Storia dell\u2019Arte, e ripercorrer\u00e0 le vicende che hanno portato alla realizzazione dell\u2019opera, a partire dalla sua ideazione. Oltre a rendere conto del concorso nazionale che ha decretato la vittoria del giovane scultore Antonio Maraini, prover\u00e0 a contestualizzare l\u2019opera entro la produzione dell\u2019artista, soffermandosi sulla sua genesi e sulle fonti visive che potrebbero averla ispirata; infine, entrando in una dimensione pi\u00f9 ideologica, De Sabbata si interrogher\u00e0 sul significato pi\u00f9 generale del monumento portato a termine a Cividale, ai confini del regno italiano, alla vigilia della prima guerra mondiale.<\/p>\n<p> \t\u201cL\u2019occasione del bicentenario della nascita dell\u2019attrice \u2013 spiega <strong>Angela Zappulla<\/strong>, referente per l\u2019Assessorato alla Cultura \u2013 \u00e8 sicuramente il momento giusto per dare a questo monumento l\u2019importanza che riveste per la citt\u00e0 e chiudere un cerchio rimasto aperto per un cos\u00ec lungo periodo\u201d.<\/p>\n<p> \t\u201cAll\u2019epoca l\u2019Amministrazione Comunale \u2013 sottolinea Zappulla \u2013 predispose un elegante invito che ci sembrava doveroso riprendere, con la raffigurazione del bozzetto del monumento, la veduta del Ponte del Diavolo, del santuario di Castelmonte, dell\u2019interno del Tempietto Longobardo, del Battistero di Callisto, inseriti in cornici che ricordano gli elementi decorativi del Tempietto stesso\u201d.<\/p>\n<p> \t\u201cDopo aver ricordato Adelaide a gennaio nel duecentesimo della sua nascita, proseguiamo con questa doverosa tappa preannunciando per novembre uno spettacolo teatrale su Adelaide commissionato dal Comune nell\u2019ambito di un progetto finanziato dalla Regione FVG\u201d.<\/p>\n<p> \t\u00a0<\/p>\n","protected":false},"excerpt":{"rendered":"<p>Con un ritardo di 108 anni<\/p>\n","protected":false},"author":28,"featured_media":44434,"comment_status":"closed","ping_status":"closed","sticky":false,"template":"","format":"standard","meta":{"dwc-title":[],"dwc-content":[],"footnotes":""},"categories":[37],"tags":[],"class_list":["post-44433","post","type-post","status-publish","format-standard","has-post-thumbnail","hentry","category-cultura-e-spettacolo"],"rttpg_featured_image_url":{"full":["https:\/\/imagazine.it\/wp-content\/uploads\/2024\/01\/49298-1.webp",1000,706,false],"landscape":["https:\/\/imagazine.it\/wp-content\/uploads\/2024\/01\/49298-1.webp",1000,706,false],"portraits":["https:\/\/imagazine.it\/wp-content\/uploads\/2024\/01\/49298-1.webp",1000,706,false],"thumbnail":["https:\/\/imagazine.it\/wp-content\/uploads\/2024\/01\/49298-1-150x150.webp",150,150,true],"medium":["https:\/\/imagazine.it\/wp-content\/uploads\/2024\/01\/49298-1-300x212.webp",300,212,true],"large":["https:\/\/imagazine.it\/wp-content\/uploads\/2024\/01\/49298-1.webp",640,452,false],"thumblist":["https:\/\/imagazine.it\/wp-content\/uploads\/2024\/01\/49298-1.webp",300,212,false],"thumbrelated":["https:\/\/imagazine.it\/wp-content\/uploads\/2024\/01\/49298-1.webp",500,353,false],"meccarouselthumb":["https:\/\/imagazine.it\/wp-content\/uploads\/2024\/01\/49298-1.webp",459,324,false],"gridsquare":["https:\/\/imagazine.it\/wp-content\/uploads\/2024\/01\/49298-1.webp",368,260,false],"tileview":["https:\/\/imagazine.it\/wp-content\/uploads\/2024\/01\/49298-1.webp",300,212,false],"1536x1536":["https:\/\/imagazine.it\/wp-content\/uploads\/2024\/01\/49298-1.webp",1000,706,false],"2048x2048":["https:\/\/imagazine.it\/wp-content\/uploads\/2024\/01\/49298-1.webp",1000,706,false],"newsup-slider-full":["https:\/\/imagazine.it\/wp-content\/uploads\/2024\/01\/49298-1.webp",1000,706,false],"newsup-featured":["https:\/\/imagazine.it\/wp-content\/uploads\/2024\/01\/49298-1.webp",1000,706,false],"newsup-medium":["https:\/\/imagazine.it\/wp-content\/uploads\/2024\/01\/49298-1-720x380.webp",720,380,true],"tptn_thumbnail":["https:\/\/imagazine.it\/wp-content\/uploads\/2024\/01\/49298-1.webp",250,177,false],"sow-carousel-default":["https:\/\/imagazine.it\/wp-content\/uploads\/2024\/01\/49298-1-272x182.webp",272,182,true]},"rttpg_author":{"display_name":"redazione","author_link":"https:\/\/imagazine.it\/home_desk\/author\/redazione\/"},"rttpg_comment":0,"rttpg_category":"<a href=\"https:\/\/imagazine.it\/home_desk\/category\/cultura-e-spettacolo\/\" rel=\"category tag\">CULTURA&amp;SPETTACOLO<\/a>","rttpg_excerpt":"Con un ritardo di 108 anni","_links":{"self":[{"href":"https:\/\/imagazine.it\/home_desk\/wp-json\/wp\/v2\/posts\/44433","targetHints":{"allow":["GET"]}}],"collection":[{"href":"https:\/\/imagazine.it\/home_desk\/wp-json\/wp\/v2\/posts"}],"about":[{"href":"https:\/\/imagazine.it\/home_desk\/wp-json\/wp\/v2\/types\/post"}],"author":[{"embeddable":true,"href":"https:\/\/imagazine.it\/home_desk\/wp-json\/wp\/v2\/users\/28"}],"replies":[{"embeddable":true,"href":"https:\/\/imagazine.it\/home_desk\/wp-json\/wp\/v2\/comments?post=44433"}],"version-history":[{"count":0,"href":"https:\/\/imagazine.it\/home_desk\/wp-json\/wp\/v2\/posts\/44433\/revisions"}],"wp:featuredmedia":[{"embeddable":true,"href":"https:\/\/imagazine.it\/home_desk\/wp-json\/wp\/v2\/media\/44434"}],"wp:attachment":[{"href":"https:\/\/imagazine.it\/home_desk\/wp-json\/wp\/v2\/media?parent=44433"}],"wp:term":[{"taxonomy":"category","embeddable":true,"href":"https:\/\/imagazine.it\/home_desk\/wp-json\/wp\/v2\/categories?post=44433"},{"taxonomy":"post_tag","embeddable":true,"href":"https:\/\/imagazine.it\/home_desk\/wp-json\/wp\/v2\/tags?post=44433"}],"curies":[{"name":"wp","href":"https:\/\/api.w.org\/{rel}","templated":true}]}}