{"id":44429,"date":"2022-08-22T00:00:00","date_gmt":"2022-08-21T23:00:00","guid":{"rendered":"https:\/\/imagazine.it\/?p=44429"},"modified":"2022-08-22T00:00:00","modified_gmt":"2022-08-21T23:00:00","slug":"pordenone-si-amplia-il-porta-a-porta","status":"publish","type":"post","link":"https:\/\/imagazine.it\/home_desk\/pordenone-si-amplia-il-porta-a-porta\/","title":{"rendered":"Pordenone, si amplia il &#8220;porta a porta&#8221;"},"content":{"rendered":"<p> \tInizia il 23 agosto a <strong>Pordenone <\/strong>la distribuzione, casa per casa, a tutti i residenti dei quartieri Sacro Cuore, Torre, Maglio, Borgo Colonna e aree limitrofe (<u><a href=\"http:\/\/www.gea-pn.it\/wp-content\/uploads\/2022\/08\/Nuova-mappa-vie-ZONA-GIALLA.pdf\" target=\"_blank\" rel=\"noopener\"><span style=\"color:#0000cd;\">c.d. Zona Gialla<\/span><\/a><\/u>) della <u><a href=\"http:\/\/www.gea-pn.it\/wp-content\/uploads\/2022\/08\/Lettera-ZONA-GIALLA-003.pdf\" target=\"_blank\" rel=\"noopener\"><span style=\"color:#0000cd;\">lettera predisposta dall\u2019Amministrazione Comunale unitamente a GEA<\/span><\/a><\/u> (Gestioni Ecologiche Ambientali) per spiegare il <strong><u><a href=\"http:\/\/www.gea-pn.it\/wp-content\/uploads\/2022\/06\/Opuscolo-GEA-Pordenone-zona-esterna_per-sito.pdf\" target=\"_blank\" rel=\"noopener\"><span style=\"color:#0000cd;\">nuovo modello di raccolta \u201cporta a porta\u201d<\/span><\/a><\/u><\/strong> che verr\u00e0 avviato a partire dal <strong>17 ottobre 2022<\/strong>.\u00a0<\/p>\n<p> \tIndicativamente, <strong>dal 1\u00b0 settembre 2022<\/strong> si avvier\u00e0 la <strong>consegna a domicilio dei nuovi contenitori<\/strong> per il conferimento di carta e cartone (bidone blu, come gi\u00e0 nelle altre zone d\u2019Italia e in Europa) e del secco residuo (bidone grigio).<\/p>\n<p> \tInsieme ai bidoni verranno consegnati i sacchetti per la raccolta di plastica e metalli, le istruzioni per un corretto smaltimento, e un\u2019altra novit\u00e0, la tessera magnetica per l\u2019apertura dei contenitori stradali per il vetro e per l\u2019organico.<\/p>\n<p> \t\u201c\u00c8 una piccola rivoluzione nelle nostre abitudini quotidiane che deve essere vissuta con spirito positivo, consapevoli che questa operazione permetter\u00e0 a Pordenone di compiere un ulteriore passo avanti verso la sostenibilit\u00e0 e verso una pi\u00f9 puntuale equit\u00e0 delle tariffe\u201d, si legge nella lettera inviata ai residenti.<\/p>\n<p> \t\u00a0<\/p>\n","protected":false},"excerpt":{"rendered":"<p>Inviata una lettera ai cittadini interessati<\/p>\n","protected":false},"author":28,"featured_media":44430,"comment_status":"closed","ping_status":"closed","sticky":false,"template":"","format":"standard","meta":{"dwc-title":[],"dwc-content":[],"footnotes":""},"categories":[5],"tags":[],"class_list":["post-44429","post","type-post","status-publish","format-standard","has-post-thumbnail","hentry","category-attualita"],"rttpg_featured_image_url":{"full":["https:\/\/imagazine.it\/wp-content\/uploads\/2024\/01\/49292-1.webp",900,584,false],"landscape":["https:\/\/imagazine.it\/wp-content\/uploads\/2024\/01\/49292-1.webp",900,584,false],"portraits":["https:\/\/imagazine.it\/wp-content\/uploads\/2024\/01\/49292-1.webp",900,584,false],"thumbnail":["https:\/\/imagazine.it\/wp-content\/uploads\/2024\/01\/49292-1-150x150.webp",150,150,true],"medium":["https:\/\/imagazine.it\/wp-content\/uploads\/2024\/01\/49292-1-300x195.webp",300,195,true],"large":["https:\/\/imagazine.it\/wp-content\/uploads\/2024\/01\/49292-1.webp",640,415,false],"thumblist":["https:\/\/imagazine.it\/wp-content\/uploads\/2024\/01\/49292-1.webp",300,195,false],"thumbrelated":["https:\/\/imagazine.it\/wp-content\/uploads\/2024\/01\/49292-1.webp",500,324,false],"meccarouselthumb":["https:\/\/imagazine.it\/wp-content\/uploads\/2024\/01\/49292-1.webp",474,308,false],"gridsquare":["https:\/\/imagazine.it\/wp-content\/uploads\/2024\/01\/49292-1.webp",391,254,false],"tileview":["https:\/\/imagazine.it\/wp-content\/uploads\/2024\/01\/49292-1.webp",300,195,false],"1536x1536":["https:\/\/imagazine.it\/wp-content\/uploads\/2024\/01\/49292-1.webp",900,584,false],"2048x2048":["https:\/\/imagazine.it\/wp-content\/uploads\/2024\/01\/49292-1.webp",900,584,false],"newsup-slider-full":["https:\/\/imagazine.it\/wp-content\/uploads\/2024\/01\/49292-1.webp",900,584,false],"newsup-featured":["https:\/\/imagazine.it\/wp-content\/uploads\/2024\/01\/49292-1.webp",900,584,false],"newsup-medium":["https:\/\/imagazine.it\/wp-content\/uploads\/2024\/01\/49292-1-720x380.webp",720,380,true],"tptn_thumbnail":["https:\/\/imagazine.it\/wp-content\/uploads\/2024\/01\/49292-1.webp",250,162,false],"sow-carousel-default":["https:\/\/imagazine.it\/wp-content\/uploads\/2024\/01\/49292-1-272x182.webp",272,182,true]},"rttpg_author":{"display_name":"redazione","author_link":"https:\/\/imagazine.it\/home_desk\/author\/redazione\/"},"rttpg_comment":0,"rttpg_category":"<a href=\"https:\/\/imagazine.it\/home_desk\/category\/attualita\/\" rel=\"category tag\">ATTUALIT\u00c0<\/a>","rttpg_excerpt":"Inviata una lettera ai cittadini interessati","_links":{"self":[{"href":"https:\/\/imagazine.it\/home_desk\/wp-json\/wp\/v2\/posts\/44429","targetHints":{"allow":["GET"]}}],"collection":[{"href":"https:\/\/imagazine.it\/home_desk\/wp-json\/wp\/v2\/posts"}],"about":[{"href":"https:\/\/imagazine.it\/home_desk\/wp-json\/wp\/v2\/types\/post"}],"author":[{"embeddable":true,"href":"https:\/\/imagazine.it\/home_desk\/wp-json\/wp\/v2\/users\/28"}],"replies":[{"embeddable":true,"href":"https:\/\/imagazine.it\/home_desk\/wp-json\/wp\/v2\/comments?post=44429"}],"version-history":[{"count":0,"href":"https:\/\/imagazine.it\/home_desk\/wp-json\/wp\/v2\/posts\/44429\/revisions"}],"wp:featuredmedia":[{"embeddable":true,"href":"https:\/\/imagazine.it\/home_desk\/wp-json\/wp\/v2\/media\/44430"}],"wp:attachment":[{"href":"https:\/\/imagazine.it\/home_desk\/wp-json\/wp\/v2\/media?parent=44429"}],"wp:term":[{"taxonomy":"category","embeddable":true,"href":"https:\/\/imagazine.it\/home_desk\/wp-json\/wp\/v2\/categories?post=44429"},{"taxonomy":"post_tag","embeddable":true,"href":"https:\/\/imagazine.it\/home_desk\/wp-json\/wp\/v2\/tags?post=44429"}],"curies":[{"name":"wp","href":"https:\/\/api.w.org\/{rel}","templated":true}]}}