{"id":44417,"date":"2022-08-22T00:00:00","date_gmt":"2022-08-21T23:00:00","guid":{"rendered":"https:\/\/imagazine.it\/?p=44417"},"modified":"2022-08-22T00:00:00","modified_gmt":"2022-08-21T23:00:00","slug":"aquileia-vittoria-zilli-trionfa-a-mosaico-di-voci","status":"publish","type":"post","link":"https:\/\/imagazine.it\/home_desk\/aquileia-vittoria-zilli-trionfa-a-mosaico-di-voci\/","title":{"rendered":"Aquileia, Vittoria Zilli trionfa a Mosaico di Voci"},"content":{"rendered":"<p> \t\u00c8 <strong>Vittoria Zilli<\/strong> di Tarvisio la vincitrice della sesta edizione di Mosaico di Voci tenutasi in piazza Capitolo ad Aquileia.<\/p>\n<p> \tSono stati 9 i finalisti del concorso canoro per bambini e ragazzi dai 6 ai 14 anni e frequentanti la scuola primaria e secondaria di primo grado in Friuli Venezia Giulia, organizzato da <strong>The Groove Factory<\/strong> e dal <strong>Comune di Aquileia<\/strong>.<\/p>\n<p> \tLa magistrale interpretazione di \u201cCanzone inutile\u201d di Alessandra Amoroso ha convinto la giuria \u2013 presieduta dal produttore discografico <strong>Alberto Rapetti<\/strong> e composta\u00a0 dal presidente di Percoto Canta, <strong>Giuliano Lestuzzi<\/strong>, dal direttore d\u2019orchestra <strong>Giuliano Folla<\/strong>, dalla pianista e direttrice di cori <strong>Patrizia Dri<\/strong> e dal giornalista <strong>Andrea Doncovio <\/strong>\u2013 ad assegnare a Vittoria Zilli la borsa di studio in palio, del valore di 500 euro, presso una scuola di musica a scelta.<\/p>\n<p> \tAl secondo posto si \u00e8 classificata <strong>Marylin Marangoni<\/strong> da Marano Lagunare con l\u2019interpretazione di \u201cPer sempre\u201d di Nina Zilli, mentre il terzo posto \u00e8 stato conquistato dal vincitore della passata edizione, il cervignanese <strong>Davide Beraldo<\/strong>, con il brano \u201cPioggia di ostacoli\u201d da lui composto.<\/p>\n<p> \tGli altri finalisti, tutti giunti a parimerito, sono stati <strong>Alessia e Giulia Lancioni<\/strong>, <strong>Gaia Martina<\/strong>, <strong>Soleil Virginia Lamonaca<\/strong>, <strong>Sarah Valle<\/strong>, <strong>Marisol Benvegn\u00f9<\/strong> e <strong>Ivan Condonschii<\/strong>.<\/p>\n<p> \tLa serata, condotta da <strong>Leonardo Tognon<\/strong> e aperta dai ballerini dell\u2019<strong>Olimpia<\/strong> <strong>Danze<\/strong> di Cervignano, ha visto la partecipazione in qualit\u00e0 di ospite speciale del cantante e attore <strong>Simone Biondo<\/strong>, che oltre a cantare alcuni suoi brani ha condiviso con il pubblico presente la sua esperienza.<\/p>\n<p> \tAccanto a lui sul palco, accompagnato dai genitori, \u00e8 salito anche il piccolo Emanuele, bambino affetto da una malattia rara per la quale, grazie al coordinamento del Burlo Garofolo di Trieste e di un\u2019equipe medica israeliana, sembra finalmente essere stata individuata una cura. \u201cIl sogno per nostro figlio \u2013 ha dichiarato il pap\u00e0 sul palco \u2013 \u00e8 quello che possa condurre una vita normale\u201d.<\/p>\n<p> \tProprio per questo, grazie al Comitato Amici di Federico di Villa Vicentina, tutte le offerte raccolte durante la serata sono state destinate al sostegno delle cure del piccolo Emanuele.<\/p>\n<p> \t\u201cQuesta sera \u2013 ha dichiarato il sindaco di Aquileia, <strong>Emanuele Zorino<\/strong>, durante le premiazioni rivolgendosi ai partecipanti \u2013 una di voi ha vinto ma tutti avete dato il vostro massimo, offrendo un esempio a ciascuno di noi\u201d.<\/p>\n<p> \tAccanto al primo cittadino, presenti sul palco per la cerimonia di premiazione anche il consigliere regionale <strong>Franco Mattiussi<\/strong>, il vicesindaco <strong>Roberto De Cubellis<\/strong>, l\u2019assessore <strong>Daniela De Marchi<\/strong>, il responsabile di The Groove Factory, <strong>Stefano Palaferri<\/strong>, e le anime operative dell\u2019evento: <strong>Eleonora Franzin<\/strong>, <strong>Andrea Barzellato<\/strong> e <strong>Barbara Fogar<\/strong>.<\/p>\n<p> \t\u201cOltre a tutti gli organizzatori \u2013 ha concluso proprio Eleonora Franzin \u2013 desidero ringraziare anche i genitori dei partecipanti, che rendono possibile questo evento, e gli Amici di Federico: la solidariet\u00e0 verso i bambini meno fortunati \u00e8 stata e continuer\u00e0 a essere un elemento fondamentale di questa serata\u201d.<\/p>\n<p> \t\u00a0<\/p>\n","protected":false},"excerpt":{"rendered":"<p>Guarda le foto della serata<\/p>\n","protected":false},"author":28,"featured_media":44418,"comment_status":"closed","ping_status":"closed","sticky":false,"template":"","format":"standard","meta":{"dwc-title":[],"dwc-content":[],"footnotes":""},"categories":[37],"tags":[],"class_list":["post-44417","post","type-post","status-publish","format-standard","has-post-thumbnail","hentry","category-cultura-e-spettacolo"],"rttpg_featured_image_url":{"full":["https:\/\/imagazine.it\/wp-content\/uploads\/2024\/01\/49271-1.webp",1000,594,false],"landscape":["https:\/\/imagazine.it\/wp-content\/uploads\/2024\/01\/49271-1.webp",1000,594,false],"portraits":["https:\/\/imagazine.it\/wp-content\/uploads\/2024\/01\/49271-1.webp",1000,594,false],"thumbnail":["https:\/\/imagazine.it\/wp-content\/uploads\/2024\/01\/49271-1-150x150.webp",150,150,true],"medium":["https:\/\/imagazine.it\/wp-content\/uploads\/2024\/01\/49271-1-300x178.webp",300,178,true],"large":["https:\/\/imagazine.it\/wp-content\/uploads\/2024\/01\/49271-1.webp",640,380,false],"thumblist":["https:\/\/imagazine.it\/wp-content\/uploads\/2024\/01\/49271-1.webp",300,178,false],"thumbrelated":["https:\/\/imagazine.it\/wp-content\/uploads\/2024\/01\/49271-1.webp",500,297,false],"meccarouselthumb":["https:\/\/imagazine.it\/wp-content\/uploads\/2024\/01\/49271-1.webp",474,282,false],"gridsquare":["https:\/\/imagazine.it\/wp-content\/uploads\/2024\/01\/49271-1.webp",391,232,false],"tileview":["https:\/\/imagazine.it\/wp-content\/uploads\/2024\/01\/49271-1.webp",300,178,false],"1536x1536":["https:\/\/imagazine.it\/wp-content\/uploads\/2024\/01\/49271-1.webp",1000,594,false],"2048x2048":["https:\/\/imagazine.it\/wp-content\/uploads\/2024\/01\/49271-1.webp",1000,594,false],"newsup-slider-full":["https:\/\/imagazine.it\/wp-content\/uploads\/2024\/01\/49271-1.webp",1000,594,false],"newsup-featured":["https:\/\/imagazine.it\/wp-content\/uploads\/2024\/01\/49271-1.webp",1000,594,false],"newsup-medium":["https:\/\/imagazine.it\/wp-content\/uploads\/2024\/01\/49271-1-720x380.webp",720,380,true],"tptn_thumbnail":["https:\/\/imagazine.it\/wp-content\/uploads\/2024\/01\/49271-1.webp",250,149,false],"sow-carousel-default":["https:\/\/imagazine.it\/wp-content\/uploads\/2024\/01\/49271-1-272x182.webp",272,182,true]},"rttpg_author":{"display_name":"redazione","author_link":"https:\/\/imagazine.it\/home_desk\/author\/redazione\/"},"rttpg_comment":0,"rttpg_category":"<a href=\"https:\/\/imagazine.it\/home_desk\/category\/cultura-e-spettacolo\/\" rel=\"category tag\">CULTURA&amp;SPETTACOLO<\/a>","rttpg_excerpt":"Guarda le foto della serata","_links":{"self":[{"href":"https:\/\/imagazine.it\/home_desk\/wp-json\/wp\/v2\/posts\/44417","targetHints":{"allow":["GET"]}}],"collection":[{"href":"https:\/\/imagazine.it\/home_desk\/wp-json\/wp\/v2\/posts"}],"about":[{"href":"https:\/\/imagazine.it\/home_desk\/wp-json\/wp\/v2\/types\/post"}],"author":[{"embeddable":true,"href":"https:\/\/imagazine.it\/home_desk\/wp-json\/wp\/v2\/users\/28"}],"replies":[{"embeddable":true,"href":"https:\/\/imagazine.it\/home_desk\/wp-json\/wp\/v2\/comments?post=44417"}],"version-history":[{"count":0,"href":"https:\/\/imagazine.it\/home_desk\/wp-json\/wp\/v2\/posts\/44417\/revisions"}],"wp:featuredmedia":[{"embeddable":true,"href":"https:\/\/imagazine.it\/home_desk\/wp-json\/wp\/v2\/media\/44418"}],"wp:attachment":[{"href":"https:\/\/imagazine.it\/home_desk\/wp-json\/wp\/v2\/media?parent=44417"}],"wp:term":[{"taxonomy":"category","embeddable":true,"href":"https:\/\/imagazine.it\/home_desk\/wp-json\/wp\/v2\/categories?post=44417"},{"taxonomy":"post_tag","embeddable":true,"href":"https:\/\/imagazine.it\/home_desk\/wp-json\/wp\/v2\/tags?post=44417"}],"curies":[{"name":"wp","href":"https:\/\/api.w.org\/{rel}","templated":true}]}}