{"id":44409,"date":"2022-08-18T00:00:00","date_gmt":"2022-08-17T23:00:00","guid":{"rendered":"https:\/\/imagazine.it\/?p=44409"},"modified":"2022-08-18T00:00:00","modified_gmt":"2022-08-17T23:00:00","slug":"palmanova-sara-attivata-la-struttura-complessa-di-oculistica","status":"publish","type":"post","link":"https:\/\/imagazine.it\/home_desk\/palmanova-sara-attivata-la-struttura-complessa-di-oculistica\/","title":{"rendered":"Palmanova, sar\u00e0 attivata la struttura complessa di oculistica"},"content":{"rendered":"<p> \tL&#39;<strong>Azienda<\/strong> <strong>sanitaria universitaria Friuli centrale (Asufc)<\/strong>, dopo l&#39;adozione dell&#39;atto aziendale, si appresta ad attivare la <strong>struttura organizzativa complessa (Soc) di oculistica Palmanova-Latisana<\/strong>.<\/p>\n<p> \t\u201cA breve \u2013 comunica il vicegovernatore con delega alla Salute, <strong>Riccardo Riccardi<\/strong> \u2013 verranno avviate le procedure per la copertura, la direzione e il governo della struttura che \u00e8 di grande rilevanza per l&#39;oftalmologia e integra l&#39;offerta per la specialit\u00e0 di oculistica, in Friuli Venezia Giulia\u201d.<\/p>\n<p> \tL&#39;attivazione della struttura di oculistica vedr\u00e0 prossimamente l&#39;assegnazione di un direttore cos\u00ec come previsto dal piano di Sviluppo delle attivit\u00e0, nello specifico per il presidio ospedaliero Palmanova-Latisana.<\/p>\n<p> \tLa programmazione dell&#39;attivit\u00e0 del nosocomio di Palmanova, come riferito dal vicegovernatore del Friuli Venezia Giulia, procede nella direzione del potenziamento delle specializzazioni che ne rappresentano un punto di forza, fra queste rientra l&#39;oculistica.<\/p>\n<p> \t\u201cL&#39;avvio della Soc dedicata \u2013 conclude Riccardi \u2013 permetter\u00e0 anche di ridurre le liste d&#39;attesa per interventi che hanno un forte impatto sulla qualit\u00e0 della vita delle persone, come la cataratta e le iniezioni intravitreali\u201d.<\/p>\n<p> \t\u00a0<\/p>\n","protected":false},"excerpt":{"rendered":"<p>Dopo l&#8217;atto aziendale dell&#8217;Azienda sanitaria<\/p>\n","protected":false},"author":28,"featured_media":44410,"comment_status":"closed","ping_status":"closed","sticky":false,"template":"","format":"standard","meta":{"dwc-title":[],"dwc-content":[],"footnotes":""},"categories":[5],"tags":[],"class_list":["post-44409","post","type-post","status-publish","format-standard","has-post-thumbnail","hentry","category-attualita"],"rttpg_featured_image_url":{"full":["https:\/\/imagazine.it\/wp-content\/uploads\/2024\/01\/49242-1.webp",900,595,false],"landscape":["https:\/\/imagazine.it\/wp-content\/uploads\/2024\/01\/49242-1.webp",900,595,false],"portraits":["https:\/\/imagazine.it\/wp-content\/uploads\/2024\/01\/49242-1.webp",900,595,false],"thumbnail":["https:\/\/imagazine.it\/wp-content\/uploads\/2024\/01\/49242-1-150x150.webp",150,150,true],"medium":["https:\/\/imagazine.it\/wp-content\/uploads\/2024\/01\/49242-1-300x198.webp",300,198,true],"large":["https:\/\/imagazine.it\/wp-content\/uploads\/2024\/01\/49242-1.webp",640,423,false],"thumblist":["https:\/\/imagazine.it\/wp-content\/uploads\/2024\/01\/49242-1.webp",300,198,false],"thumbrelated":["https:\/\/imagazine.it\/wp-content\/uploads\/2024\/01\/49242-1.webp",500,331,false],"meccarouselthumb":["https:\/\/imagazine.it\/wp-content\/uploads\/2024\/01\/49242-1.webp",474,313,false],"gridsquare":["https:\/\/imagazine.it\/wp-content\/uploads\/2024\/01\/49242-1.webp",391,258,false],"tileview":["https:\/\/imagazine.it\/wp-content\/uploads\/2024\/01\/49242-1.webp",300,198,false],"1536x1536":["https:\/\/imagazine.it\/wp-content\/uploads\/2024\/01\/49242-1.webp",900,595,false],"2048x2048":["https:\/\/imagazine.it\/wp-content\/uploads\/2024\/01\/49242-1.webp",900,595,false],"newsup-slider-full":["https:\/\/imagazine.it\/wp-content\/uploads\/2024\/01\/49242-1.webp",900,595,false],"newsup-featured":["https:\/\/imagazine.it\/wp-content\/uploads\/2024\/01\/49242-1.webp",900,595,false],"newsup-medium":["https:\/\/imagazine.it\/wp-content\/uploads\/2024\/01\/49242-1-720x380.webp",720,380,true],"tptn_thumbnail":["https:\/\/imagazine.it\/wp-content\/uploads\/2024\/01\/49242-1.webp",250,165,false],"sow-carousel-default":["https:\/\/imagazine.it\/wp-content\/uploads\/2024\/01\/49242-1-272x182.webp",272,182,true]},"rttpg_author":{"display_name":"redazione","author_link":"https:\/\/imagazine.it\/home_desk\/author\/redazione\/"},"rttpg_comment":0,"rttpg_category":"<a href=\"https:\/\/imagazine.it\/home_desk\/category\/attualita\/\" rel=\"category tag\">ATTUALIT\u00c0<\/a>","rttpg_excerpt":"Dopo l'atto aziendale dell'Azienda sanitaria","_links":{"self":[{"href":"https:\/\/imagazine.it\/home_desk\/wp-json\/wp\/v2\/posts\/44409","targetHints":{"allow":["GET"]}}],"collection":[{"href":"https:\/\/imagazine.it\/home_desk\/wp-json\/wp\/v2\/posts"}],"about":[{"href":"https:\/\/imagazine.it\/home_desk\/wp-json\/wp\/v2\/types\/post"}],"author":[{"embeddable":true,"href":"https:\/\/imagazine.it\/home_desk\/wp-json\/wp\/v2\/users\/28"}],"replies":[{"embeddable":true,"href":"https:\/\/imagazine.it\/home_desk\/wp-json\/wp\/v2\/comments?post=44409"}],"version-history":[{"count":0,"href":"https:\/\/imagazine.it\/home_desk\/wp-json\/wp\/v2\/posts\/44409\/revisions"}],"wp:featuredmedia":[{"embeddable":true,"href":"https:\/\/imagazine.it\/home_desk\/wp-json\/wp\/v2\/media\/44410"}],"wp:attachment":[{"href":"https:\/\/imagazine.it\/home_desk\/wp-json\/wp\/v2\/media?parent=44409"}],"wp:term":[{"taxonomy":"category","embeddable":true,"href":"https:\/\/imagazine.it\/home_desk\/wp-json\/wp\/v2\/categories?post=44409"},{"taxonomy":"post_tag","embeddable":true,"href":"https:\/\/imagazine.it\/home_desk\/wp-json\/wp\/v2\/tags?post=44409"}],"curies":[{"name":"wp","href":"https:\/\/api.w.org\/{rel}","templated":true}]}}