{"id":44395,"date":"2022-08-16T00:00:00","date_gmt":"2022-08-15T23:00:00","guid":{"rendered":"https:\/\/imagazine.it\/?p=44395"},"modified":"2022-08-16T00:00:00","modified_gmt":"2022-08-15T23:00:00","slug":"annunciata-la-nuova-edizione-di-invisible-cities","status":"publish","type":"post","link":"https:\/\/imagazine.it\/home_desk\/annunciata-la-nuova-edizione-di-invisible-cities\/","title":{"rendered":"Annunciata la nuova edizione di InVisible Cities"},"content":{"rendered":"<p> \tTrentadue appuntamenti. Tre Comuni coinvolti: <strong>Gradisca d&#39;Isonzo, Gorizia e Trieste<\/strong>. Per dieci giornate in cui il dialogo tra le arti performative, i linguaggi digitali e gli spazi urbani la faranno da padrone.<\/p>\n<p> \tL\u20198^ edizione di <strong>InVisible Cities<\/strong>, festival urbano multimediale, parte della rete Intersezioni, anche quest\u2019anno non tradir\u00e0 le aspettative, grazie a un programma ricco e variegato, fatto di teatro, danza, video, musica classica ed elettronica che, coinvolgendo attivamente le comunit\u00e0, le chiameranno a partecipare e a raccontarsi. Tema portante dell\u2019edizione 2022 sar\u00e0 \u201cRealt\u00e0 aumentate\u201d: il Festival si propone infatti di valorizzare tanti diversi ambienti, urbani o naturali, e le persone che li abitano o li hanno abitati nel passato attraverso la contaminazione tra linguaggi artistici e multimediali, facendo emergere, vedere, sentire, ci\u00f2 che non \u00e8 subito evidente: storie, stratificazioni, pratiche sociali, fragilit\u00e0. All\u2019interno della programmazione confluir\u00e0 la rassegna \u201cARS. Arti Relazioni Scienze\u201d, promossa dal Comune di Gradisca d\u2019Isonzo. In questo caso si metteranno in dialogo arte e scienza e la capacit\u00e0 di entrambe di generare reazioni e relazioni nuove e sorprendenti. In particolare si affronter\u00e0 il tema del cambiamento climatico grazie alla collaborazione con Kaleidoscienza, SISSA, OGS Istituto nazionale di oceanografia e geofisica sperimentale e WWF &#8211; Area marina protetta di Miramare. L\u2019intero programma \u00e8 disponibile su: <a href=\"https:\/\/invisiblecities.eu\/invisible-cities-2022\" target=\"_blank\" rel=\"noopener\">invisiblecities.eu<\/a>.<\/p>\n<p> \t\u00ab<em>Questa ottava edizione <\/em>\u2013 ha sottolineato il direttore artistico, <strong>Alessandro Cattunar<\/strong> \u2013 <em>conferma due vocazioni che InVisible Cities sta consolidando negli ultimi anni. Da un lato la volont\u00e0 di narrare e valorizzare una pluralit\u00e0 di territori, ambienti e comunit\u00e0 attraverso performance a cielo aperto, spesso itineranti, frutto di lunghi periodi di ricerca site specific. Luoghi ricchi di storia e suggestioni, sul piano architettonico e ambientale, che saranno raccontati attraverso i linguaggi del teatro in cuffia, della musica contemporanea, della danza urbana. E dall\u2019altro lato la capacit\u00e0 di proporre nuove produzioni, sviluppate sul territorio, offrendo opportunit\u00e0 soprattutto ad artisti e compagnie giovani ed emergenti<\/em>\u00bb.<\/p>\n<p> \t<strong>IL PROGRAMMA DELL\u20198^ EDIZIONE<\/strong> &#8211; L\u2019edizione 2022 &#8211; organizzata dall\u2019associazione Quarantasettezeroquattro grazie al sostegno della Regione Friuli Venezia Giulia &#8211; si aprir\u00e0 a Trieste, il 27 e 28 agosto, con due performance itineranti con cuffie wi-fi che accompagneranno il pubblico alla scoperta di altrettanti luoghi dal grande fascino: la SISSA, uno dei poli scientifici d\u2019eccellenza a livello italiano ed europeo (SISSA Hosting); e la Val Rosandra, attraversata dal confine tra Italia e Slovenia (Quando saremo di l\u00e0 dal confine\/Ko bomo onkraj meje). In questo caso lo spettacolo itinerante sar\u00e0 bilingue, italiano-sloveno.<\/p>\n<p> \tDal 2 al 4 settembre InVisible Cities si sposter\u00e0 a Gorizia. Gli spettatori potranno scoprire il parco Basaglia e la rivoluzione psichiatrica (Esercizi di rivoluzione); passeggiare sulla cresta del Sabotino, seguendo i cippi di confine (Confine radiante) e poi attraversare il centro della citt\u00e0, lungo 17 possibili percorsi, guidati dalla APP Telegram (I Dedalo). A Nova Gorica il pubblico italiano e sloveno potr\u00e0 incontrarsi, scegliendo se partecipare in italiano o sloveno, per prendere parte a uno spettacolo-party in occasione della \u201cfine del mondo\u201d (17 selfie dalla fine del mondo\/17 selfijev s konca sveta). Sempre nel capoluogo isontino andr\u00e0 in scena anche Open doors Botteghe digitali: 4 performance partecipative a cura degli artisti in residenza e di Invasioni Creative, in collaborazione con Associazione via Rastello.<\/p>\n<p> \tDal 7 all\u201911 settembre il Festival multimediale arriver\u00e0 a Gradisca d\u2019Isonzo, tappa conclusiva e cuore pulsante di quest\u2019edizione: saranno cinque giorni di iniziative in tutto il centro urbano, dalla mattina fino a tarda sera, in otto diverse location. Venti appuntamenti, tra spettacoli, percorsi itineranti con cuffie wi-fi, installazioni multimediali, concerti e incontri che invaderanno sale e teatri, piazze e parchi. Gradisca diventer\u00e0 cos\u00ec un grande palcoscenico a cielo aperto!<\/p>\n<p> \t<strong>INFORMAZIONI UTILI &#8211;<\/strong> Tutti gli eventi saranno a ingresso gratuito fino a esaurimento dei posti, tranne il concerto \u201c12 motivi\u201d che avr\u00e0 un costo di 5 euro. Il ricavato sar\u00e0 devoluto in beneficenza alla Croce rossa italiana. \u00c8 raccomandata la prenotazione sul sito <u><a href=\"http:\/\/www.invisiblecities.eu\/invisiblecities22\" target=\"_blank\" rel=\"noopener\"><span style=\"color:#0000cd;\">www.invisiblecities.eu\/invisiblecities22<\/span><\/a><\/u><\/p>\n<p> \t\u00a0<\/p>\n","protected":false},"excerpt":{"rendered":"<p>Dal 27 agosto all&#8217;11 settembre<\/p>\n","protected":false},"author":28,"featured_media":44396,"comment_status":"closed","ping_status":"closed","sticky":false,"template":"","format":"standard","meta":{"dwc-title":[],"dwc-content":[],"footnotes":""},"categories":[37],"tags":[],"class_list":["post-44395","post","type-post","status-publish","format-standard","has-post-thumbnail","hentry","category-cultura-e-spettacolo"],"rttpg_featured_image_url":{"full":["https:\/\/imagazine.it\/wp-content\/uploads\/2024\/01\/49220-1.webp",820,461,false],"landscape":["https:\/\/imagazine.it\/wp-content\/uploads\/2024\/01\/49220-1.webp",820,461,false],"portraits":["https:\/\/imagazine.it\/wp-content\/uploads\/2024\/01\/49220-1.webp",820,461,false],"thumbnail":["https:\/\/imagazine.it\/wp-content\/uploads\/2024\/01\/49220-1-150x150.webp",150,150,true],"medium":["https:\/\/imagazine.it\/wp-content\/uploads\/2024\/01\/49220-1-300x169.webp",300,169,true],"large":["https:\/\/imagazine.it\/wp-content\/uploads\/2024\/01\/49220-1.webp",640,360,false],"thumblist":["https:\/\/imagazine.it\/wp-content\/uploads\/2024\/01\/49220-1.webp",300,169,false],"thumbrelated":["https:\/\/imagazine.it\/wp-content\/uploads\/2024\/01\/49220-1.webp",500,281,false],"meccarouselthumb":["https:\/\/imagazine.it\/wp-content\/uploads\/2024\/01\/49220-1.webp",474,266,false],"gridsquare":["https:\/\/imagazine.it\/wp-content\/uploads\/2024\/01\/49220-1.webp",391,220,false],"tileview":["https:\/\/imagazine.it\/wp-content\/uploads\/2024\/01\/49220-1.webp",300,169,false],"1536x1536":["https:\/\/imagazine.it\/wp-content\/uploads\/2024\/01\/49220-1.webp",820,461,false],"2048x2048":["https:\/\/imagazine.it\/wp-content\/uploads\/2024\/01\/49220-1.webp",820,461,false],"newsup-slider-full":["https:\/\/imagazine.it\/wp-content\/uploads\/2024\/01\/49220-1.webp",820,461,false],"newsup-featured":["https:\/\/imagazine.it\/wp-content\/uploads\/2024\/01\/49220-1.webp",820,461,false],"newsup-medium":["https:\/\/imagazine.it\/wp-content\/uploads\/2024\/01\/49220-1-720x380.webp",720,380,true],"tptn_thumbnail":["https:\/\/imagazine.it\/wp-content\/uploads\/2024\/01\/49220-1.webp",250,141,false],"sow-carousel-default":["https:\/\/imagazine.it\/wp-content\/uploads\/2024\/01\/49220-1-272x182.webp",272,182,true]},"rttpg_author":{"display_name":"redazione","author_link":"https:\/\/imagazine.it\/home_desk\/author\/redazione\/"},"rttpg_comment":0,"rttpg_category":"<a href=\"https:\/\/imagazine.it\/home_desk\/category\/cultura-e-spettacolo\/\" rel=\"category tag\">CULTURA&amp;SPETTACOLO<\/a>","rttpg_excerpt":"Dal 27 agosto all'11 settembre","_links":{"self":[{"href":"https:\/\/imagazine.it\/home_desk\/wp-json\/wp\/v2\/posts\/44395","targetHints":{"allow":["GET"]}}],"collection":[{"href":"https:\/\/imagazine.it\/home_desk\/wp-json\/wp\/v2\/posts"}],"about":[{"href":"https:\/\/imagazine.it\/home_desk\/wp-json\/wp\/v2\/types\/post"}],"author":[{"embeddable":true,"href":"https:\/\/imagazine.it\/home_desk\/wp-json\/wp\/v2\/users\/28"}],"replies":[{"embeddable":true,"href":"https:\/\/imagazine.it\/home_desk\/wp-json\/wp\/v2\/comments?post=44395"}],"version-history":[{"count":0,"href":"https:\/\/imagazine.it\/home_desk\/wp-json\/wp\/v2\/posts\/44395\/revisions"}],"wp:featuredmedia":[{"embeddable":true,"href":"https:\/\/imagazine.it\/home_desk\/wp-json\/wp\/v2\/media\/44396"}],"wp:attachment":[{"href":"https:\/\/imagazine.it\/home_desk\/wp-json\/wp\/v2\/media?parent=44395"}],"wp:term":[{"taxonomy":"category","embeddable":true,"href":"https:\/\/imagazine.it\/home_desk\/wp-json\/wp\/v2\/categories?post=44395"},{"taxonomy":"post_tag","embeddable":true,"href":"https:\/\/imagazine.it\/home_desk\/wp-json\/wp\/v2\/tags?post=44395"}],"curies":[{"name":"wp","href":"https:\/\/api.w.org\/{rel}","templated":true}]}}