{"id":44366,"date":"2022-08-10T00:00:00","date_gmt":"2022-08-09T23:00:00","guid":{"rendered":"https:\/\/imagazine.it\/?p=44366"},"modified":"2022-08-10T00:00:00","modified_gmt":"2022-08-09T23:00:00","slug":"torna-in-fvg-il-teatro-di-figura-internazionale","status":"publish","type":"post","link":"https:\/\/imagazine.it\/home_desk\/torna-in-fvg-il-teatro-di-figura-internazionale\/","title":{"rendered":"Torna in FVG il Teatro di Figura Internazionale"},"content":{"rendered":"<p> \t\u00c8 pronta ai blocchi di partenza la 31esima edizione dell\u2019<strong>Alpe<\/strong> <strong>Adria Puppet Festival<\/strong>, uno degli appuntamenti di teatro transfrontaliero pi\u00f9 longevi <strong>fra Italia e Slovenia<\/strong>, che si propone di offrire al pubblico gli spettacoli pi\u00f9 interessanti prodotti nella regione dell\u2019Alpe Adria e pi\u00f9 in generale in Europa.<\/p>\n<p> \t<strong>Fra il 20 agosto e il 4 settembre<\/strong>, con tappe a <strong>Muggia<\/strong>, <strong>Grado, Aquileia, Gorizia e Nova Gorica<\/strong>, il territorio sar\u00e0 animato da proposte teatrali alternative, per tutte le fasce d\u2019et\u00e0 e per tutti i gusti. Se da sempre, infatti, obiettivo del Festival \u00e8 quello di far conoscere il teatro di figura oltre alla concezione classica del \u201cteatro di burattini e marionette\u201d, negli ultimi anni questa attivit\u00e0 si \u00e8 amplificata ulteriormente con l\u2019avvio del progetto europeo Puppet &#038; Design, tanto che la sezione Gorizia-Nova Gorica ha iniziato a essere punto di riferimento delle nuove tendenze del teatro di figura nazionale ed europeo.<\/p>\n<p> \t\u201cLa nomina di Nova Gorica-Gorizia capitale europea della cultura 2025 &#8211; afferma il direttore artistico, <strong>Roberto Piaggio<\/strong> &#8211; ha solo rafforzato la nostra convinzione che questo territorio sia punto d\u2019incontro per eccellenza fra culture diverse, ricco di humus artistico e allo stesso tempo molto ricettivo e sensibile alla multiculturalit\u00e0 e all\u2019inclusivit\u00e0\u201d.<\/p>\n<p> \t\u00c8 importante, quindi, far conoscere al pubblico la versatilit\u00e0 e le grandi potenzialit\u00e0 del teatro di figura che, nelle sue varie declinazioni e contaminazioni con altre forme artistiche, pu\u00f2 essere ospitato su un grande palcoscenico o anche su un piccolo tavolino per poche persone.<\/p>\n<p> \t\u201cQuesta edizione &#8211; prosegue Piaggio &#8211; ospiter\u00e0 spettacoli emblematici che indicano nuove strade, nuovi approcci e che danno il segno di come si sta muovendo il panorama europeo del teatro di figura. Penso a teatri e artisti come Andrea Diaz Reboredo (Spagna), Claudio Montagna (Italia), Philippe Lefebvre (Francia) e la compagnia svizzera Trickster che propone performance dove gli spettatori diventano essi stessi protagonisti. Questo per citare solo alcuni degli artisti presenti al Festival che nei 15 giorni di programmazione proporr\u00e0 ben 48 eventi, fra spettacoli e laboratori, con prime assolute e prime nazionali\u201d.<\/p>\n<p> \tL\u2019Alpe Adria Puppet Festival entra nel cuore delle citt\u00e0 ospitanti per riattivare un rapporto sinergico con il loro tessuto urbano, culturale e turistico. Nell\u2019edizione 2022, nuova entrata fra i centri ospitanti, c\u2019\u00e8 Muggia, dove l\u2019Alpe Adria Puppet Festival proporr\u00e0 un intero fine settimana fra le calli del centro storico alla scoperta degli spettacoli proposti fra sabato 20 e domenica 21 agosto. Un\u2019altra novit\u00e0, per le prospettive future che sottende, \u00e8\u00a0 \u00a0<em>Scene Aperte<\/em> la rete creata con altri due Festival che si terranno fra Gorizia e Nova Gorica nello stesso periodo: GOtropolis di Tnk Teatro &#8211; Nova Gorica, alla sua prima edizione, e Invisible\/Cities e le sue contaminazioni digitali, con il quale il Puppet Festival ha gi\u00e0 collaborato in passato.<\/p>\n<p> \tIn allegato, l\u2019intero programma che si pu\u00f2 trovare anche sul sito <u><a href=\"http:\/\/www.ctagorizia.it\" target=\"_blank\" rel=\"noopener\"><span style=\"color:#0000cd;\">www.ctagorizia.it<\/span><\/a><\/u><\/p>\n<p> \t\u00a0<\/p>\n","protected":false},"excerpt":{"rendered":"<p>Alpe Adria Puppet Festival<\/p>\n","protected":false},"author":28,"featured_media":44367,"comment_status":"closed","ping_status":"closed","sticky":false,"template":"","format":"standard","meta":{"dwc-title":[],"dwc-content":[],"footnotes":""},"categories":[37],"tags":[],"class_list":["post-44366","post","type-post","status-publish","format-standard","has-post-thumbnail","hentry","category-cultura-e-spettacolo"],"rttpg_featured_image_url":{"full":["https:\/\/imagazine.it\/wp-content\/uploads\/2024\/01\/49172-1.webp",1000,750,false],"landscape":["https:\/\/imagazine.it\/wp-content\/uploads\/2024\/01\/49172-1.webp",1000,750,false],"portraits":["https:\/\/imagazine.it\/wp-content\/uploads\/2024\/01\/49172-1.webp",1000,750,false],"thumbnail":["https:\/\/imagazine.it\/wp-content\/uploads\/2024\/01\/49172-1-150x150.webp",150,150,true],"medium":["https:\/\/imagazine.it\/wp-content\/uploads\/2024\/01\/49172-1-300x225.webp",300,225,true],"large":["https:\/\/imagazine.it\/wp-content\/uploads\/2024\/01\/49172-1.webp",640,480,false],"thumblist":["https:\/\/imagazine.it\/wp-content\/uploads\/2024\/01\/49172-1.webp",300,225,false],"thumbrelated":["https:\/\/imagazine.it\/wp-content\/uploads\/2024\/01\/49172-1.webp",500,375,false],"meccarouselthumb":["https:\/\/imagazine.it\/wp-content\/uploads\/2024\/01\/49172-1.webp",432,324,false],"gridsquare":["https:\/\/imagazine.it\/wp-content\/uploads\/2024\/01\/49172-1.webp",347,260,false],"tileview":["https:\/\/imagazine.it\/wp-content\/uploads\/2024\/01\/49172-1.webp",300,225,false],"1536x1536":["https:\/\/imagazine.it\/wp-content\/uploads\/2024\/01\/49172-1.webp",1000,750,false],"2048x2048":["https:\/\/imagazine.it\/wp-content\/uploads\/2024\/01\/49172-1.webp",1000,750,false],"newsup-slider-full":["https:\/\/imagazine.it\/wp-content\/uploads\/2024\/01\/49172-1-1000x720.webp",1000,720,true],"newsup-featured":["https:\/\/imagazine.it\/wp-content\/uploads\/2024\/01\/49172-1.webp",1000,750,false],"newsup-medium":["https:\/\/imagazine.it\/wp-content\/uploads\/2024\/01\/49172-1-720x380.webp",720,380,true],"tptn_thumbnail":["https:\/\/imagazine.it\/wp-content\/uploads\/2024\/01\/49172-1.webp",250,188,false],"sow-carousel-default":["https:\/\/imagazine.it\/wp-content\/uploads\/2024\/01\/49172-1-272x182.webp",272,182,true]},"rttpg_author":{"display_name":"redazione","author_link":"https:\/\/imagazine.it\/home_desk\/author\/redazione\/"},"rttpg_comment":0,"rttpg_category":"<a href=\"https:\/\/imagazine.it\/home_desk\/category\/cultura-e-spettacolo\/\" rel=\"category tag\">CULTURA&amp;SPETTACOLO<\/a>","rttpg_excerpt":"Alpe Adria Puppet Festival","_links":{"self":[{"href":"https:\/\/imagazine.it\/home_desk\/wp-json\/wp\/v2\/posts\/44366","targetHints":{"allow":["GET"]}}],"collection":[{"href":"https:\/\/imagazine.it\/home_desk\/wp-json\/wp\/v2\/posts"}],"about":[{"href":"https:\/\/imagazine.it\/home_desk\/wp-json\/wp\/v2\/types\/post"}],"author":[{"embeddable":true,"href":"https:\/\/imagazine.it\/home_desk\/wp-json\/wp\/v2\/users\/28"}],"replies":[{"embeddable":true,"href":"https:\/\/imagazine.it\/home_desk\/wp-json\/wp\/v2\/comments?post=44366"}],"version-history":[{"count":0,"href":"https:\/\/imagazine.it\/home_desk\/wp-json\/wp\/v2\/posts\/44366\/revisions"}],"wp:featuredmedia":[{"embeddable":true,"href":"https:\/\/imagazine.it\/home_desk\/wp-json\/wp\/v2\/media\/44367"}],"wp:attachment":[{"href":"https:\/\/imagazine.it\/home_desk\/wp-json\/wp\/v2\/media?parent=44366"}],"wp:term":[{"taxonomy":"category","embeddable":true,"href":"https:\/\/imagazine.it\/home_desk\/wp-json\/wp\/v2\/categories?post=44366"},{"taxonomy":"post_tag","embeddable":true,"href":"https:\/\/imagazine.it\/home_desk\/wp-json\/wp\/v2\/tags?post=44366"}],"curies":[{"name":"wp","href":"https:\/\/api.w.org\/{rel}","templated":true}]}}