{"id":44360,"date":"2022-08-09T00:00:00","date_gmt":"2022-08-08T23:00:00","guid":{"rendered":"https:\/\/imagazine.it\/?p=44360"},"modified":"2022-08-09T00:00:00","modified_gmt":"2022-08-08T23:00:00","slug":"gorizia-nozze-doro-per-il-festival-mondiale-del-folklore","status":"publish","type":"post","link":"https:\/\/imagazine.it\/home_desk\/gorizia-nozze-doro-per-il-festival-mondiale-del-folklore\/","title":{"rendered":"Gorizia, nozze d&#8217;oro per il Festival Mondiale del Folklore"},"content":{"rendered":"<p> \tRitorna il <strong>Festival Mondiale del Folklore a Gorizia<\/strong> e lo fa con un anniversario importante.<\/p>\n<p> \t<strong>Dal 25 al 28 agosto<\/strong>, infatti, andr\u00e0 in scena l\u2019<strong>edizione<\/strong> <strong>numero 50<\/strong> della kermesse organizzata dall\u2019Associazione culturale <strong>Etnos Odv<\/strong>, <strong>Pro Loco Gorizia<\/strong> e <strong>Amministrazione Comunale<\/strong>, che segna la ripartenza delle tradizionali serate folkloriche dopo la parentesi pandemica.<\/p>\n<p> \tAd arricchire il programma saranno le collaborazioni con Nova Gorica, nello spirito che ormai contraddistingue le due Gorizie in vista della Capitale europea della cultura 2025.<\/p>\n<p> \t\u201cSono molto contento della dimensione transfrontaliera che il Festival sta assumendo da diversi anni a questa parte &#8211; commenta del presidente di Etnos, <strong>Stefano Minniti<\/strong> &#8211; performando a cavallo del confine con diversi spettacoli anche a Nova Gorica, segno di unione delle due citt\u00e0. Arrivati al 50\u00b0 anno, siamo sempre pi\u00f9 vicini alla gente con numerosi spettacoli nel centro pedonale cittadino durante ogni giorno della manifestazione\u201d.<\/p>\n<p> \tManifestazione che sar\u00e0 aperta gioved\u00ec 25 agosto alle 20.30 dal concerto dei <strong>FreeVoices<\/strong>, in <strong>Piazza Cesare Battisti<\/strong>.<\/p>\n<p> \tDopo l\u2019esibizione musicale inaugurale, seguir\u00e0 il saluto delle autorit\u00e0 e l<span dir=\"RTL\">\u2019<\/span>accensione del tradizionale tripode dell<span dir=\"RTL\">\u2019<\/span>amicizia.\u00a0Nei giorni a seguire, il Folklore animer\u00e0 ogni pomeriggio il centro citt\u00e0 con piccole anteprime dei gruppi folkloristici presenti a Gorizia.<\/p>\n<p> \tSabato il 46\u00b0 <strong>Congresso sulle tradizioni popolari<\/strong>, ospitato nella <strong>sala Dora Bassi<\/strong> di via Garibaldi, avr\u00e0 tema <span dir=\"RTL\">\u201c<\/span><em>Il ruolo del Festival per la conoscenza del patrimonio culturale immateriale<\/em>\u201d. Domenica 28 Agosto sar\u00e0 una giornata piena di spettacolo: alle ore 10 presso la <strong>piazza Transalpina <\/strong>gli <strong>Sbandieratori di San Gemini<\/strong> si esibiranno con le bandiere europee insieme alla <strong>banda di Nova Gorica<\/strong>. Alle 11 esibizioni della banda di Nova Gorica e delle rappresentanze dei gruppi presso i <strong>giardini pubblici<\/strong>.<\/p>\n<p> \tClou della giornata alle ore 17.30 con la <strong>55^ Parata internazionale<\/strong> con partenza dal <strong>Parco della Rimembranza<\/strong>.\u00a0<\/p>\n<p> \tL\u2019intero programma sar\u00e0 presentato venerd\u00ec 12 Agosto alle 10.30, nel Parco del Municipio di Gorizia, alla presenza degli organizzatori e delle autorit\u00e0.<\/p>\n<p> \t\u00a0<\/p>\n","protected":false},"excerpt":{"rendered":"<p>Dal 25 al 28 agosto<\/p>\n","protected":false},"author":28,"featured_media":44361,"comment_status":"closed","ping_status":"closed","sticky":false,"template":"","format":"standard","meta":{"dwc-title":[],"dwc-content":[],"footnotes":""},"categories":[37],"tags":[],"class_list":["post-44360","post","type-post","status-publish","format-standard","has-post-thumbnail","hentry","category-cultura-e-spettacolo"],"rttpg_featured_image_url":{"full":["https:\/\/imagazine.it\/wp-content\/uploads\/2024\/01\/49155-1.webp",1200,800,false],"landscape":["https:\/\/imagazine.it\/wp-content\/uploads\/2024\/01\/49155-1.webp",1200,800,false],"portraits":["https:\/\/imagazine.it\/wp-content\/uploads\/2024\/01\/49155-1.webp",1200,800,false],"thumbnail":["https:\/\/imagazine.it\/wp-content\/uploads\/2024\/01\/49155-1-150x150.webp",150,150,true],"medium":["https:\/\/imagazine.it\/wp-content\/uploads\/2024\/01\/49155-1-300x200.webp",300,200,true],"large":["https:\/\/imagazine.it\/wp-content\/uploads\/2024\/01\/49155-1-1024x683.webp",640,427,true],"thumblist":["https:\/\/imagazine.it\/wp-content\/uploads\/2024\/01\/49155-1.webp",300,200,false],"thumbrelated":["https:\/\/imagazine.it\/wp-content\/uploads\/2024\/01\/49155-1.webp",500,333,false],"meccarouselthumb":["https:\/\/imagazine.it\/wp-content\/uploads\/2024\/01\/49155-1.webp",474,316,false],"gridsquare":["https:\/\/imagazine.it\/wp-content\/uploads\/2024\/01\/49155-1.webp",391,260,false],"tileview":["https:\/\/imagazine.it\/wp-content\/uploads\/2024\/01\/49155-1.webp",300,200,false],"1536x1536":["https:\/\/imagazine.it\/wp-content\/uploads\/2024\/01\/49155-1.webp",1200,800,false],"2048x2048":["https:\/\/imagazine.it\/wp-content\/uploads\/2024\/01\/49155-1.webp",1200,800,false],"newsup-slider-full":["https:\/\/imagazine.it\/wp-content\/uploads\/2024\/01\/49155-1-1200x720.webp",1200,720,true],"newsup-featured":["https:\/\/imagazine.it\/wp-content\/uploads\/2024\/01\/49155-1-1024x683.webp",1024,683,true],"newsup-medium":["https:\/\/imagazine.it\/wp-content\/uploads\/2024\/01\/49155-1-720x380.webp",720,380,true],"tptn_thumbnail":["https:\/\/imagazine.it\/wp-content\/uploads\/2024\/01\/49155-1.webp",250,167,false],"sow-carousel-default":["https:\/\/imagazine.it\/wp-content\/uploads\/2024\/01\/49155-1-272x182.webp",272,182,true]},"rttpg_author":{"display_name":"redazione","author_link":"https:\/\/imagazine.it\/home_desk\/author\/redazione\/"},"rttpg_comment":0,"rttpg_category":"<a href=\"https:\/\/imagazine.it\/home_desk\/category\/cultura-e-spettacolo\/\" rel=\"category tag\">CULTURA&amp;SPETTACOLO<\/a>","rttpg_excerpt":"Dal 25 al 28 agosto","_links":{"self":[{"href":"https:\/\/imagazine.it\/home_desk\/wp-json\/wp\/v2\/posts\/44360","targetHints":{"allow":["GET"]}}],"collection":[{"href":"https:\/\/imagazine.it\/home_desk\/wp-json\/wp\/v2\/posts"}],"about":[{"href":"https:\/\/imagazine.it\/home_desk\/wp-json\/wp\/v2\/types\/post"}],"author":[{"embeddable":true,"href":"https:\/\/imagazine.it\/home_desk\/wp-json\/wp\/v2\/users\/28"}],"replies":[{"embeddable":true,"href":"https:\/\/imagazine.it\/home_desk\/wp-json\/wp\/v2\/comments?post=44360"}],"version-history":[{"count":0,"href":"https:\/\/imagazine.it\/home_desk\/wp-json\/wp\/v2\/posts\/44360\/revisions"}],"wp:featuredmedia":[{"embeddable":true,"href":"https:\/\/imagazine.it\/home_desk\/wp-json\/wp\/v2\/media\/44361"}],"wp:attachment":[{"href":"https:\/\/imagazine.it\/home_desk\/wp-json\/wp\/v2\/media?parent=44360"}],"wp:term":[{"taxonomy":"category","embeddable":true,"href":"https:\/\/imagazine.it\/home_desk\/wp-json\/wp\/v2\/categories?post=44360"},{"taxonomy":"post_tag","embeddable":true,"href":"https:\/\/imagazine.it\/home_desk\/wp-json\/wp\/v2\/tags?post=44360"}],"curies":[{"name":"wp","href":"https:\/\/api.w.org\/{rel}","templated":true}]}}