{"id":44358,"date":"2022-08-08T00:00:00","date_gmt":"2022-08-07T23:00:00","guid":{"rendered":"https:\/\/imagazine.it\/?p=44358"},"modified":"2022-08-08T00:00:00","modified_gmt":"2022-08-07T23:00:00","slug":"i-calici-e-le-note-si-plasmano-in-fvg","status":"publish","type":"post","link":"https:\/\/imagazine.it\/home_desk\/i-calici-e-le-note-si-plasmano-in-fvg\/","title":{"rendered":"I calici e le note si plasmano in FVG"},"content":{"rendered":"<p> \tConcerti di musica classica nelle <strong>Citt\u00e0 del Vino del Friuli Venezia Giulia<\/strong>, tra piazze e cantine degustando i migliori vini locali.<\/p>\n<p> \tAl via con un programma lungo un mese, <strong>tra il 9 agosto e il 3 settembre<\/strong> il <strong>Festival Vini Gusti in Musica<\/strong>, che sar\u00e0 proposto in alcune delle localit\u00e0 enologiche pi\u00f9 caratteristiche del territorio, omaggiando tra l&#39;altro <strong>Duino Aurisina<\/strong> &#8220;capitale&#8221; italiana delle Citt\u00e0 del Vino per il 2022 e il centenario dalla nascita di Pier Paolo Pasolini a <strong>Casarsa della Delizia<\/strong>, passando per gli altri eventi a <strong>Palazzolo dello Stella, Aquileia, Buttrio, Manzano e Sequals<\/strong>.<\/p>\n<p> \tQuesti gli spettacoli selezionati dai direttori artistici del Festival, <strong>Paola Camponovo e Alfredo Blessano<\/strong>, abbinati a proposte enologiche e gastronomiche del territorio, tutti con orario d&#39;inizio alle 20.30 e ingresso libero.<\/p>\n<p> \tIl 9 agosto a Duino Aurisina all&#39;agriturismo La Mezzaluna in localit\u00e0 Malchina, <strong>Le Pics Ensemble<\/strong> nel Concerto Inaugurale per la Citt\u00e0 Italiana del Vino 2022 (<strong>Giulia Carlutti<\/strong> flauto, <strong>Irene Paglietti<\/strong> oboe, <strong>Hilary Sdrigotti<\/strong> clarinetto).<\/p>\n<p> \tIl 10 agosto a Palazzolo dello Stella in Cantina Modeano concerto Per una voce e un\u2019arpa (<strong>Paola Camponovo<\/strong> soprano, <strong>Jelena Engelhardt<\/strong> arpa).<\/p>\n<p> \tIl 17 agosto la prima assoluta a Casarsa della Delizia in Casa Colussi \u2013 Centro Studi Pasolini di Dedica a PPP \u2013 Quattro brevi Lieder per voce e pianoforte di <strong>Orazio Sciortino<\/strong> (<strong>Paola Camponovo<\/strong> soprano, <strong>Alfredo Blessano<\/strong> pianoforte, <strong>Serena Di Blasio<\/strong> voce recitante).<\/p>\n<p> \tIl 18 agosto ad Aquileia nelle Cantine Ca\u2019 Tullio Recital pianistico di <strong>Orazio Sciortino<\/strong>.<\/p>\n<p> \tIl 30 agosto a Buttrio nel ristoro agrituristico Tal c\u00fbr di Buri concerto Incontro d\u2019ance (<strong>Andrea Mocci<\/strong> saxofoni, <strong>Ezio Ghibaudo<\/strong> fisarmonica).<\/p>\n<p> \tIl 1\u00b0 settembre a Manzano in Piazza Chiodi concerto del <strong>Quartetto di Brescia<\/strong> (<strong>Stefano Belotti<\/strong>, <strong>Fabio De Cataldo<\/strong>, <strong>Alberto Pedretti<\/strong> e <strong>Antonio Mascherpa<\/strong> tromboni).<\/p>\n<p> \tIl 3 settembre a Sequals nella Tenuta Fernanda Cappello Recital chitarristico di <strong>Eugenio Della Chiara<\/strong>.<\/p>\n<p> \tFestival Vini Gusti in Musica \u00e8 organizzato dall&#39;omonima associazione insieme al Coordinamento regionale delle Citt\u00e0 del Vino del Friuli Venezia Giulia e gode del sostegno di BancaTer, PromoturismoFVG \u2013 Io sono Friuli Venezia Giulia e Strada Vino e Sapori del Friuli Venezia Giulia. Le rassegne rientrano nel programma nazionale di Duino Aurisina \u2013 Devin Nabre\u017eina Citt\u00e0 italiana del Vino. Collaborano a Festival Vini Gusti in Musica il Centro studi Pier Paolo Pasolini di Casarsa della Delizia, la Pro Loco Casarsa della Delizia, la Pro Loco Mitreo Duino Aurisina, la Pro Loco Buri Buttrio.<\/p>\n<p> \t\u00a0<\/p>\n","protected":false},"excerpt":{"rendered":"<p>Festival Vini Gusti in Musica<\/p>\n","protected":false},"author":28,"featured_media":44359,"comment_status":"closed","ping_status":"closed","sticky":false,"template":"","format":"standard","meta":{"dwc-title":[],"dwc-content":[],"footnotes":""},"categories":[37],"tags":[],"class_list":["post-44358","post","type-post","status-publish","format-standard","has-post-thumbnail","hentry","category-cultura-e-spettacolo"],"rttpg_featured_image_url":{"full":["https:\/\/imagazine.it\/wp-content\/uploads\/2024\/01\/49150-1.webp",1000,744,false],"landscape":["https:\/\/imagazine.it\/wp-content\/uploads\/2024\/01\/49150-1.webp",1000,744,false],"portraits":["https:\/\/imagazine.it\/wp-content\/uploads\/2024\/01\/49150-1.webp",1000,744,false],"thumbnail":["https:\/\/imagazine.it\/wp-content\/uploads\/2024\/01\/49150-1-150x150.webp",150,150,true],"medium":["https:\/\/imagazine.it\/wp-content\/uploads\/2024\/01\/49150-1-300x223.webp",300,223,true],"large":["https:\/\/imagazine.it\/wp-content\/uploads\/2024\/01\/49150-1.webp",640,476,false],"thumblist":["https:\/\/imagazine.it\/wp-content\/uploads\/2024\/01\/49150-1.webp",300,223,false],"thumbrelated":["https:\/\/imagazine.it\/wp-content\/uploads\/2024\/01\/49150-1.webp",500,372,false],"meccarouselthumb":["https:\/\/imagazine.it\/wp-content\/uploads\/2024\/01\/49150-1.webp",435,324,false],"gridsquare":["https:\/\/imagazine.it\/wp-content\/uploads\/2024\/01\/49150-1.webp",349,260,false],"tileview":["https:\/\/imagazine.it\/wp-content\/uploads\/2024\/01\/49150-1.webp",300,223,false],"1536x1536":["https:\/\/imagazine.it\/wp-content\/uploads\/2024\/01\/49150-1.webp",1000,744,false],"2048x2048":["https:\/\/imagazine.it\/wp-content\/uploads\/2024\/01\/49150-1.webp",1000,744,false],"newsup-slider-full":["https:\/\/imagazine.it\/wp-content\/uploads\/2024\/01\/49150-1-1000x720.webp",1000,720,true],"newsup-featured":["https:\/\/imagazine.it\/wp-content\/uploads\/2024\/01\/49150-1.webp",1000,744,false],"newsup-medium":["https:\/\/imagazine.it\/wp-content\/uploads\/2024\/01\/49150-1-720x380.webp",720,380,true],"tptn_thumbnail":["https:\/\/imagazine.it\/wp-content\/uploads\/2024\/01\/49150-1.webp",250,186,false],"sow-carousel-default":["https:\/\/imagazine.it\/wp-content\/uploads\/2024\/01\/49150-1-272x182.webp",272,182,true]},"rttpg_author":{"display_name":"redazione","author_link":"https:\/\/imagazine.it\/home_desk\/author\/redazione\/"},"rttpg_comment":0,"rttpg_category":"<a href=\"https:\/\/imagazine.it\/home_desk\/category\/cultura-e-spettacolo\/\" rel=\"category tag\">CULTURA&amp;SPETTACOLO<\/a>","rttpg_excerpt":"Festival Vini Gusti in Musica","_links":{"self":[{"href":"https:\/\/imagazine.it\/home_desk\/wp-json\/wp\/v2\/posts\/44358","targetHints":{"allow":["GET"]}}],"collection":[{"href":"https:\/\/imagazine.it\/home_desk\/wp-json\/wp\/v2\/posts"}],"about":[{"href":"https:\/\/imagazine.it\/home_desk\/wp-json\/wp\/v2\/types\/post"}],"author":[{"embeddable":true,"href":"https:\/\/imagazine.it\/home_desk\/wp-json\/wp\/v2\/users\/28"}],"replies":[{"embeddable":true,"href":"https:\/\/imagazine.it\/home_desk\/wp-json\/wp\/v2\/comments?post=44358"}],"version-history":[{"count":0,"href":"https:\/\/imagazine.it\/home_desk\/wp-json\/wp\/v2\/posts\/44358\/revisions"}],"wp:featuredmedia":[{"embeddable":true,"href":"https:\/\/imagazine.it\/home_desk\/wp-json\/wp\/v2\/media\/44359"}],"wp:attachment":[{"href":"https:\/\/imagazine.it\/home_desk\/wp-json\/wp\/v2\/media?parent=44358"}],"wp:term":[{"taxonomy":"category","embeddable":true,"href":"https:\/\/imagazine.it\/home_desk\/wp-json\/wp\/v2\/categories?post=44358"},{"taxonomy":"post_tag","embeddable":true,"href":"https:\/\/imagazine.it\/home_desk\/wp-json\/wp\/v2\/tags?post=44358"}],"curies":[{"name":"wp","href":"https:\/\/api.w.org\/{rel}","templated":true}]}}