{"id":44354,"date":"2022-08-08T00:00:00","date_gmt":"2022-08-07T23:00:00","guid":{"rendered":"https:\/\/imagazine.it\/?p=44354"},"modified":"2022-08-08T00:00:00","modified_gmt":"2022-08-07T23:00:00","slug":"monfalcone-il-palazzo-municipale-diventa-galleria-darte","status":"publish","type":"post","link":"https:\/\/imagazine.it\/home_desk\/monfalcone-il-palazzo-municipale-diventa-galleria-darte\/","title":{"rendered":"Monfalcone, il Palazzo Municipale diventa galleria d\u2019arte"},"content":{"rendered":"<p> \tIl <strong>Palazzo municipale di Monfalcone<\/strong> diventa galleria d\u2019arte e accoglie le opere di alcuni importanti artisti locali.<\/p>\n<p> \tL\u2019amministrazione comunale ha individuato questa sede quale la pi\u00f9 rappresentativa per dare luce ai quadri donati al Comune di Monfalcone il Municipio diventa luogo dove potr\u00e0 essere accolto, conservato e tramandato il patrimonio culturale di autori locali di importante storicit\u00e0 artistica, che con la loro arte permettono di conservare e tramandare, ma anche mettere a disposizione della collettivit\u00e0, opere che altrimenti sarebbero appannaggio di pochi.<\/p>\n<p> \tL&#39;opera pittorica<strong> &#8220;<em>Restrected Freedom<\/em>&#8221; di Raiquen Arduini<\/strong> \u00e8 un olio su tela dedicato alle condizioni di privazione della socialit\u00e0 nei bambini durante la pandemia, tema che l\u2019artista \u2013 operatrice sanitaria \u2013 ha conosciuto da vicino e che aveva presentato anche alla sua personale &#8220;<em>I colori di Panzano al tempo del Covid<\/em>&#8221; del 2020; <strong>\u00a0\u201c<em>Via Sant\u2019Ambrogio<\/em>\u201d <\/strong>di<strong> Giovanni Marchese<\/strong> \u00e8 stato donato dai figli Elisabetta, Luigina e Mile e ritrae la via Sant&#39;Ambrogio ai primi del &#39;900, prima che con la Grande Guerra andasse distrutto il primo campanile; <strong>\u201c<em>Stemma araldico della Citt\u00e0 di Monfalcone<\/em>\u201d<\/strong> (2022) di <strong>Adriano Boscarol<\/strong> \u00e8 una composizione in legno naturale 3D raffigurante il gonfalone della Citt\u00e0 di Monfalcone.<\/p>\n<p> \t<strong>\u201c<em>Le catene del tempo<\/em>&#8221; <\/strong>di <strong>Fulvio Dot<\/strong> (2014) \u2013 esposta nel 2015 alla Galleria &#8220;Vent des Cimes&#8221; a Grenoble e nel 2017 alla Galleria &#8220;Artsenal&#8221; a Malaga \u2013 vuole ricordare il legame tra Monfalcone e la Repubblica di Venezia, le cui impronte sono visibili anche nell&#39;architettura cittadina; rappresenta la fortezza monfalconese in diverse colorazioni l\u2019opera di <strong>Cristiano Leban<\/strong>, <strong>&#8220;<em>La nostra Rocca<\/em>&#8221; <\/strong>(2022), litografia su tela realizzata con tecnica mista. \u00c8 di ispirazione \u201cNeoiconica\u201d il quadro \u2013 olio su tela \u2013<strong> &#8220;<em>Reportage di un incontro<\/em>&#8220;<\/strong> (2000) di <strong>Diego Valentinuzzi<\/strong>; l\u2019olio su tela <strong>\u201c<em>Jeans<\/em>\u201d<\/strong> (2015) e l\u2019olio su tavola <strong>\u201c<em>Nemesi<\/em>\u201d<\/strong> (2009) sono i dipinti firmati dall\u2019artista contemporaneo <strong>Aldo Bressanutti<\/strong>.<\/p>\n<p> \tIn stile <em>capriccio<\/em>, l\u2019opera donata dalle signore <strong>Patrizia e Michela Boato<\/strong> \u00e8 firmata Pascoli e raffigura i pi\u00f9 antichi e significativi edifici storici di Monfalcone, accostati in modo originale e naif.<\/p>\n<p> \tI quadri \u2013 selezionati con l&#39;ausilio di una commissione di esperti \u2013 sono esposti al primo piano del Palazzo Municipale di piazza della Repubblica, in un percorso che, partendo dalla valorizzazione della cultura in generale, volge un occhio di riguardo alla tradizione e alla storia del territorio, per raccontare la sensibilit\u00e0 espressiva di artisti locali che si sono particolarmente distinti in ambito nazionale e internazionale.<\/p>\n<p> \t\u00a0<\/p>\n","protected":false},"excerpt":{"rendered":"<p>Esposte le opere di artisti locali<\/p>\n","protected":false},"author":28,"featured_media":44355,"comment_status":"closed","ping_status":"closed","sticky":false,"template":"","format":"standard","meta":{"dwc-title":[],"dwc-content":[],"footnotes":""},"categories":[37],"tags":[],"class_list":["post-44354","post","type-post","status-publish","format-standard","has-post-thumbnail","hentry","category-cultura-e-spettacolo"],"rttpg_featured_image_url":{"full":["https:\/\/imagazine.it\/wp-content\/uploads\/2024\/01\/49142-1.webp",1280,804,false],"landscape":["https:\/\/imagazine.it\/wp-content\/uploads\/2024\/01\/49142-1.webp",1280,804,false],"portraits":["https:\/\/imagazine.it\/wp-content\/uploads\/2024\/01\/49142-1.webp",1280,804,false],"thumbnail":["https:\/\/imagazine.it\/wp-content\/uploads\/2024\/01\/49142-1-150x150.webp",150,150,true],"medium":["https:\/\/imagazine.it\/wp-content\/uploads\/2024\/01\/49142-1-300x188.webp",300,188,true],"large":["https:\/\/imagazine.it\/wp-content\/uploads\/2024\/01\/49142-1-1024x643.webp",640,402,true],"thumblist":["https:\/\/imagazine.it\/wp-content\/uploads\/2024\/01\/49142-1.webp",300,188,false],"thumbrelated":["https:\/\/imagazine.it\/wp-content\/uploads\/2024\/01\/49142-1.webp",500,314,false],"meccarouselthumb":["https:\/\/imagazine.it\/wp-content\/uploads\/2024\/01\/49142-1.webp",474,298,false],"gridsquare":["https:\/\/imagazine.it\/wp-content\/uploads\/2024\/01\/49142-1.webp",391,246,false],"tileview":["https:\/\/imagazine.it\/wp-content\/uploads\/2024\/01\/49142-1.webp",300,188,false],"1536x1536":["https:\/\/imagazine.it\/wp-content\/uploads\/2024\/01\/49142-1.webp",1280,804,false],"2048x2048":["https:\/\/imagazine.it\/wp-content\/uploads\/2024\/01\/49142-1.webp",1280,804,false],"newsup-slider-full":["https:\/\/imagazine.it\/wp-content\/uploads\/2024\/01\/49142-1-1280x720.webp",1280,720,true],"newsup-featured":["https:\/\/imagazine.it\/wp-content\/uploads\/2024\/01\/49142-1-1024x643.webp",1024,643,true],"newsup-medium":["https:\/\/imagazine.it\/wp-content\/uploads\/2024\/01\/49142-1-720x380.webp",720,380,true],"tptn_thumbnail":["https:\/\/imagazine.it\/wp-content\/uploads\/2024\/01\/49142-1.webp",250,157,false],"sow-carousel-default":["https:\/\/imagazine.it\/wp-content\/uploads\/2024\/01\/49142-1-272x182.webp",272,182,true]},"rttpg_author":{"display_name":"redazione","author_link":"https:\/\/imagazine.it\/home_desk\/author\/redazione\/"},"rttpg_comment":0,"rttpg_category":"<a href=\"https:\/\/imagazine.it\/home_desk\/category\/cultura-e-spettacolo\/\" rel=\"category tag\">CULTURA&amp;SPETTACOLO<\/a>","rttpg_excerpt":"Esposte le opere di artisti locali","_links":{"self":[{"href":"https:\/\/imagazine.it\/home_desk\/wp-json\/wp\/v2\/posts\/44354","targetHints":{"allow":["GET"]}}],"collection":[{"href":"https:\/\/imagazine.it\/home_desk\/wp-json\/wp\/v2\/posts"}],"about":[{"href":"https:\/\/imagazine.it\/home_desk\/wp-json\/wp\/v2\/types\/post"}],"author":[{"embeddable":true,"href":"https:\/\/imagazine.it\/home_desk\/wp-json\/wp\/v2\/users\/28"}],"replies":[{"embeddable":true,"href":"https:\/\/imagazine.it\/home_desk\/wp-json\/wp\/v2\/comments?post=44354"}],"version-history":[{"count":0,"href":"https:\/\/imagazine.it\/home_desk\/wp-json\/wp\/v2\/posts\/44354\/revisions"}],"wp:featuredmedia":[{"embeddable":true,"href":"https:\/\/imagazine.it\/home_desk\/wp-json\/wp\/v2\/media\/44355"}],"wp:attachment":[{"href":"https:\/\/imagazine.it\/home_desk\/wp-json\/wp\/v2\/media?parent=44354"}],"wp:term":[{"taxonomy":"category","embeddable":true,"href":"https:\/\/imagazine.it\/home_desk\/wp-json\/wp\/v2\/categories?post=44354"},{"taxonomy":"post_tag","embeddable":true,"href":"https:\/\/imagazine.it\/home_desk\/wp-json\/wp\/v2\/tags?post=44354"}],"curies":[{"name":"wp","href":"https:\/\/api.w.org\/{rel}","templated":true}]}}