{"id":44334,"date":"2022-08-04T00:00:00","date_gmt":"2022-08-03T23:00:00","guid":{"rendered":"https:\/\/imagazine.it\/?p=44334"},"modified":"2022-08-04T00:00:00","modified_gmt":"2022-08-03T23:00:00","slug":"monfalcone-musei-aperti-a-ferragosto","status":"publish","type":"post","link":"https:\/\/imagazine.it\/home_desk\/monfalcone-musei-aperti-a-ferragosto\/","title":{"rendered":"Monfalcone, musei aperti a Ferragosto"},"content":{"rendered":"<p> \tAperti anche ad agosto, a <strong>Monfalcone<\/strong> il <strong>MuCa<\/strong> e la <strong>Galleria Comunale<\/strong> propongono mostre e approfondimenti culturali.<\/p>\n<p> \tProprio il giorno di <strong>Ferragosto <\/strong>la<strong> Galleria Comunale d\u2019Arte Contemporanea<\/strong> consentir\u00e0 di visitare <u><a href=\"http:\/\/www.imagazine.it\/eventi\/41260\" target=\"_blank\" rel=\"noopener\"><span style=\"color:#0000cd;\">la mostra <strong><em>Crali aeropittore, sempre futurista<\/em><\/strong>, che ospita fino al 25 settembre<\/span><\/a><\/u>: in esposizione oltre ottanta opere dell\u2019artista, aeropitture e altri dipinti a soggetto futurista uniti a bassorilievi, polimaterici e grafiche, scelti dallo stesso Tullio Crali come sintesi della sua produzione artistica.<\/p>\n<p> \tAnche il<strong> MuCa &#8211; Museo della Cantieristica di Monfalcone <\/strong>resta aperto in agosto con il consueto orario: luned\u00ec, venerd\u00ec, sabato e domenica dalle 10 alle 19. <strong>Apertura anche il giorno di Ferragosto, dalle 10 alle 19.<\/strong><\/p>\n<p> \tFino al 18 settembre il Museo ospita la mostra <strong><em>Pier Paolo Pasolini e l\u2019Adriatico: si sta costruendo la prima nave del mondo<\/em><\/strong>, realizzata nell&#39;ambito del progetto <em>Pasolini, il viaggio magico nell\u2019Adriatico fra immagini, cinema, arte e letteratura<\/em>, promosso dal Comune di Monfalcone e realizzato in collaborazione con i comuni di Aquileia, Grado, Duino Aurisina e Muggia, finanziato dalla Regione Friuli Venezia Giulia.<\/p>\n<p> \tPer informazioni e prenotazioni: <a href=\"mailto:info@mucamonfalcone.it\">info@mucamonfalcone.it<\/a> o 0481-494901.<\/p>\n<p> \tContinuano ad agosto anche le <strong><em>Passeggiate d\u2019estate<\/em><\/strong>, le passeggiate culturali al Villaggio Operaio di Panzano \u2013 prossime date il 12 e 26 agosto alle\u00a019 \u2013 e le Visite guidate al Museo della Cantieristica e al Cantiere Navale \u2013 prossima data il 27 agosto alle 10 e alle 11.<\/p>\n<p> \tPer informazioni e prenotazioni: <a href=\"mailto:urp@comune.monfalcone.go.it\">urp@comune.monfalcone.go.it<\/a> o 0481-494280.<\/p>\n<p> \tPer andare incontro alle esigenze di lettori e studenti <strong>aperta per tutto il periodo estivo anche la Biblioteca Comunale<\/strong>, con tante proposte per la lettura e spazi per lo studio.\u00a0 Anche nel mese di agosto, la Biblioteca \u00e8 aperta dalle 9 alle 20 con orario continuato da luned\u00ec a venerd\u00ec e dalle 9 alle 13 il sabato. Chiusa luned\u00ec 15 agosto.<\/p>\n<p> \t\u00a0<\/p>\n","protected":false},"excerpt":{"rendered":"<p>Dal MuCa alla Galleria Comunale<\/p>\n","protected":false},"author":28,"featured_media":44335,"comment_status":"closed","ping_status":"closed","sticky":false,"template":"","format":"standard","meta":{"dwc-title":[],"dwc-content":[],"footnotes":""},"categories":[37],"tags":[],"class_list":["post-44334","post","type-post","status-publish","format-standard","has-post-thumbnail","hentry","category-cultura-e-spettacolo"],"rttpg_featured_image_url":{"full":["https:\/\/imagazine.it\/wp-content\/uploads\/2024\/01\/49110-1.webp",1000,715,false],"landscape":["https:\/\/imagazine.it\/wp-content\/uploads\/2024\/01\/49110-1.webp",1000,715,false],"portraits":["https:\/\/imagazine.it\/wp-content\/uploads\/2024\/01\/49110-1.webp",1000,715,false],"thumbnail":["https:\/\/imagazine.it\/wp-content\/uploads\/2024\/01\/49110-1-150x150.webp",150,150,true],"medium":["https:\/\/imagazine.it\/wp-content\/uploads\/2024\/01\/49110-1-300x215.webp",300,215,true],"large":["https:\/\/imagazine.it\/wp-content\/uploads\/2024\/01\/49110-1.webp",640,458,false],"thumblist":["https:\/\/imagazine.it\/wp-content\/uploads\/2024\/01\/49110-1.webp",300,215,false],"thumbrelated":["https:\/\/imagazine.it\/wp-content\/uploads\/2024\/01\/49110-1.webp",500,358,false],"meccarouselthumb":["https:\/\/imagazine.it\/wp-content\/uploads\/2024\/01\/49110-1.webp",453,324,false],"gridsquare":["https:\/\/imagazine.it\/wp-content\/uploads\/2024\/01\/49110-1.webp",364,260,false],"tileview":["https:\/\/imagazine.it\/wp-content\/uploads\/2024\/01\/49110-1.webp",300,215,false],"1536x1536":["https:\/\/imagazine.it\/wp-content\/uploads\/2024\/01\/49110-1.webp",1000,715,false],"2048x2048":["https:\/\/imagazine.it\/wp-content\/uploads\/2024\/01\/49110-1.webp",1000,715,false],"newsup-slider-full":["https:\/\/imagazine.it\/wp-content\/uploads\/2024\/01\/49110-1.webp",1000,715,false],"newsup-featured":["https:\/\/imagazine.it\/wp-content\/uploads\/2024\/01\/49110-1.webp",1000,715,false],"newsup-medium":["https:\/\/imagazine.it\/wp-content\/uploads\/2024\/01\/49110-1-720x380.webp",720,380,true],"tptn_thumbnail":["https:\/\/imagazine.it\/wp-content\/uploads\/2024\/01\/49110-1.webp",250,179,false],"sow-carousel-default":["https:\/\/imagazine.it\/wp-content\/uploads\/2024\/01\/49110-1-272x182.webp",272,182,true]},"rttpg_author":{"display_name":"redazione","author_link":"https:\/\/imagazine.it\/home_desk\/author\/redazione\/"},"rttpg_comment":0,"rttpg_category":"<a href=\"https:\/\/imagazine.it\/home_desk\/category\/cultura-e-spettacolo\/\" rel=\"category tag\">CULTURA&amp;SPETTACOLO<\/a>","rttpg_excerpt":"Dal MuCa alla Galleria Comunale","_links":{"self":[{"href":"https:\/\/imagazine.it\/home_desk\/wp-json\/wp\/v2\/posts\/44334","targetHints":{"allow":["GET"]}}],"collection":[{"href":"https:\/\/imagazine.it\/home_desk\/wp-json\/wp\/v2\/posts"}],"about":[{"href":"https:\/\/imagazine.it\/home_desk\/wp-json\/wp\/v2\/types\/post"}],"author":[{"embeddable":true,"href":"https:\/\/imagazine.it\/home_desk\/wp-json\/wp\/v2\/users\/28"}],"replies":[{"embeddable":true,"href":"https:\/\/imagazine.it\/home_desk\/wp-json\/wp\/v2\/comments?post=44334"}],"version-history":[{"count":0,"href":"https:\/\/imagazine.it\/home_desk\/wp-json\/wp\/v2\/posts\/44334\/revisions"}],"wp:featuredmedia":[{"embeddable":true,"href":"https:\/\/imagazine.it\/home_desk\/wp-json\/wp\/v2\/media\/44335"}],"wp:attachment":[{"href":"https:\/\/imagazine.it\/home_desk\/wp-json\/wp\/v2\/media?parent=44334"}],"wp:term":[{"taxonomy":"category","embeddable":true,"href":"https:\/\/imagazine.it\/home_desk\/wp-json\/wp\/v2\/categories?post=44334"},{"taxonomy":"post_tag","embeddable":true,"href":"https:\/\/imagazine.it\/home_desk\/wp-json\/wp\/v2\/tags?post=44334"}],"curies":[{"name":"wp","href":"https:\/\/api.w.org\/{rel}","templated":true}]}}