{"id":44309,"date":"2022-07-30T00:00:00","date_gmt":"2022-07-29T23:00:00","guid":{"rendered":"https:\/\/imagazine.it\/?p=44309"},"modified":"2022-07-30T00:00:00","modified_gmt":"2022-07-29T23:00:00","slug":"aiello-donazione-collettiva-di-sangue-prima-delle-vacanze","status":"publish","type":"post","link":"https:\/\/imagazine.it\/home_desk\/aiello-donazione-collettiva-di-sangue-prima-delle-vacanze\/","title":{"rendered":"Aiello, donazione collettiva di sangue prima delle vacanze"},"content":{"rendered":"<p> \tA qualche giorno dall\u2019inizio delle ferie, c\u2019\u00e8 chi ha pensato alla solidariet\u00e0 per chi \u00e8 in ospedale e magari aspetta anche una semplice, ma importante, sacca di sangue.<\/p>\n<p> \tLe sezioni <strong>A.F.D.S<\/strong> (Associazione Friulana Donatori di Sangue) di <strong>Aiello del Friuli<\/strong>, <strong>San Vito al Torre<\/strong> e <strong>Campolongo Tapogliano<\/strong>, grazie alla collaborazione avviata in questi anni, hanno organizzato una donazione collettiva, con l&#39;autoemoteca giunta presso il parcheggio della gelateria bar \u201cSoraia\u201d via Marconi ad Aiello del Friuli. Sono state 25 le donazioni, sette di plasma e diciotto di sangue intero, eseguite dallo staff del <strong>dottor Bonini<\/strong>, coadiuvato da due infermieri.<\/p>\n<p> \tUn buon riscontro con le tre comunit\u00e0 che hanno fornito un grande segnale di altruismo e di partecipazione verso chi dovr\u00e0 rimanere ricoverato negli ospedali.<\/p>\n<p> \t\u00a0<\/p>\n","protected":false},"excerpt":{"rendered":"<p>Adesione di 25 persone<\/p>\n","protected":false},"author":22,"featured_media":44310,"comment_status":"closed","ping_status":"closed","sticky":false,"template":"","format":"standard","meta":{"dwc-title":[],"dwc-content":[],"footnotes":""},"categories":[5],"tags":[],"class_list":["post-44309","post","type-post","status-publish","format-standard","has-post-thumbnail","hentry","category-attualita"],"rttpg_featured_image_url":{"full":["https:\/\/imagazine.it\/wp-content\/uploads\/2024\/01\/49070-1.webp",1000,665,false],"landscape":["https:\/\/imagazine.it\/wp-content\/uploads\/2024\/01\/49070-1.webp",1000,665,false],"portraits":["https:\/\/imagazine.it\/wp-content\/uploads\/2024\/01\/49070-1.webp",1000,665,false],"thumbnail":["https:\/\/imagazine.it\/wp-content\/uploads\/2024\/01\/49070-1-150x150.webp",150,150,true],"medium":["https:\/\/imagazine.it\/wp-content\/uploads\/2024\/01\/49070-1-300x200.webp",300,200,true],"large":["https:\/\/imagazine.it\/wp-content\/uploads\/2024\/01\/49070-1.webp",640,426,false],"thumblist":["https:\/\/imagazine.it\/wp-content\/uploads\/2024\/01\/49070-1.webp",300,200,false],"thumbrelated":["https:\/\/imagazine.it\/wp-content\/uploads\/2024\/01\/49070-1.webp",500,333,false],"meccarouselthumb":["https:\/\/imagazine.it\/wp-content\/uploads\/2024\/01\/49070-1.webp",474,315,false],"gridsquare":["https:\/\/imagazine.it\/wp-content\/uploads\/2024\/01\/49070-1.webp",391,260,false],"tileview":["https:\/\/imagazine.it\/wp-content\/uploads\/2024\/01\/49070-1.webp",300,200,false],"1536x1536":["https:\/\/imagazine.it\/wp-content\/uploads\/2024\/01\/49070-1.webp",1000,665,false],"2048x2048":["https:\/\/imagazine.it\/wp-content\/uploads\/2024\/01\/49070-1.webp",1000,665,false],"newsup-slider-full":["https:\/\/imagazine.it\/wp-content\/uploads\/2024\/01\/49070-1.webp",1000,665,false],"newsup-featured":["https:\/\/imagazine.it\/wp-content\/uploads\/2024\/01\/49070-1.webp",1000,665,false],"newsup-medium":["https:\/\/imagazine.it\/wp-content\/uploads\/2024\/01\/49070-1-720x380.webp",720,380,true],"tptn_thumbnail":["https:\/\/imagazine.it\/wp-content\/uploads\/2024\/01\/49070-1.webp",250,166,false],"sow-carousel-default":["https:\/\/imagazine.it\/wp-content\/uploads\/2024\/01\/49070-1-272x182.webp",272,182,true]},"rttpg_author":{"display_name":"Livio Nonis","author_link":"https:\/\/imagazine.it\/home_desk\/author\/nonis\/"},"rttpg_comment":0,"rttpg_category":"<a href=\"https:\/\/imagazine.it\/home_desk\/category\/attualita\/\" rel=\"category tag\">ATTUALIT\u00c0<\/a>","rttpg_excerpt":"Adesione di 25 persone","_links":{"self":[{"href":"https:\/\/imagazine.it\/home_desk\/wp-json\/wp\/v2\/posts\/44309","targetHints":{"allow":["GET"]}}],"collection":[{"href":"https:\/\/imagazine.it\/home_desk\/wp-json\/wp\/v2\/posts"}],"about":[{"href":"https:\/\/imagazine.it\/home_desk\/wp-json\/wp\/v2\/types\/post"}],"author":[{"embeddable":true,"href":"https:\/\/imagazine.it\/home_desk\/wp-json\/wp\/v2\/users\/22"}],"replies":[{"embeddable":true,"href":"https:\/\/imagazine.it\/home_desk\/wp-json\/wp\/v2\/comments?post=44309"}],"version-history":[{"count":0,"href":"https:\/\/imagazine.it\/home_desk\/wp-json\/wp\/v2\/posts\/44309\/revisions"}],"wp:featuredmedia":[{"embeddable":true,"href":"https:\/\/imagazine.it\/home_desk\/wp-json\/wp\/v2\/media\/44310"}],"wp:attachment":[{"href":"https:\/\/imagazine.it\/home_desk\/wp-json\/wp\/v2\/media?parent=44309"}],"wp:term":[{"taxonomy":"category","embeddable":true,"href":"https:\/\/imagazine.it\/home_desk\/wp-json\/wp\/v2\/categories?post=44309"},{"taxonomy":"post_tag","embeddable":true,"href":"https:\/\/imagazine.it\/home_desk\/wp-json\/wp\/v2\/tags?post=44309"}],"curies":[{"name":"wp","href":"https:\/\/api.w.org\/{rel}","templated":true}]}}