{"id":44305,"date":"2022-08-01T00:00:00","date_gmt":"2022-07-31T23:00:00","guid":{"rendered":"https:\/\/imagazine.it\/?p=44305"},"modified":"2022-08-01T00:00:00","modified_gmt":"2022-07-31T23:00:00","slug":"vela-monfalcone-ospitera-il-campionato-italiano-assoluto-daltura","status":"publish","type":"post","link":"https:\/\/imagazine.it\/home_desk\/vela-monfalcone-ospitera-il-campionato-italiano-assoluto-daltura\/","title":{"rendered":"Vela, Monfalcone ospiter\u00e0 il Campionato italiano assoluto d&#8217;Altura"},"content":{"rendered":"<p> \t<strong>Monfalcone<\/strong> ospiter\u00e0 il <strong>Campionato italiano assoluto d&#39;Altura 2022<\/strong>: la regata velica che dar\u00e0 il via a tutti i migliori sailing team nazionali e si concluder\u00e0 con l&#39;assegnazione dei titoli tricolori della Federazione Italiana Vela e dell&#39;UVAI.<\/p>\n<p> \tL\u2019evento, organizzato dall&#39;<strong>Associazione<\/strong> <strong>sportiva Yacht Club Monfalcone<\/strong> in co-organizzazione con il Comune di Monfalcone, coinvolgendo Marina Monfalcone srl, Federazione Italiana Vela FIV, UVAI Unione Vela Altura Italiana, Coni Nazionale e Regionale, Regione FVG, Promoturismo FVG, CCIA della Venezia Giulia quali soggetti partner, si svolger\u00e0 <strong>dal 23 al 28 agosto 2022<\/strong>.<\/p>\n<p> \t\u201cSiamo particolarmente felici di annunciare che, dopo soli cinque anni, il Campionato italiano assoluto d\u2019Altura ritorni a Monfalcone, a dimostrazione del fatto che la nostra citt\u00e0 viene scelta per le condizioni meteo e territoriali perfette per gli sport del mare. Uno degli eventi velici pi\u00f9 importanti del panorama agonistico 2022 in Italia &#8211; che \u00e8 gi\u00e0 stato positivamente co-organizzato da questa Amministrazione nel 2017, ottenendo il primato assoluto nel numero di partecipanti registrando la presenza di 80 equipaggi e pi\u00f9 di 750 persone coinvolte &#8211; rappresenta un\u2019importante occasione per la promozione di Monfalcone, del suo territorio e dell&#39;economia del mare\u201d, afferma il sindaco <strong>Anna Maria Cisint<\/strong>.<\/p>\n<p> \t\u00a0\u201cAbbiamo accolto con entusiasmo la proposta di contribuire all\u2019organizzazione del Campionato assoluto d\u2019Altura pervenuta dall&#39;Associazione Yacht Club ASD perch\u00e8 rappresenta un\u2019importante opportunit\u00e0 per promuovere lo sport, che abbiamo intenzione di valorizzare in tutte le sue discipline. Sapere che un evento di tale caratura ritorni a Monfalcone e contribuisca a promuovere il nome della nostra citt\u00e0 a livello nazionale, e non solo, costituisce per noi motivo di grande orgoglio\u201d, aggiunge l\u2019assessore alle Attivit\u00e0 sportive e vita sana, <strong>Fabio Banello<\/strong>.\u00a0\u00a0\u00a0<\/p>\n<p> \tLe regate solcheranno le acque dei golfi di Panzano e di Trieste e si svolgeranno su percorsi tecnici a bastone. Inoltre, questa edizione sar\u00e0 caratterizzata da un forte approccio alla sostenibilit\u00e0 e alla ricerca di nuovi sistemi ecologici a salvaguardia dell&#39;ambiente.<\/p>\n<p> \tOltre a essere una manifestazione diretta alla promozione della pratica sportiva e dei valori legati allo sport, \u00e8 contestualmente prevista l\u2019organizzazione, in collaborazione con la Strada del Vino e dei\u00a0 Sapori, Promoturismo FVG e il brand IosonoFriuliVeneziaGiulia, di mini tour culturali presso il\u00a0 Museo della Cantieristica di Monfalcone, conferenze con la partecipazione di esperti di fama internazionale, spettacoli di intrattenimento e l&#39;allestimento di stand enogastronomici con degustazioni e presentazioni dei prodotti\u00a0 tipici locali.<\/p>\n<p> \tPer la realizzazione della manifestazione l&#39;associazione organizzatrice ha previsto il coinvolgimento delle strutture ricettive regionali, sottoscrivendo convenzioni con alcune strutture alberghiere presenti a Monfalcone e delle principali aziende regionali del settore: velerie, corderie, Shipyard Monfalcone e Marina Monfalcone srl.<\/p>\n<p> \tLa regata verr\u00e0 ripresa con droni e telecamere per la diffusione in rete e in diretta su maxischermo collocato presso il Villaggio del campionato, che sar\u00e0 realizzato presso la sede dell\u2019Associazione Yacht Club di Via Bagni Nuova, utilizzando diverse tensostrutture.<\/p>\n<p> \tPer la co-organizzazione dell\u2019evento il Comune di Monfalcone ha erogato all\u2019associazione un contributo di 10.000 euro.<\/p>\n<p> \t\u00a0<\/p>\n","protected":false},"excerpt":{"rendered":"<p>Dal 23 al 28 agosto<\/p>\n","protected":false},"author":28,"featured_media":44306,"comment_status":"closed","ping_status":"closed","sticky":false,"template":"","format":"standard","meta":{"dwc-title":[],"dwc-content":[],"footnotes":""},"categories":[38],"tags":[],"class_list":["post-44305","post","type-post","status-publish","format-standard","has-post-thumbnail","hentry","category-sport"],"rttpg_featured_image_url":{"full":["https:\/\/imagazine.it\/wp-content\/uploads\/2024\/01\/49067-1.webp",1280,853,false],"landscape":["https:\/\/imagazine.it\/wp-content\/uploads\/2024\/01\/49067-1.webp",1280,853,false],"portraits":["https:\/\/imagazine.it\/wp-content\/uploads\/2024\/01\/49067-1.webp",1280,853,false],"thumbnail":["https:\/\/imagazine.it\/wp-content\/uploads\/2024\/01\/49067-1-150x150.webp",150,150,true],"medium":["https:\/\/imagazine.it\/wp-content\/uploads\/2024\/01\/49067-1-300x200.webp",300,200,true],"large":["https:\/\/imagazine.it\/wp-content\/uploads\/2024\/01\/49067-1-1024x682.webp",640,426,true],"thumblist":["https:\/\/imagazine.it\/wp-content\/uploads\/2024\/01\/49067-1.webp",300,200,false],"thumbrelated":["https:\/\/imagazine.it\/wp-content\/uploads\/2024\/01\/49067-1.webp",500,333,false],"meccarouselthumb":["https:\/\/imagazine.it\/wp-content\/uploads\/2024\/01\/49067-1.webp",474,316,false],"gridsquare":["https:\/\/imagazine.it\/wp-content\/uploads\/2024\/01\/49067-1.webp",391,260,false],"tileview":["https:\/\/imagazine.it\/wp-content\/uploads\/2024\/01\/49067-1.webp",300,200,false],"1536x1536":["https:\/\/imagazine.it\/wp-content\/uploads\/2024\/01\/49067-1.webp",1280,853,false],"2048x2048":["https:\/\/imagazine.it\/wp-content\/uploads\/2024\/01\/49067-1.webp",1280,853,false],"newsup-slider-full":["https:\/\/imagazine.it\/wp-content\/uploads\/2024\/01\/49067-1-1280x720.webp",1280,720,true],"newsup-featured":["https:\/\/imagazine.it\/wp-content\/uploads\/2024\/01\/49067-1-1024x682.webp",1024,682,true],"newsup-medium":["https:\/\/imagazine.it\/wp-content\/uploads\/2024\/01\/49067-1-720x380.webp",720,380,true],"tptn_thumbnail":["https:\/\/imagazine.it\/wp-content\/uploads\/2024\/01\/49067-1.webp",250,167,false],"sow-carousel-default":["https:\/\/imagazine.it\/wp-content\/uploads\/2024\/01\/49067-1-272x182.webp",272,182,true]},"rttpg_author":{"display_name":"redazione","author_link":"https:\/\/imagazine.it\/home_desk\/author\/redazione\/"},"rttpg_comment":0,"rttpg_category":"<a href=\"https:\/\/imagazine.it\/home_desk\/category\/sport\/\" rel=\"category tag\">SPORT<\/a>","rttpg_excerpt":"Dal 23 al 28 agosto","_links":{"self":[{"href":"https:\/\/imagazine.it\/home_desk\/wp-json\/wp\/v2\/posts\/44305","targetHints":{"allow":["GET"]}}],"collection":[{"href":"https:\/\/imagazine.it\/home_desk\/wp-json\/wp\/v2\/posts"}],"about":[{"href":"https:\/\/imagazine.it\/home_desk\/wp-json\/wp\/v2\/types\/post"}],"author":[{"embeddable":true,"href":"https:\/\/imagazine.it\/home_desk\/wp-json\/wp\/v2\/users\/28"}],"replies":[{"embeddable":true,"href":"https:\/\/imagazine.it\/home_desk\/wp-json\/wp\/v2\/comments?post=44305"}],"version-history":[{"count":0,"href":"https:\/\/imagazine.it\/home_desk\/wp-json\/wp\/v2\/posts\/44305\/revisions"}],"wp:featuredmedia":[{"embeddable":true,"href":"https:\/\/imagazine.it\/home_desk\/wp-json\/wp\/v2\/media\/44306"}],"wp:attachment":[{"href":"https:\/\/imagazine.it\/home_desk\/wp-json\/wp\/v2\/media?parent=44305"}],"wp:term":[{"taxonomy":"category","embeddable":true,"href":"https:\/\/imagazine.it\/home_desk\/wp-json\/wp\/v2\/categories?post=44305"},{"taxonomy":"post_tag","embeddable":true,"href":"https:\/\/imagazine.it\/home_desk\/wp-json\/wp\/v2\/tags?post=44305"}],"curies":[{"name":"wp","href":"https:\/\/api.w.org\/{rel}","templated":true}]}}