{"id":44295,"date":"2022-08-01T00:00:00","date_gmt":"2022-07-31T23:00:00","guid":{"rendered":"https:\/\/imagazine.it\/?p=44295"},"modified":"2022-08-01T00:00:00","modified_gmt":"2022-07-31T23:00:00","slug":"cervignano-le-celebrazioni-parrocchiali-tornano-in-chiesa-madre","status":"publish","type":"post","link":"https:\/\/imagazine.it\/home_desk\/cervignano-le-celebrazioni-parrocchiali-tornano-in-chiesa-madre\/","title":{"rendered":"Cervignano, le celebrazioni parrocchiali tornano in Chiesa madre"},"content":{"rendered":"<p> \tIl 15 agosto, giorno dell\u2019Assunzione di Maria, nella festivit\u00e0 mariana pi\u00f9 antica della Chiesa cattolica, sar\u00e0 riaperta alle celebrazioni liturgiche parrocchiali la <strong>Chiesa madre dedicata a San Michele a Cervignano del Friuli<\/strong>.<\/p>\n<p> \tDa tre anni, infatti, l\u2019edificio di culto di via Mercato era stato chiuso alle funzioni religiose. Durante l\u2019emergenza epidemiologica risultava difficile organizzare l\u2019aspetto sicurezza: dal distanziamento alla necessit\u00e0 di disinfettarsi le mani dei fedeli, con il personale volontario gi\u00e0 impegnato in altre chiese. Situazione che aveva portato a un periodo di chiusura dell\u2019edificio sacro.<\/p>\n<p> \tPeriodo nel quale, comunque, la chiesa di San Michele \u00e8 stata utilizzata, e lo sar\u00e0 ancora, per le funzioni religiose della <strong>Comunit\u00e0 Ortodossa Rumena<\/strong> di <strong>padre Gabriel Munteanu<\/strong> che viene a officiare i riti la domenica mattina.<\/p>\n<p> \tOra anche per i fedeli dell\u2019<strong>Unit\u00e0 Pastorale della Bassa Friulana<\/strong> (Cervignano, Scodovacca, Muscoli, Strassoldo e Terzo d\u2019Aquileia) la <strong>domenica sera, alle ore 19<\/strong>, sar\u00e0 possibile tornare a partecipare alla messa in chiesa madre.<\/p>\n<p> \t\u00a0<\/p>\n","protected":false},"excerpt":{"rendered":"<p>Dal 15 di agosto<\/p>\n","protected":false},"author":22,"featured_media":44296,"comment_status":"closed","ping_status":"closed","sticky":false,"template":"","format":"standard","meta":{"dwc-title":[],"dwc-content":[],"footnotes":""},"categories":[5],"tags":[],"class_list":["post-44295","post","type-post","status-publish","format-standard","has-post-thumbnail","hentry","category-attualita"],"rttpg_featured_image_url":{"full":["https:\/\/imagazine.it\/wp-content\/uploads\/2024\/01\/49030-1.webp",1000,750,false],"landscape":["https:\/\/imagazine.it\/wp-content\/uploads\/2024\/01\/49030-1.webp",1000,750,false],"portraits":["https:\/\/imagazine.it\/wp-content\/uploads\/2024\/01\/49030-1.webp",1000,750,false],"thumbnail":["https:\/\/imagazine.it\/wp-content\/uploads\/2024\/01\/49030-1-150x150.webp",150,150,true],"medium":["https:\/\/imagazine.it\/wp-content\/uploads\/2024\/01\/49030-1-300x225.webp",300,225,true],"large":["https:\/\/imagazine.it\/wp-content\/uploads\/2024\/01\/49030-1.webp",640,480,false],"thumblist":["https:\/\/imagazine.it\/wp-content\/uploads\/2024\/01\/49030-1.webp",300,225,false],"thumbrelated":["https:\/\/imagazine.it\/wp-content\/uploads\/2024\/01\/49030-1.webp",500,375,false],"meccarouselthumb":["https:\/\/imagazine.it\/wp-content\/uploads\/2024\/01\/49030-1.webp",432,324,false],"gridsquare":["https:\/\/imagazine.it\/wp-content\/uploads\/2024\/01\/49030-1.webp",347,260,false],"tileview":["https:\/\/imagazine.it\/wp-content\/uploads\/2024\/01\/49030-1.webp",300,225,false],"1536x1536":["https:\/\/imagazine.it\/wp-content\/uploads\/2024\/01\/49030-1.webp",1000,750,false],"2048x2048":["https:\/\/imagazine.it\/wp-content\/uploads\/2024\/01\/49030-1.webp",1000,750,false],"newsup-slider-full":["https:\/\/imagazine.it\/wp-content\/uploads\/2024\/01\/49030-1-1000x720.webp",1000,720,true],"newsup-featured":["https:\/\/imagazine.it\/wp-content\/uploads\/2024\/01\/49030-1.webp",1000,750,false],"newsup-medium":["https:\/\/imagazine.it\/wp-content\/uploads\/2024\/01\/49030-1-720x380.webp",720,380,true],"tptn_thumbnail":["https:\/\/imagazine.it\/wp-content\/uploads\/2024\/01\/49030-1.webp",250,188,false],"sow-carousel-default":["https:\/\/imagazine.it\/wp-content\/uploads\/2024\/01\/49030-1-272x182.webp",272,182,true]},"rttpg_author":{"display_name":"Livio Nonis","author_link":"https:\/\/imagazine.it\/home_desk\/author\/nonis\/"},"rttpg_comment":0,"rttpg_category":"<a href=\"https:\/\/imagazine.it\/home_desk\/category\/attualita\/\" rel=\"category tag\">ATTUALIT\u00c0<\/a>","rttpg_excerpt":"Dal 15 di agosto","_links":{"self":[{"href":"https:\/\/imagazine.it\/home_desk\/wp-json\/wp\/v2\/posts\/44295","targetHints":{"allow":["GET"]}}],"collection":[{"href":"https:\/\/imagazine.it\/home_desk\/wp-json\/wp\/v2\/posts"}],"about":[{"href":"https:\/\/imagazine.it\/home_desk\/wp-json\/wp\/v2\/types\/post"}],"author":[{"embeddable":true,"href":"https:\/\/imagazine.it\/home_desk\/wp-json\/wp\/v2\/users\/22"}],"replies":[{"embeddable":true,"href":"https:\/\/imagazine.it\/home_desk\/wp-json\/wp\/v2\/comments?post=44295"}],"version-history":[{"count":0,"href":"https:\/\/imagazine.it\/home_desk\/wp-json\/wp\/v2\/posts\/44295\/revisions"}],"wp:featuredmedia":[{"embeddable":true,"href":"https:\/\/imagazine.it\/home_desk\/wp-json\/wp\/v2\/media\/44296"}],"wp:attachment":[{"href":"https:\/\/imagazine.it\/home_desk\/wp-json\/wp\/v2\/media?parent=44295"}],"wp:term":[{"taxonomy":"category","embeddable":true,"href":"https:\/\/imagazine.it\/home_desk\/wp-json\/wp\/v2\/categories?post=44295"},{"taxonomy":"post_tag","embeddable":true,"href":"https:\/\/imagazine.it\/home_desk\/wp-json\/wp\/v2\/tags?post=44295"}],"curies":[{"name":"wp","href":"https:\/\/api.w.org\/{rel}","templated":true}]}}