{"id":44289,"date":"2022-07-29T00:00:00","date_gmt":"2022-07-28T23:00:00","guid":{"rendered":"https:\/\/imagazine.it\/?p=44289"},"modified":"2022-07-29T00:00:00","modified_gmt":"2022-07-28T23:00:00","slug":"a-san-daniele-si-respira-aria-di-friuli-venezia-giulia","status":"publish","type":"post","link":"https:\/\/imagazine.it\/home_desk\/a-san-daniele-si-respira-aria-di-friuli-venezia-giulia\/","title":{"rendered":"A San Daniele si respira Aria di Friuli Venezia Giulia"},"content":{"rendered":"<p> \tRitorna la festa del <strong>Prosciutto di San Daniele<\/strong> nella formula \u201c<strong><em>Aria di Friuli Venezia Giulia<\/em><\/strong>\u201d: la kermesse enogastronomica \u00e8 programmata <strong>dal 26 al 29 agosto<\/strong> nella citt\u00e0 di <strong>San Daniele del Friuli<\/strong>.<\/p>\n<p> \tAria di Festa, la storica manifestazione che da oltre 35 anni celebra il Prosciutto di San Daniele DOP nel luogo d\u2019origine, ritorna \u2013 solo per quest\u2019anno \u2013 a fine agosto integrandosi con la promozione dei principali prodotti enogastronomici e del territorio regionale, in collaborazione con la Regione Autonoma Friuli Venezia Giulia.<\/p>\n<p> \tLa formula dell\u2019evento non cambia nella sostanza e si arricchisce per promuovere, oltre al Prosciutto di San Daniele, anche gli altri principali prodotti dell\u2019enogastronomia del territorio \u2013 tra cui il Formaggio Montasio DOP, i vini bianchi e i prodotti a marchio \u201cIo sono Friuli Venezia Giulia\u201d \u2013 creando un evento con forte attrazione turistica. Durante la quattro giorni sono previste molteplici attivit\u00e0 che hanno caratterizzato anche le precedenti edizioni in cui il Prosciutto di San Daniele sar\u00e0 il protagonista assieme agli altri prodotti DOP del territorio regionale. \u201cAria di Friuli Venezia Giulia\u201d racconter\u00e0 l\u2019intero territorio regionale non solo nella quattro giorni di kermesse a San Daniele del Friuli, ma anche attraverso una serie di appuntamenti organizzati lungo la Strada del Vino e dei Sapori del Friuli Venezia Giulia.<\/p>\n<p> \tDal 22 al 25 e il 30 e 31 agosto, i riflettori si accenderanno di volta in volta su un diverso territorio della regione che proporr\u00e0 un programma con diverse attivit\u00e0.<br \/> \tIl programma \u2018Aria di Friuli Venezia Giulia\u2019 si compone quindi dei quattro giorni a \u00a0San Daniele del Friuli e di sei appuntamenti itineranti lungo la Strada del Vino e dei Sapori.<\/p>\n<p> \tNella citt\u00e0 del prosciutto, da venerd\u00ec 26 a luned\u00ec 29 agosto, saranno organizzati oltre 25 laboratori dedicati alla scoperta, degustazione e conoscenza del prosciutto in abbinamento ai vini bianchi regionali, corsi di taglio e masterclass dedicate ai vini friulani ed al formaggio Montasio DOP. Saranno oltre 40 le visite guidate agli stabilimenti produttivi e 15 gli stand enogastronomici lungo le vie del centro storico. Questa edizione preveder\u00e0 anche il picnic nella splendida cornice di Villa Seravallo e l\u2019enoteca dedicata ai vini regionali nella suggestiva Terrazza Splendor.<\/p>\n<p> \tNon mancheranno le visite guidate alla citt\u00e0 di San Daniele del Friuli e alla Antica Biblioteca Guarneriana disponibili in 15 appuntamenti nel weekend sandanielese a cui si aggiungono altrettante attivit\u00e0 alla scoperta del Friuli Collinare e del Fiume Tagliamento. Confermati gli appuntamenti per bambini e famiglie con spazi dedicati in Piazza IV Novembre dove sar\u00e0 ospitato il mercato delle aziende aderenti al marchio \u2018Io sono Friuli Venezia Giulia\u2019.<\/p>\n<p> \tDomenica 28 agosto sar\u00e0 possibile raggiungere la citt\u00e0 di San Daniele attraverso un treno storico in partenza da Trieste e da Udine.<\/p>\n<p> \tDal 22 al 25 e il 30 e 31 agosto nei sei percorsi lungo la Strada del Vino e dei Sapori si svolgeranno numerosi appuntamenti per vivere un\u2019esperienza autentica tra cultura e tradizioni e conoscere i prodotti locali, immergersi nella natura incontaminata. Un palinsesto per scoprire la storia della regione attraverso laboratori per bambini, esperienze outdoor ed enogastronomiche serali, per ognuno dei sei itinerari che compongono la Strada.<\/p>\n<p> \tLuned\u00ec 22 agosto eventi dedicati all\u2019itinerario della montagna, a seguire marted\u00ec 23 le attivit\u00e0 in pianura, mercoled\u00ec 24 Carso e gioved\u00ec 25 gli appuntamenti dell\u2019itinerario sul fiume. Dopo la pausa per i quattro giorni a San Daniele del Friuli, le attivit\u00e0 itineranti riprenderanno luned\u00ec 30 agosto in Riviera per concludersi marted\u00ec 31 sui Colli.<\/p>\n<p> \tL\u2019edizione 2022 \u00e8 stata presentata questa mattina in Regione alla presenza del vicepresidente del Consorzio <strong>Nicola Martelli<\/strong> che ha sottolineato il ritorno della manifestazione dopo lo stop legato alla pandemia. \u201cL\u2019evento storico dedicato al Prosciutto di San Daniele torna nella sua citt\u00e0 dopo tre anni di cancellazioni e versioni ridotte e dopo aver viaggiato lungo la Penisola con la versione itinerante \u2018Aria di San Daniele\u2019 organizzando eventi dedicati alla promozione del prosciutto, della citt\u00e0 e del territorio. Il ritorno a San Daniele del Friuli ci permetter\u00e0 di mostrare quanto sia speciale e al tempo stesso semplice il nostro prosciutto: cosce italiane, sale e aria. La possibilit\u00e0 di aprire le porte di numerosi prosciuttifici ai visitatori \u00e8 l\u2019occasione perfetta per raccontare le caratteristiche e l\u2019unicit\u00e0 del San Daniele DOP. Quest\u2019anno il programma prevede inoltre l\u2019integrazione con le eccellenze e i territori del Friuli Venezia Giulia in una forte sinergia con la Regione, gi\u00e0 anticipata lo scorso giugno con il Fuorisalone di Milano che ha catturato l\u2019attenzione di migliaia di visitatori\u201d.<\/p>\n<p> \t\u201cFare sistema \u00e8 la chiave per la promozione del Friuli Venezia Giulia. Per questo ringrazio il Consorzio del Prosciutto San Daniele che ha accolto la richiesta della Regione di aprire a tutto il territorio una manifestazione che da 35 anni, al netto del periodo della pandemia, attrae migliaia di persone nel Friuli collinare\u201d, ha dichiarato <strong>Sergio Emidio Bini<\/strong>, assessore regionale alle attivit\u00e0 produttive e turismo.<\/p>\n<p> \t\u00a0<\/p>\n","protected":false},"excerpt":{"rendered":"<p>Dal 26 al 29 agosto<\/p>\n","protected":false},"author":28,"featured_media":44290,"comment_status":"closed","ping_status":"closed","sticky":false,"template":"","format":"standard","meta":{"dwc-title":[],"dwc-content":[],"footnotes":""},"categories":[8],"tags":[],"class_list":["post-44289","post","type-post","status-publish","format-standard","has-post-thumbnail","hentry","category-turismo"],"rttpg_featured_image_url":{"full":["https:\/\/imagazine.it\/wp-content\/uploads\/2024\/01\/49021-1.webp",1000,666,false],"landscape":["https:\/\/imagazine.it\/wp-content\/uploads\/2024\/01\/49021-1.webp",1000,666,false],"portraits":["https:\/\/imagazine.it\/wp-content\/uploads\/2024\/01\/49021-1.webp",1000,666,false],"thumbnail":["https:\/\/imagazine.it\/wp-content\/uploads\/2024\/01\/49021-1-150x150.webp",150,150,true],"medium":["https:\/\/imagazine.it\/wp-content\/uploads\/2024\/01\/49021-1-300x200.webp",300,200,true],"large":["https:\/\/imagazine.it\/wp-content\/uploads\/2024\/01\/49021-1.webp",640,426,false],"thumblist":["https:\/\/imagazine.it\/wp-content\/uploads\/2024\/01\/49021-1.webp",300,200,false],"thumbrelated":["https:\/\/imagazine.it\/wp-content\/uploads\/2024\/01\/49021-1.webp",500,333,false],"meccarouselthumb":["https:\/\/imagazine.it\/wp-content\/uploads\/2024\/01\/49021-1.webp",474,316,false],"gridsquare":["https:\/\/imagazine.it\/wp-content\/uploads\/2024\/01\/49021-1.webp",391,260,false],"tileview":["https:\/\/imagazine.it\/wp-content\/uploads\/2024\/01\/49021-1.webp",300,200,false],"1536x1536":["https:\/\/imagazine.it\/wp-content\/uploads\/2024\/01\/49021-1.webp",1000,666,false],"2048x2048":["https:\/\/imagazine.it\/wp-content\/uploads\/2024\/01\/49021-1.webp",1000,666,false],"newsup-slider-full":["https:\/\/imagazine.it\/wp-content\/uploads\/2024\/01\/49021-1.webp",1000,666,false],"newsup-featured":["https:\/\/imagazine.it\/wp-content\/uploads\/2024\/01\/49021-1.webp",1000,666,false],"newsup-medium":["https:\/\/imagazine.it\/wp-content\/uploads\/2024\/01\/49021-1-720x380.webp",720,380,true],"tptn_thumbnail":["https:\/\/imagazine.it\/wp-content\/uploads\/2024\/01\/49021-1.webp",250,167,false],"sow-carousel-default":["https:\/\/imagazine.it\/wp-content\/uploads\/2024\/01\/49021-1-272x182.webp",272,182,true]},"rttpg_author":{"display_name":"redazione","author_link":"https:\/\/imagazine.it\/home_desk\/author\/redazione\/"},"rttpg_comment":0,"rttpg_category":"<a href=\"https:\/\/imagazine.it\/home_desk\/category\/turismo\/\" rel=\"category tag\">TURISMO<\/a>","rttpg_excerpt":"Dal 26 al 29 agosto","_links":{"self":[{"href":"https:\/\/imagazine.it\/home_desk\/wp-json\/wp\/v2\/posts\/44289","targetHints":{"allow":["GET"]}}],"collection":[{"href":"https:\/\/imagazine.it\/home_desk\/wp-json\/wp\/v2\/posts"}],"about":[{"href":"https:\/\/imagazine.it\/home_desk\/wp-json\/wp\/v2\/types\/post"}],"author":[{"embeddable":true,"href":"https:\/\/imagazine.it\/home_desk\/wp-json\/wp\/v2\/users\/28"}],"replies":[{"embeddable":true,"href":"https:\/\/imagazine.it\/home_desk\/wp-json\/wp\/v2\/comments?post=44289"}],"version-history":[{"count":0,"href":"https:\/\/imagazine.it\/home_desk\/wp-json\/wp\/v2\/posts\/44289\/revisions"}],"wp:featuredmedia":[{"embeddable":true,"href":"https:\/\/imagazine.it\/home_desk\/wp-json\/wp\/v2\/media\/44290"}],"wp:attachment":[{"href":"https:\/\/imagazine.it\/home_desk\/wp-json\/wp\/v2\/media?parent=44289"}],"wp:term":[{"taxonomy":"category","embeddable":true,"href":"https:\/\/imagazine.it\/home_desk\/wp-json\/wp\/v2\/categories?post=44289"},{"taxonomy":"post_tag","embeddable":true,"href":"https:\/\/imagazine.it\/home_desk\/wp-json\/wp\/v2\/tags?post=44289"}],"curies":[{"name":"wp","href":"https:\/\/api.w.org\/{rel}","templated":true}]}}