{"id":44277,"date":"2022-07-29T00:00:00","date_gmt":"2022-07-28T23:00:00","guid":{"rendered":"https:\/\/imagazine.it\/?p=44277"},"modified":"2022-07-29T00:00:00","modified_gmt":"2022-07-28T23:00:00","slug":"furti-e-droga-serie-di-arresti-nel-monfalconese","status":"publish","type":"post","link":"https:\/\/imagazine.it\/home_desk\/furti-e-droga-serie-di-arresti-nel-monfalconese\/","title":{"rendered":"Furti e droga, serie di arresti nel Monfalconese"},"content":{"rendered":"<p> \tNell\u2019ambito dei servizi di controllo territorio effettuati dalla <strong>Polizia di Stato<\/strong> nel mandamento di <strong>Monfalcone<\/strong>, ulteriormente potenziati nel periodo estivo al fine di prevenire reati contro il patrimonio, nonch\u00e9 quelli legati al fenomeno dello spaccio di sostanze stupefacenti, sono stati eseguiti, in flagranza di reato, <strong>due arresti per detenzione ai fini di spaccio di sostanze stupefacenti<\/strong> e <strong>uno per furto aggravato<\/strong>.<\/p>\n<p> \tIl 18 luglio scorso, nel <strong>parco pubblico tra via Pacinotti e Canale dei Dottori<\/strong> sono stati controllati due giovani di nazionalit\u00e0 rumena intenti a consumare uno spinello. Da un controllo pi\u00f9 approfondito E.G.C. di anni 25 \u00e8 stato trovato in possesso di 5 grammi di Marijuana mentre sull\u2019altra persona, U.A.M. di anni 29, \u00e8 stato rinvenuto un astuccio contenete 70 grammi lordi di sostanza stupefacente tipo Hashish e un bilancino elettronico per la pesatura; la sostanza era gi\u00e0 stata divisa e confezionata in dosi pronta allo spaccio.<\/p>\n<p> \tL\u2019attivit\u00e0 di Polizia ha portato anche a effettuare una perquisizione domiciliare presso l\u2019abitazione di U.A.M. dove \u00e8 stata rinvenuta ulteriore sostanza stupefacente del medesimo tipo, anch\u2019essa gi\u00e0 confezionata e pronta alla cessione, per un peso complessivo di circa 300 grammi.<\/p>\n<p> \tU.A.M. \u00e8 stato cos\u00ec tratto in arresto per detenzione ai fini di spaccio di sostanze stupefacenti mentre E.G.C. \u00e8 stato segnalato alla Prefettura quale \u201cconsumatore\u201d.<\/p>\n<p> \tLo scorso 24 luglio, invece, personale del Commissariato Distaccato di P.S. di Monfalcone \u00e8 intervenuto in <strong>via Randaccio<\/strong> presso un\u2019abitazione privata, dopo la segnalazione che una persona si era introdotta furtivamente all\u2019interno.<\/p>\n<p> \tL\u2019uomo, sorpreso dai proprietari che si trovavano nei pressi, aveva utilizzato la finestra della cucina, aperta ma con zanzariera, per accedere all\u2019interno e rovistare in alcune stanze.<\/p>\n<p> \tVistosi scoperto, E.A. di anni 51, ha tentato di darsi alla fuga ma \u00e8 stato bloccato dagli agenti intervenuti. Sulla persona \u00e8 stata rinvenuta della refurtiva, posta in seguito sotto sequestro.<\/p>\n<p> \tL\u2019uomo, risultato essere domiciliato a Monfalcone per fini lavorativi, \u00e8 stato tratto in arresto per il reato di tentato furto aggravato in abitazione e messo a disposizione dell\u2019Autorit\u00e0 Giudiaziaria associandolo presso la Casa Circondariale di Gorizia.<\/p>\n<p> \tUn ulteriore arresto di una persona in possesso di un considerevole quantitativo di sostanze psicotrope \u00e8 avvenuto il 25 luglio, quando nei <strong>pressi della fermata degli autobus di piazzale Salvo D\u2019Acquisto<\/strong> a Monfalcone, personale del Commissariato ha controllato V.M., di anni 48, appena giunto dalla Puglia utilizzando un bus a lunga percorrenza. Gli agenti lo hanno trovato in possesso di un involucro, celato nel bagaglio, contente sostanza stupefacente del tipo Hashish per un peso lordo di 270 grammi, nonch\u00e9 un bilancino elettronico. Anche V.M., che risulta essere domiciliato in Monfalcone in quanto dipendente di una ditta che opera all\u2019interno dello stabilimento Fincantieri, \u00e8 stato tratto in arresto per il reato di detenzioni ai fini di spaccio e associato presso la Casa circondariale di Gorizia a disposizione dell\u2019Autorit\u00e0 Giudiziaria.<\/p>\n<p> \tIl Tribunale di Gorizia, nei giorni successivi ha convalidato gli arresti effettuati e sottoposto i soggetti individuati a misure cautelari: E.A., autore del furto presso l\u2019abitazione, \u00e8 rimasto ristretto presso la Casa Circondariale di Gorizia in custodia cautelare mentre gli altri due soggetti sono stati sottoposti rispettivamente a obbligo di firma e obbligo di dimora.<\/p>\n<p> \t\u00a0<\/p>\n","protected":false},"excerpt":{"rendered":"<p>Eseguiti dalla Polizia<\/p>\n","protected":false},"author":28,"featured_media":44278,"comment_status":"closed","ping_status":"closed","sticky":false,"template":"","format":"standard","meta":{"dwc-title":[],"dwc-content":[],"footnotes":""},"categories":[5],"tags":[],"class_list":["post-44277","post","type-post","status-publish","format-standard","has-post-thumbnail","hentry","category-attualita"],"rttpg_featured_image_url":{"full":["https:\/\/imagazine.it\/wp-content\/uploads\/2024\/01\/49007-1.webp",750,348,false],"landscape":["https:\/\/imagazine.it\/wp-content\/uploads\/2024\/01\/49007-1.webp",750,348,false],"portraits":["https:\/\/imagazine.it\/wp-content\/uploads\/2024\/01\/49007-1.webp",750,348,false],"thumbnail":["https:\/\/imagazine.it\/wp-content\/uploads\/2024\/01\/49007-1-150x150.webp",150,150,true],"medium":["https:\/\/imagazine.it\/wp-content\/uploads\/2024\/01\/49007-1-300x139.webp",300,139,true],"large":["https:\/\/imagazine.it\/wp-content\/uploads\/2024\/01\/49007-1.webp",640,297,false],"thumblist":["https:\/\/imagazine.it\/wp-content\/uploads\/2024\/01\/49007-1.webp",300,139,false],"thumbrelated":["https:\/\/imagazine.it\/wp-content\/uploads\/2024\/01\/49007-1.webp",500,232,false],"meccarouselthumb":["https:\/\/imagazine.it\/wp-content\/uploads\/2024\/01\/49007-1.webp",474,220,false],"gridsquare":["https:\/\/imagazine.it\/wp-content\/uploads\/2024\/01\/49007-1.webp",391,181,false],"tileview":["https:\/\/imagazine.it\/wp-content\/uploads\/2024\/01\/49007-1.webp",300,139,false],"1536x1536":["https:\/\/imagazine.it\/wp-content\/uploads\/2024\/01\/49007-1.webp",750,348,false],"2048x2048":["https:\/\/imagazine.it\/wp-content\/uploads\/2024\/01\/49007-1.webp",750,348,false],"newsup-slider-full":["https:\/\/imagazine.it\/wp-content\/uploads\/2024\/01\/49007-1.webp",750,348,false],"newsup-featured":["https:\/\/imagazine.it\/wp-content\/uploads\/2024\/01\/49007-1.webp",750,348,false],"newsup-medium":["https:\/\/imagazine.it\/wp-content\/uploads\/2024\/01\/49007-1-720x348.webp",720,348,true],"tptn_thumbnail":["https:\/\/imagazine.it\/wp-content\/uploads\/2024\/01\/49007-1.webp",250,116,false],"sow-carousel-default":["https:\/\/imagazine.it\/wp-content\/uploads\/2024\/01\/49007-1-272x182.webp",272,182,true]},"rttpg_author":{"display_name":"redazione","author_link":"https:\/\/imagazine.it\/home_desk\/author\/redazione\/"},"rttpg_comment":0,"rttpg_category":"<a href=\"https:\/\/imagazine.it\/home_desk\/category\/attualita\/\" rel=\"category tag\">ATTUALIT\u00c0<\/a>","rttpg_excerpt":"Eseguiti dalla Polizia","_links":{"self":[{"href":"https:\/\/imagazine.it\/home_desk\/wp-json\/wp\/v2\/posts\/44277","targetHints":{"allow":["GET"]}}],"collection":[{"href":"https:\/\/imagazine.it\/home_desk\/wp-json\/wp\/v2\/posts"}],"about":[{"href":"https:\/\/imagazine.it\/home_desk\/wp-json\/wp\/v2\/types\/post"}],"author":[{"embeddable":true,"href":"https:\/\/imagazine.it\/home_desk\/wp-json\/wp\/v2\/users\/28"}],"replies":[{"embeddable":true,"href":"https:\/\/imagazine.it\/home_desk\/wp-json\/wp\/v2\/comments?post=44277"}],"version-history":[{"count":0,"href":"https:\/\/imagazine.it\/home_desk\/wp-json\/wp\/v2\/posts\/44277\/revisions"}],"wp:featuredmedia":[{"embeddable":true,"href":"https:\/\/imagazine.it\/home_desk\/wp-json\/wp\/v2\/media\/44278"}],"wp:attachment":[{"href":"https:\/\/imagazine.it\/home_desk\/wp-json\/wp\/v2\/media?parent=44277"}],"wp:term":[{"taxonomy":"category","embeddable":true,"href":"https:\/\/imagazine.it\/home_desk\/wp-json\/wp\/v2\/categories?post=44277"},{"taxonomy":"post_tag","embeddable":true,"href":"https:\/\/imagazine.it\/home_desk\/wp-json\/wp\/v2\/tags?post=44277"}],"curies":[{"name":"wp","href":"https:\/\/api.w.org\/{rel}","templated":true}]}}