{"id":44265,"date":"2022-07-24T00:00:00","date_gmt":"2022-07-23T23:00:00","guid":{"rendered":"https:\/\/imagazine.it\/?p=44265"},"modified":"2022-07-24T00:00:00","modified_gmt":"2022-07-23T23:00:00","slug":"cori-deuropa-applausi-al-monteverdi-di-ruda","status":"publish","type":"post","link":"https:\/\/imagazine.it\/home_desk\/cori-deuropa-applausi-al-monteverdi-di-ruda\/","title":{"rendered":"Cori d&#8217;Europa, applausi al Monteverdi di Ruda"},"content":{"rendered":"<p> \tIl \u201cFestival Internazionale Cori d&#39;Europa\u201d, organizzato dal <strong>Coro Claudio Monteverdi di Ruda<\/strong>, ha concluso il suo primo atto.<\/p>\n<p> \tSabato 23 e domenica 24 luglio il coro organizzatore e quello ospite \u2013 il <strong>Coro Obili\u010d di Belgrado<\/strong> \u2013 si sono esibiti nel Duomo di Santa Maria Maggiore a Codroipo e il giorno successivo nella Basilica di Santa Maria Assunta ad Aquileia.<\/p>\n<p> \tUn successo di pubblico e di critica, grandi esibizioni dei due cori, sottolineate da scroscianti applausi da parte del pubblico presente, un pubblico attento e molto preparato.<\/p>\n<p> \tIl Gruppo polifonico Claudio Monteverdi, diretto da <strong>Mira Fabjan<\/strong>, ha presentato un percorso musicale che comprende tutto l&#39;anno liturgico della musica vocale per coro virile, spaziando tra compositori del territorio contemporanei fino a compositori affermati e di livello mondiale.<\/p>\n<p> \tMusicalmente il programma ha proposto caratteristiche vocali con materiale compositivo dal canto gregoriano a cori battenti (caratteristica della musica vocale rinascimentale) a sonorit\u00e0 contemporanee, utilizzano tecnica della polifonia fino arrivare alle sonorit\u00e0 omofoniche armonie sempre complesse.<\/p>\n<p> \tIl Coro Obili\u010d di Belgrado, diretto da <strong>Ana \u0106osovi\u0107<\/strong>, ha eseguito: <em>Liturgy<\/em> di John Chrysostom Stevan Mokranjac, <em>Kingdom<\/em> di Dobri Hristov, <em>Religious verse<\/em> di Marko Taj\u010devi\u0107, <em>Holy Virgin<\/em> di Sergei Rachmaninoff, <em>Lord save<\/em> di Miodrag Govedarica e <em>Praise arise<\/em> di Pavel Chesnokov.<\/p>\n<p> \tI cori riuniti hanno invece eseguito in prima assoluta un brano del compositore Roberto Brisotto \u201c<em>Mandatum novum<\/em>\u201d, che il compositore ha espressamente dedicato al Gruppo Polifonico Claudio Monteverdi e alla sua direttrice in occasione di questa nuova edizione Cori d\u2019Europa: questa scelta \u00e8 nell\u2019ottica del coro che vuole farsi promotore da sempre di novit\u00e0 musicali in modo di dare maggiore spazio a giovani compositori con la convinzione che sia oggi sempre pi\u00f9 importante creare dei legami tra le figure di chi compone, chi esegue, chi dirige e interpreta, ovvero come una sorta di virtuoso \u201ccircuito musicale&#8221;.<\/p>\n<p> \tIl presidente <strong>Moreno Valentinuzzi<\/strong> ha voluto ribadire l\u2019importanza che ricopre la musica, e l\u2019arte in genere, condivisa fra culture diverse proprio in questo periodo storico di conflitti mondiali, come segno di pace e comunione fra i popoli.<\/p>\n<p> \tLa seconda parte del festival, che quest\u2019anno giunge ininterrottamente alla 22\u00b0 edizione, si svolger\u00e0 nel mese di settembre e vedr\u00e0 come ospite il <strong>Coro Accademico \u201cSibi Consoni\u201d di Genova<\/strong> diretto da <strong>Roberta Paraninfo<\/strong>: gli appuntamenti sono per sabato 24 settembre alle ore 20.30 nel Duomo di San Pietro Apostolo di Tarcento, e domenica 25 settembre alle ore 18.00 nel Santuario della Beata Vergine delle Grazie di Udine.<\/p>\n<p> \t\u00a0<\/p>\n","protected":false},"excerpt":{"rendered":"<p>Doppio concerto a Codroipo e Aquileia<\/p>\n","protected":false},"author":22,"featured_media":44266,"comment_status":"closed","ping_status":"closed","sticky":false,"template":"","format":"standard","meta":{"dwc-title":[],"dwc-content":[],"footnotes":""},"categories":[37],"tags":[],"class_list":["post-44265","post","type-post","status-publish","format-standard","has-post-thumbnail","hentry","category-cultura-e-spettacolo"],"rttpg_featured_image_url":{"full":["https:\/\/imagazine.it\/wp-content\/uploads\/2024\/01\/48989-1.webp",1280,415,false],"landscape":["https:\/\/imagazine.it\/wp-content\/uploads\/2024\/01\/48989-1.webp",1280,415,false],"portraits":["https:\/\/imagazine.it\/wp-content\/uploads\/2024\/01\/48989-1.webp",1280,415,false],"thumbnail":["https:\/\/imagazine.it\/wp-content\/uploads\/2024\/01\/48989-1-150x150.webp",150,150,true],"medium":["https:\/\/imagazine.it\/wp-content\/uploads\/2024\/01\/48989-1-300x97.webp",300,97,true],"large":["https:\/\/imagazine.it\/wp-content\/uploads\/2024\/01\/48989-1-1024x332.webp",640,208,true],"thumblist":["https:\/\/imagazine.it\/wp-content\/uploads\/2024\/01\/48989-1.webp",300,97,false],"thumbrelated":["https:\/\/imagazine.it\/wp-content\/uploads\/2024\/01\/48989-1.webp",500,162,false],"meccarouselthumb":["https:\/\/imagazine.it\/wp-content\/uploads\/2024\/01\/48989-1.webp",474,154,false],"gridsquare":["https:\/\/imagazine.it\/wp-content\/uploads\/2024\/01\/48989-1.webp",391,127,false],"tileview":["https:\/\/imagazine.it\/wp-content\/uploads\/2024\/01\/48989-1.webp",300,97,false],"1536x1536":["https:\/\/imagazine.it\/wp-content\/uploads\/2024\/01\/48989-1.webp",1280,415,false],"2048x2048":["https:\/\/imagazine.it\/wp-content\/uploads\/2024\/01\/48989-1.webp",1280,415,false],"newsup-slider-full":["https:\/\/imagazine.it\/wp-content\/uploads\/2024\/01\/48989-1.webp",1280,415,false],"newsup-featured":["https:\/\/imagazine.it\/wp-content\/uploads\/2024\/01\/48989-1-1024x332.webp",1024,332,true],"newsup-medium":["https:\/\/imagazine.it\/wp-content\/uploads\/2024\/01\/48989-1-720x380.webp",720,380,true],"tptn_thumbnail":["https:\/\/imagazine.it\/wp-content\/uploads\/2024\/01\/48989-1.webp",250,81,false],"sow-carousel-default":["https:\/\/imagazine.it\/wp-content\/uploads\/2024\/01\/48989-1-272x182.webp",272,182,true]},"rttpg_author":{"display_name":"Livio Nonis","author_link":"https:\/\/imagazine.it\/home_desk\/author\/nonis\/"},"rttpg_comment":0,"rttpg_category":"<a href=\"https:\/\/imagazine.it\/home_desk\/category\/cultura-e-spettacolo\/\" rel=\"category tag\">CULTURA&amp;SPETTACOLO<\/a>","rttpg_excerpt":"Doppio concerto a Codroipo e Aquileia","_links":{"self":[{"href":"https:\/\/imagazine.it\/home_desk\/wp-json\/wp\/v2\/posts\/44265","targetHints":{"allow":["GET"]}}],"collection":[{"href":"https:\/\/imagazine.it\/home_desk\/wp-json\/wp\/v2\/posts"}],"about":[{"href":"https:\/\/imagazine.it\/home_desk\/wp-json\/wp\/v2\/types\/post"}],"author":[{"embeddable":true,"href":"https:\/\/imagazine.it\/home_desk\/wp-json\/wp\/v2\/users\/22"}],"replies":[{"embeddable":true,"href":"https:\/\/imagazine.it\/home_desk\/wp-json\/wp\/v2\/comments?post=44265"}],"version-history":[{"count":0,"href":"https:\/\/imagazine.it\/home_desk\/wp-json\/wp\/v2\/posts\/44265\/revisions"}],"wp:featuredmedia":[{"embeddable":true,"href":"https:\/\/imagazine.it\/home_desk\/wp-json\/wp\/v2\/media\/44266"}],"wp:attachment":[{"href":"https:\/\/imagazine.it\/home_desk\/wp-json\/wp\/v2\/media?parent=44265"}],"wp:term":[{"taxonomy":"category","embeddable":true,"href":"https:\/\/imagazine.it\/home_desk\/wp-json\/wp\/v2\/categories?post=44265"},{"taxonomy":"post_tag","embeddable":true,"href":"https:\/\/imagazine.it\/home_desk\/wp-json\/wp\/v2\/tags?post=44265"}],"curies":[{"name":"wp","href":"https:\/\/api.w.org\/{rel}","templated":true}]}}