{"id":44251,"date":"2022-07-27T00:00:00","date_gmt":"2022-07-26T23:00:00","guid":{"rendered":"https:\/\/imagazine.it\/?p=44251"},"modified":"2022-07-27T00:00:00","modified_gmt":"2022-07-26T23:00:00","slug":"monfalcone-nuovi-servizi-di-vicinanza-agli-anziani","status":"publish","type":"post","link":"https:\/\/imagazine.it\/home_desk\/monfalcone-nuovi-servizi-di-vicinanza-agli-anziani\/","title":{"rendered":"Monfalcone, nuovi servizi di vicinanza agli anziani"},"content":{"rendered":"<p> \tIl servizio \u201c<em>Il Comune ti chiama<\/em>\u201d compie un anno. Attivato dal <strong>Comune di Monfalcone<\/strong> il 2 agosto 2021, ha consentito di contattare direttamente 6.262 persone, in particolare anziani, che hanno cos\u00ec avuto modo di considerare la vicinanza da parte dell\u2019istituzione pubblica e sentire maggior protezione e sicurezza.<\/p>\n<p> \t\u201cLa migliore soddisfazione &#8211; afferma il sindaco <strong>Anna Maria Cisint<\/strong>, dopo un confronto con gli operatori coinvolti &#8211; \u00e8 il generale apprezzamento raccolto dai nostri anziani quando ricevono la chiamata per sapere come stanno e quali sono le loro necessit\u00e0. Quando abbiamo istituito questo servizio ci siamo posti l\u2019obiettivo di creare una condizione di vicinanza e di conforto e di contrastare in questo modo la solitudine. A oggi, un giro di telefonate \u00e8 gi\u00e0 stato terminato ed \u00e8 iniziato il secondo. Al telefono, le risposte sono le pi\u00f9 varie: c\u2019\u00e8 chi vecchio proprio non ci si sente e si definisce \u201cdiversamente giovane\u201d, chi racconta aneddoti, chi si sfoga. E ancora, chi ha difficolt\u00e0 nel raggiungere un negozio di alimentari e chi ha problematiche personali, che racconta all\u2019operatore perch\u00e8 ha bisogno di essere ascoltato. Quando \u00e8 necessario, per i problemi pi\u00f9 gravi, intervengono gli assistenti sociali per aiutare in maniera concreta a risolvere i problemi pi\u00f9 grandi\u201d.<\/p>\n<p> \tDurante l\u2019estate, secondo i dati rilevati dagli operatori, diversi anziani sono ancora pi\u00f9 bisognosi di un supporto in quanto aumenta la solitudine nel periodo di vacanza dei parenti: nei giorni feriali gli operatori sono impegnati a telefonare alle persone con pi\u00f9 di 70 anni residenti in citt\u00e0, che all\u2019anagrafe risultano essere 6.500. Complessivamente le telefonate sono state 9.000 perch\u00e9 non tutti rispondono immediatamente e perch\u00e9 molte persone vengono richiamate e di queste 6.262 sono le persone effettivamente raggiunte.<\/p>\n<p> \tIl Comune chiama, ma risponde anche. Gli over 70, in caso di bisogno, possono chiamare il numero <strong>0481 494860<\/strong>.<\/p>\n<p> \tL\u2019Amministrazione comunale ha anche ideato il progetto denominato \u201c<em>Insieme contro la solitudine<\/em>\u201d, che sar\u00e0 attivo dal prossimo settembre, con lo scopo di tenere compagnia agli anziani, grazie al coinvolgimento della popolazione ultra 50enne che ha perso il lavoro e ha difficolt\u00e0 a rientrare nel mondo produttivo. Saranno persone che verranno formate e impiegate per svolgere attivit\u00e0 di accompagnamento e supporto, contrastando la solitudine dei pi\u00f9 anziani.<\/p>\n<p> \tIl progetto prevede una spesa complessiva di 25.000 euro e si rivolge a tutti i residenti del Comune di Monfalcone, che oltre a beneficiare di supporto quotidiano, potranno anche essere coinvolti nelle attivit\u00e0 formative del settore informatico per cui viene presentata una domanda di contributo.<\/p>\n<p> \tNel corso dell\u2019incontro di stamane, che si \u00e8 svolto alla presenza, oltre che del sindaco, dell\u2019assessore ai Servizi Cittadini e Assistenza, <strong>Giuliana Garimberti<\/strong>, del dirigente dell\u2019Area Assistenza del Comune, <strong>Paola Tessaris<\/strong>, del Comandante della Polizia Locale, <strong>Rudi Bagatto<\/strong>, del Responsabile della Casa di Riposo, <strong>Antonella Valletta<\/strong>, e di una rappresentanza della cooperativa sociale caregiver \u201cKCS\u201d, \u00e8 stato stabilito che presto verranno intensificati i controlli diurni e notturni all\u2019interno della Casa di Riposo, per tutelare soprattutto \u201ci nonni\u201d pi\u00f9 bisognosi di attenzione.<\/p>\n<p> \tInoltre, \u00e8 stato comunicato che entro fine agosto verranno consegnati presso la struttura di via Crociera 40 letti elettrici della portata massima di 230 Kg, che consentiranno di sollevare gli ospiti in sicurezza. I letti saranno corredati di pensili e armadi, per un costo complessivo di 54.280,80 euro.<\/p>\n<p> \t\u00a0<\/p>\n","protected":false},"excerpt":{"rendered":"<p>&#8220;Insieme contro la solitudine&#8221;<\/p>\n","protected":false},"author":28,"featured_media":44252,"comment_status":"closed","ping_status":"closed","sticky":false,"template":"","format":"standard","meta":{"dwc-title":[],"dwc-content":[],"footnotes":""},"categories":[5],"tags":[],"class_list":["post-44251","post","type-post","status-publish","format-standard","has-post-thumbnail","hentry","category-attualita"],"rttpg_featured_image_url":{"full":["https:\/\/imagazine.it\/wp-content\/uploads\/2024\/01\/48959-1.webp",1280,853,false],"landscape":["https:\/\/imagazine.it\/wp-content\/uploads\/2024\/01\/48959-1.webp",1280,853,false],"portraits":["https:\/\/imagazine.it\/wp-content\/uploads\/2024\/01\/48959-1.webp",1280,853,false],"thumbnail":["https:\/\/imagazine.it\/wp-content\/uploads\/2024\/01\/48959-1-150x150.webp",150,150,true],"medium":["https:\/\/imagazine.it\/wp-content\/uploads\/2024\/01\/48959-1-300x200.webp",300,200,true],"large":["https:\/\/imagazine.it\/wp-content\/uploads\/2024\/01\/48959-1-1024x682.webp",640,426,true],"thumblist":["https:\/\/imagazine.it\/wp-content\/uploads\/2024\/01\/48959-1.webp",300,200,false],"thumbrelated":["https:\/\/imagazine.it\/wp-content\/uploads\/2024\/01\/48959-1.webp",500,333,false],"meccarouselthumb":["https:\/\/imagazine.it\/wp-content\/uploads\/2024\/01\/48959-1.webp",474,316,false],"gridsquare":["https:\/\/imagazine.it\/wp-content\/uploads\/2024\/01\/48959-1.webp",391,260,false],"tileview":["https:\/\/imagazine.it\/wp-content\/uploads\/2024\/01\/48959-1.webp",300,200,false],"1536x1536":["https:\/\/imagazine.it\/wp-content\/uploads\/2024\/01\/48959-1.webp",1280,853,false],"2048x2048":["https:\/\/imagazine.it\/wp-content\/uploads\/2024\/01\/48959-1.webp",1280,853,false],"newsup-slider-full":["https:\/\/imagazine.it\/wp-content\/uploads\/2024\/01\/48959-1-1280x720.webp",1280,720,true],"newsup-featured":["https:\/\/imagazine.it\/wp-content\/uploads\/2024\/01\/48959-1-1024x682.webp",1024,682,true],"newsup-medium":["https:\/\/imagazine.it\/wp-content\/uploads\/2024\/01\/48959-1-720x380.webp",720,380,true],"tptn_thumbnail":["https:\/\/imagazine.it\/wp-content\/uploads\/2024\/01\/48959-1.webp",250,167,false],"sow-carousel-default":["https:\/\/imagazine.it\/wp-content\/uploads\/2024\/01\/48959-1-272x182.webp",272,182,true]},"rttpg_author":{"display_name":"redazione","author_link":"https:\/\/imagazine.it\/home_desk\/author\/redazione\/"},"rttpg_comment":0,"rttpg_category":"<a href=\"https:\/\/imagazine.it\/home_desk\/category\/attualita\/\" rel=\"category tag\">ATTUALIT\u00c0<\/a>","rttpg_excerpt":"\"Insieme contro la solitudine\"","_links":{"self":[{"href":"https:\/\/imagazine.it\/home_desk\/wp-json\/wp\/v2\/posts\/44251","targetHints":{"allow":["GET"]}}],"collection":[{"href":"https:\/\/imagazine.it\/home_desk\/wp-json\/wp\/v2\/posts"}],"about":[{"href":"https:\/\/imagazine.it\/home_desk\/wp-json\/wp\/v2\/types\/post"}],"author":[{"embeddable":true,"href":"https:\/\/imagazine.it\/home_desk\/wp-json\/wp\/v2\/users\/28"}],"replies":[{"embeddable":true,"href":"https:\/\/imagazine.it\/home_desk\/wp-json\/wp\/v2\/comments?post=44251"}],"version-history":[{"count":0,"href":"https:\/\/imagazine.it\/home_desk\/wp-json\/wp\/v2\/posts\/44251\/revisions"}],"wp:featuredmedia":[{"embeddable":true,"href":"https:\/\/imagazine.it\/home_desk\/wp-json\/wp\/v2\/media\/44252"}],"wp:attachment":[{"href":"https:\/\/imagazine.it\/home_desk\/wp-json\/wp\/v2\/media?parent=44251"}],"wp:term":[{"taxonomy":"category","embeddable":true,"href":"https:\/\/imagazine.it\/home_desk\/wp-json\/wp\/v2\/categories?post=44251"},{"taxonomy":"post_tag","embeddable":true,"href":"https:\/\/imagazine.it\/home_desk\/wp-json\/wp\/v2\/tags?post=44251"}],"curies":[{"name":"wp","href":"https:\/\/api.w.org\/{rel}","templated":true}]}}