{"id":44249,"date":"2022-07-26T00:00:00","date_gmt":"2022-07-25T23:00:00","guid":{"rendered":"https:\/\/imagazine.it\/?p=44249"},"modified":"2022-07-26T00:00:00","modified_gmt":"2022-07-25T23:00:00","slug":"i-giovani-di-grado-e-cormons-protagonisti-a-fusine","status":"publish","type":"post","link":"https:\/\/imagazine.it\/home_desk\/i-giovani-di-grado-e-cormons-protagonisti-a-fusine\/","title":{"rendered":"I giovani di Grado e Corm\u00f2ns protagonisti a Fusine"},"content":{"rendered":"<p> \tSi sono conclusi a <strong>Fusine<\/strong>, presso la Casa Immacolata, i <strong>Campi estivi<\/strong> che da oltre dieci anni vede le <strong>Comunit\u00e0 di Corm\u00f2ns e Grado<\/strong> collaborare insieme sotto la supervisione del \u201cRic Corm\u00f2ns Aps\u201d.<\/p>\n<p> \tA coordinare il gruppo degli Animatori proveniente da entrambe le parrocchie, il parroco di Grado <strong>monsignor Paolo Nutarelli<\/strong> che, pi\u00f9 volte, ha ricordato sia ai ragazzi che alle famiglie che un campo estivo non \u00e8 la vita ma, se vissuto bene, pu\u00f2 orientare la vita.<\/p>\n<p> \t\u201cTra l\u2019emergenza Covid e altri imprevisti gestiti con professionalit\u00e0 dall\u2019Equipe Animatori &#8211; ha affermato don Nutarelli &#8211; i Campi sono stati\u00a0un\u2019occasione di crescita per i ragazzi che sperimentano, cos\u00ec, la vita comune e sono, quindi, una vera palestra per curare la propria interiorit\u00e0\u201d.<\/p>\n<p> \tQuest\u2019anno i Campi di Fusine si sono \u201ctrasformati\u201d nella scuola di Hogwarts e insieme a Harry Potter i ragazzi hanno potuto vivere una vera e propria avventura.<\/p>\n<p> \t\u201cFusine &#8211; ricorda il parroco di Grado &#8211; \u00e8 un\u2019esperienza di vita che sebbene condensata in pochi giorni diventa paradigma per la vita\u2026 qui si conosce, si sperimenta, ci si innamora, si litiga, si fa pace, si collabora, si dialoga e dialogando emergono i vissuti, qui puoi incontrare dentro il proprio cuore il Signore, motivatore per eccellenza di ogni vita\u201d.<\/p>\n<p> \t\u201cInsieme al parroco di Corm\u00f2ns, <strong>monsignor Stefano Goina<\/strong>, che ogni settimana \u00e8 venuto a trovare i ragazzi,\u00a0desidero ringraziare lo staff: quest\u2019anno &#8211; precisa monsignor Nutarelli &#8211; gli imprevisti sono stati tanti e ogni giorno aveva la sua incognita. Ma sappiamo che nelle difficolt\u00e0 emerge la bravura e la professionalit\u00e0 delle persone. Grazie ai genitori che hanno sposato il nostro progetto educativo: il Campo non \u00e8 semplice vacanza, \u00e8 \u201caltro\u201d\u2026 \u00e8 la famosa \u201cisola che non c\u2019\u00e8 e che per 7 giorni c\u2019\u00e8\u201d. Senza sinergia di intenti non si va da nessuna parte\u2026\u201d<\/p>\n<p> \tAi Campi hanno partecipato complessivamente 90 ragazzi (45 per Comunit\u00e0) accompagnati dagli animatori (suddivisi nei due campi, ndr): <strong>Luca Riz, Nicolas e Paride Solomita, Anastasia Di Carlo, Giovanni Teza, Emanuele Padovan, Manuele Lubiana, Mattia Zucco, Iris La Spada, Marta e Dorota Ventrella, Stefano Fontana, Luca e Claudio Gaddi, Marco Rivolt, Cristian Brumat, Raffaele Cosson, Matteo Marega, Vittorio Pagnutti, Sara Paselli, Arianna Piermattei, Elisa Petruz e Gabriele Scolaro<\/strong>.\u00a0<\/p>\n<p> \tIn cucina si sono alternati, nelle due settimane, <strong>Angela Finocchiaro, Massimo Barbisan, Maurizio La Spada e Alberto Assunti<\/strong> che volontariamente hanno coordinato il vitto dei campi.<\/p>\n<p> \tA conclusione dei campi \u00e8 riecheggiata la frase di Albus Silente: \u201cNon importa come sei nato, importa quello che diventi\u2026\u201d. La frase \u00e8 diventata l\u2019augurio che gli organizzatori di Fusine 2022 hanno fatto ai ragazzi ricordando l\u2019importanza di spendersi per gli altri perch\u00e9 fare volontariato, in qualsiasi forma, fa bene all\u2019anima ed al cuore.<\/p>\n<p> \t\u201cLa maturit\u00e0 &#8211; conclude don Paolo &#8211; non \u00e8 una questione anagrafica ma inizia a manifestarsi (anche in giovane et\u00e0) quando sentiamo che \u00e8 pi\u00f9 grande la nostra preoccupazione per gli altri che non per noi stessi ed \u00e8 solo cos\u00ec che il mondo cambia. In meglio\u201d.<\/p>\n<p> \t\u00a0<\/p>\n","protected":false},"excerpt":{"rendered":"<p>Conclusi i campi estivi<\/p>\n","protected":false},"author":28,"featured_media":44250,"comment_status":"closed","ping_status":"closed","sticky":false,"template":"","format":"standard","meta":{"dwc-title":[],"dwc-content":[],"footnotes":""},"categories":[5],"tags":[],"class_list":["post-44249","post","type-post","status-publish","format-standard","has-post-thumbnail","hentry","category-attualita"],"rttpg_featured_image_url":{"full":["https:\/\/imagazine.it\/wp-content\/uploads\/2024\/01\/48957-1.webp",1000,750,false],"landscape":["https:\/\/imagazine.it\/wp-content\/uploads\/2024\/01\/48957-1.webp",1000,750,false],"portraits":["https:\/\/imagazine.it\/wp-content\/uploads\/2024\/01\/48957-1.webp",1000,750,false],"thumbnail":["https:\/\/imagazine.it\/wp-content\/uploads\/2024\/01\/48957-1-150x150.webp",150,150,true],"medium":["https:\/\/imagazine.it\/wp-content\/uploads\/2024\/01\/48957-1-300x225.webp",300,225,true],"large":["https:\/\/imagazine.it\/wp-content\/uploads\/2024\/01\/48957-1.webp",640,480,false],"thumblist":["https:\/\/imagazine.it\/wp-content\/uploads\/2024\/01\/48957-1.webp",300,225,false],"thumbrelated":["https:\/\/imagazine.it\/wp-content\/uploads\/2024\/01\/48957-1.webp",500,375,false],"meccarouselthumb":["https:\/\/imagazine.it\/wp-content\/uploads\/2024\/01\/48957-1.webp",432,324,false],"gridsquare":["https:\/\/imagazine.it\/wp-content\/uploads\/2024\/01\/48957-1.webp",347,260,false],"tileview":["https:\/\/imagazine.it\/wp-content\/uploads\/2024\/01\/48957-1.webp",300,225,false],"1536x1536":["https:\/\/imagazine.it\/wp-content\/uploads\/2024\/01\/48957-1.webp",1000,750,false],"2048x2048":["https:\/\/imagazine.it\/wp-content\/uploads\/2024\/01\/48957-1.webp",1000,750,false],"newsup-slider-full":["https:\/\/imagazine.it\/wp-content\/uploads\/2024\/01\/48957-1-1000x720.webp",1000,720,true],"newsup-featured":["https:\/\/imagazine.it\/wp-content\/uploads\/2024\/01\/48957-1.webp",1000,750,false],"newsup-medium":["https:\/\/imagazine.it\/wp-content\/uploads\/2024\/01\/48957-1-720x380.webp",720,380,true],"tptn_thumbnail":["https:\/\/imagazine.it\/wp-content\/uploads\/2024\/01\/48957-1.webp",250,188,false],"sow-carousel-default":["https:\/\/imagazine.it\/wp-content\/uploads\/2024\/01\/48957-1-272x182.webp",272,182,true]},"rttpg_author":{"display_name":"redazione","author_link":"https:\/\/imagazine.it\/home_desk\/author\/redazione\/"},"rttpg_comment":0,"rttpg_category":"<a href=\"https:\/\/imagazine.it\/home_desk\/category\/attualita\/\" rel=\"category tag\">ATTUALIT\u00c0<\/a>","rttpg_excerpt":"Conclusi i campi estivi","_links":{"self":[{"href":"https:\/\/imagazine.it\/home_desk\/wp-json\/wp\/v2\/posts\/44249","targetHints":{"allow":["GET"]}}],"collection":[{"href":"https:\/\/imagazine.it\/home_desk\/wp-json\/wp\/v2\/posts"}],"about":[{"href":"https:\/\/imagazine.it\/home_desk\/wp-json\/wp\/v2\/types\/post"}],"author":[{"embeddable":true,"href":"https:\/\/imagazine.it\/home_desk\/wp-json\/wp\/v2\/users\/28"}],"replies":[{"embeddable":true,"href":"https:\/\/imagazine.it\/home_desk\/wp-json\/wp\/v2\/comments?post=44249"}],"version-history":[{"count":0,"href":"https:\/\/imagazine.it\/home_desk\/wp-json\/wp\/v2\/posts\/44249\/revisions"}],"wp:featuredmedia":[{"embeddable":true,"href":"https:\/\/imagazine.it\/home_desk\/wp-json\/wp\/v2\/media\/44250"}],"wp:attachment":[{"href":"https:\/\/imagazine.it\/home_desk\/wp-json\/wp\/v2\/media?parent=44249"}],"wp:term":[{"taxonomy":"category","embeddable":true,"href":"https:\/\/imagazine.it\/home_desk\/wp-json\/wp\/v2\/categories?post=44249"},{"taxonomy":"post_tag","embeddable":true,"href":"https:\/\/imagazine.it\/home_desk\/wp-json\/wp\/v2\/tags?post=44249"}],"curies":[{"name":"wp","href":"https:\/\/api.w.org\/{rel}","templated":true}]}}