{"id":44233,"date":"2022-07-25T00:00:00","date_gmt":"2022-07-24T23:00:00","guid":{"rendered":"https:\/\/imagazine.it\/?p=44233"},"modified":"2022-07-25T00:00:00","modified_gmt":"2022-07-24T23:00:00","slug":"la-comicita-di-ale-e-franz-in-scena-a-monfalcone","status":"publish","type":"post","link":"https:\/\/imagazine.it\/home_desk\/la-comicita-di-ale-e-franz-in-scena-a-monfalcone\/","title":{"rendered":"La comicit\u00e0 di Ale e Franz in scena a Monfalcone"},"content":{"rendered":"<p> \tLa data d\u2019inaugurazione della <strong>Stagione 2022-2023<\/strong> del <strong>Teatro Comunale di Monfalcone<\/strong> \u00e8 alle porte: a <strong>venerd\u00ec 21 ottobre <\/strong>\u00e8 fissata la<strong> ripartenza<\/strong>.<\/p>\n<p> \tLa Stagione 2022-2023 apre nel segno della musica sinfonica. \u00c8 la <strong>FVG Orchestra<\/strong>, diretta per l\u2019occasione da <strong>Massimo Quarta (direttore e violino solista)<\/strong> a dare il via venerd\u00ec 21 ottobre al cartellone musicale, curato dal M\u00b0 Federico Pupo. Il programma, dedicato a Niccol\u00f2 Paganini, si inserisce nelle celebrazioni dei 240 anni dalla nascita del grande virtuoso del violino e vede ospite il vincitore del prestigioso Premio Paganini di Genova del 1991.<\/p>\n<p> \tNel periodo natalizio verr\u00e0 ospitato il suggestivo concerto <strong><em>In musica e parole<\/em><\/strong> (venerd\u00ec 16 dicembre) durante il quale <strong>Red Canzian<\/strong> alterner\u00e0 brani entrati nella storia della musica leggera italiana a storie personali e foto d\u2019epoca.<\/p>\n<p> \tFra gli appuntamenti di <strong>\u201cControCanto\u201d<\/strong>, la rassegna dedicata alla musica contemporanea e ai diversi generi, spicca, venerd\u00ec 4 novembre<strong> <em>PigBand, dal \u201cPorcile\u201d all\u2019\u201cOrgia\u201d di Pier Paolo Pasolini (e molto altro)<\/em> <\/strong>con gli attori Anna Zago, Paolo Rozzi, la Lydian Sound Orchestra, Riccardo Brazzale alla direzione e Piergiorgio Piccoli alla regia. Un omaggio a Pier Paolo Pasolini: nel centenario della nascita, e ai temi ricorrenti nelle sue opere: diversit\u00e0, volont\u00e0 di scandalo e la forte opposizione all\u2019omologazione del pensiero e dei costumi.<\/p>\n<p> \tA impreziosire il cartellone di Prosa, curato assieme all\u2019Ente Regionale Teatrale del Friuli Venezia Giulia, ritorna sul palcoscenico del Comunale Jurij Ferrini, il 12 e 13 dicembre, con la regia di <strong><em>Sogno di una notte di mezza estate <\/em><\/strong>di <strong>William Shakespeare<\/strong> (traduzione di Antonio Mazzara, con adattamento a cura della compagnia). Un sogno dove l\u2019amore sconvolge il mondo. Un testo di giovani che parla ai giovani che oggi marciano per cercare di rimettere in equilibrio la natura.<\/p>\n<p> \tFra i classici spicca anche <strong><em>Tradimenti <\/em><\/strong>di <strong>Harold Pinter<\/strong>, regia di Michele Sinisi, con Stefano Braschi, Stefania Medri, Michele Sinisi, che sar\u00e0 in scena marted\u00ec 17 e mercoled\u00ec 18 gennaio. Le parole non dette, i pensieri taciuti, le azioni nascoste riempiono le vite dei personaggi di Pinter che, come tutti i grandi maestri, non ci parla solo di loro, ma soprattutto di noi.<\/p>\n<p> \tProprio questi due grandi classici sono gli appuntamenti a cavallo tra la Stagione di Prosa (in doppia replica) e la nuova rassegna collaterale dal titolo <strong>\u201cFuturaMente\u201d<\/strong>, composta da 7 appuntamenti e dedicata alle nuove generazioni, che spazia tra i diversi linguaggi del teatro: musica, danza, stand-up comedy, teatro di narrazione e drammaturgia contemporanea.<\/p>\n<p> \tGennaio (marted\u00ec 10 e mercoled\u00ec 11) vede anche lo scoppiettante arrivo, della migliore coppia comica in circolazione: <strong>Ale e Franz<\/strong> con <strong><em>Comincium!<\/em><\/strong> Lo spettacolo, formato da tre sketch lunghi, ma dai ritmi serratissimi, ci immerge nelle quotidiane contraddizioni della nostra societ\u00e0: \u201cRipartiamo da dove eravamo rimasti, ovvero dalla voglia di vedervi ridere\u201d.<\/p>\n<p> \tLa formazione e la fidelizzazione del pubblico, in special modo quello pi\u00f9 giovane, rimane una priorit\u00e0 per il Teatro Comunale che porta avanti con continuit\u00e0 <strong>&#8220;Dentro la scena\u201d<\/strong> il tradizionale progetto didattico di avvicinamento alla musica e al teatro riservato alle scuole, curato dall\u2019esperta in didattica musicale Sara Radin e dall\u2019attrice e formatrice teatrale Luisa Vermiglio. Sul finire della Stagione 2021-2022 si \u00e8 aggiunto <strong>\u201cDietro il sipario\u201d<\/strong> il nuovo progetto didattico che prevede cicli di visite guidate al Teatro in compagnia del M\u00b0 Federico Pupo, Direttore Artistico della Stagione Musicale. Torna anche il seguitissimo <strong>\u201cDietro le quinte\u201d<\/strong>: lo storico appuntamento serale di approfondimento dedicato al pubblico del Comunale si riprende il suo spazio, per dialogare di nuovo con i protagonisti di tutti gli appuntamenti in cartellone.<\/p>\n<p> \t\u00a0<\/p>\n","protected":false},"excerpt":{"rendered":"<p>Le anticipazioni della stagione teatrale<\/p>\n","protected":false},"author":28,"featured_media":44234,"comment_status":"closed","ping_status":"closed","sticky":false,"template":"","format":"standard","meta":{"dwc-title":[],"dwc-content":[],"footnotes":""},"categories":[37],"tags":[],"class_list":["post-44233","post","type-post","status-publish","format-standard","has-post-thumbnail","hentry","category-cultura-e-spettacolo"],"rttpg_featured_image_url":{"full":["https:\/\/imagazine.it\/wp-content\/uploads\/2024\/01\/48916-1.webp",1000,667,false],"landscape":["https:\/\/imagazine.it\/wp-content\/uploads\/2024\/01\/48916-1.webp",1000,667,false],"portraits":["https:\/\/imagazine.it\/wp-content\/uploads\/2024\/01\/48916-1.webp",1000,667,false],"thumbnail":["https:\/\/imagazine.it\/wp-content\/uploads\/2024\/01\/48916-1-150x150.webp",150,150,true],"medium":["https:\/\/imagazine.it\/wp-content\/uploads\/2024\/01\/48916-1-300x200.webp",300,200,true],"large":["https:\/\/imagazine.it\/wp-content\/uploads\/2024\/01\/48916-1.webp",640,427,false],"thumblist":["https:\/\/imagazine.it\/wp-content\/uploads\/2024\/01\/48916-1.webp",300,200,false],"thumbrelated":["https:\/\/imagazine.it\/wp-content\/uploads\/2024\/01\/48916-1.webp",500,334,false],"meccarouselthumb":["https:\/\/imagazine.it\/wp-content\/uploads\/2024\/01\/48916-1.webp",474,316,false],"gridsquare":["https:\/\/imagazine.it\/wp-content\/uploads\/2024\/01\/48916-1.webp",391,260,false],"tileview":["https:\/\/imagazine.it\/wp-content\/uploads\/2024\/01\/48916-1.webp",300,200,false],"1536x1536":["https:\/\/imagazine.it\/wp-content\/uploads\/2024\/01\/48916-1.webp",1000,667,false],"2048x2048":["https:\/\/imagazine.it\/wp-content\/uploads\/2024\/01\/48916-1.webp",1000,667,false],"newsup-slider-full":["https:\/\/imagazine.it\/wp-content\/uploads\/2024\/01\/48916-1.webp",1000,667,false],"newsup-featured":["https:\/\/imagazine.it\/wp-content\/uploads\/2024\/01\/48916-1.webp",1000,667,false],"newsup-medium":["https:\/\/imagazine.it\/wp-content\/uploads\/2024\/01\/48916-1-720x380.webp",720,380,true],"tptn_thumbnail":["https:\/\/imagazine.it\/wp-content\/uploads\/2024\/01\/48916-1.webp",250,167,false],"sow-carousel-default":["https:\/\/imagazine.it\/wp-content\/uploads\/2024\/01\/48916-1-272x182.webp",272,182,true]},"rttpg_author":{"display_name":"redazione","author_link":"https:\/\/imagazine.it\/home_desk\/author\/redazione\/"},"rttpg_comment":0,"rttpg_category":"<a href=\"https:\/\/imagazine.it\/home_desk\/category\/cultura-e-spettacolo\/\" rel=\"category tag\">CULTURA&amp;SPETTACOLO<\/a>","rttpg_excerpt":"Le anticipazioni della stagione teatrale","_links":{"self":[{"href":"https:\/\/imagazine.it\/home_desk\/wp-json\/wp\/v2\/posts\/44233","targetHints":{"allow":["GET"]}}],"collection":[{"href":"https:\/\/imagazine.it\/home_desk\/wp-json\/wp\/v2\/posts"}],"about":[{"href":"https:\/\/imagazine.it\/home_desk\/wp-json\/wp\/v2\/types\/post"}],"author":[{"embeddable":true,"href":"https:\/\/imagazine.it\/home_desk\/wp-json\/wp\/v2\/users\/28"}],"replies":[{"embeddable":true,"href":"https:\/\/imagazine.it\/home_desk\/wp-json\/wp\/v2\/comments?post=44233"}],"version-history":[{"count":0,"href":"https:\/\/imagazine.it\/home_desk\/wp-json\/wp\/v2\/posts\/44233\/revisions"}],"wp:featuredmedia":[{"embeddable":true,"href":"https:\/\/imagazine.it\/home_desk\/wp-json\/wp\/v2\/media\/44234"}],"wp:attachment":[{"href":"https:\/\/imagazine.it\/home_desk\/wp-json\/wp\/v2\/media?parent=44233"}],"wp:term":[{"taxonomy":"category","embeddable":true,"href":"https:\/\/imagazine.it\/home_desk\/wp-json\/wp\/v2\/categories?post=44233"},{"taxonomy":"post_tag","embeddable":true,"href":"https:\/\/imagazine.it\/home_desk\/wp-json\/wp\/v2\/tags?post=44233"}],"curies":[{"name":"wp","href":"https:\/\/api.w.org\/{rel}","templated":true}]}}